{"id":11706,"date":"2020-03-13T15:00:46","date_gmt":"2020-03-13T14:00:46","guid":{"rendered":"http:\/\/serveiseducatius.xtec.cat\/girones\/?p=11706"},"modified":"2020-04-20T15:53:39","modified_gmt":"2020-04-20T13:53:39","slug":"ajornament-de-la-formacio-del-professorat","status":"publish","type":"post","link":"https:\/\/serveiseducatius.xtec.cat\/girones\/not\/ajornament-de-la-formacio-del-professorat\/","title":{"rendered":"Servei educatiu tancat fins a nou av\u00eds"},"content":{"rendered":"<p><a href=\"https:\/\/serveiseducatius.xtec.cat\/girones\/wp-content\/uploads\/usu1154\/2020\/03\/coronavirus.png\"><img loading=\"lazy\" decoding=\"async\" class=\" wp-image-11703 aligncenter\" src=\"https:\/\/serveiseducatius.xtec.cat\/girones\/wp-content\/uploads\/usu1154\/2020\/03\/coronavirus.png\" alt=\"\" width=\"201\" height=\"169\" srcset=\"https:\/\/serveiseducatius.xtec.cat\/girones\/wp-content\/uploads\/usu1154\/2020\/03\/coronavirus.png 301w, https:\/\/serveiseducatius.xtec.cat\/girones\/wp-content\/uploads\/usu1154\/2020\/03\/coronavirus-300x250.png 300w\" sizes=\"auto, (max-width: 201px) 100vw, 201px\" \/><\/a>En el context de les decisions adoptades pels \u00f2rgans de govern del Pla d&#8217;actuaci\u00f3 del PROCICAT per a emerg\u00e8ncies associades a malalties transmissibles emergents amb potencial alt risc, activat en fase d&#8217;Emerg\u00e8ncia 1, i d\u2019acord amb la Resoluci\u00f3 SLT\/719\/2020, de 12 de mar\u00e7, per la qual s\u2019adopten mesures addicionals per a la prevenci\u00f3 i el control de la infecci\u00f3 pel SARS-CoV-2, en la que s\u2019estableix el <strong>tancament de tots els centres i serveis educatius<\/strong> del Servei d\u2019Educaci\u00f3 de Catalunya i l&#8217;<strong>ajornament de tota la formaci\u00f3, cursos, jornades, congressos, seminaris, simposis i altres activitats de formaci\u00f3 de car\u00e0cter presencial.<\/strong><\/p>\n<p style=\"text-align: justify;\"><strong>Podeu contactar per correu electr\u00f2nic amb els diferents equips dels servei educatiu.<\/strong><\/p>\n","protected":false},"excerpt":{"rendered":"<p>En el context de les decisions adoptades pels \u00f2rgans de govern del Pla d&#8217;actuaci\u00f3 del PROCICAT per a emerg\u00e8ncies associades a malalties transmissibles emergents amb potencial alt risc, activat en fase d&#8217;Emerg\u00e8ncia 1, i d\u2019acord amb la Resoluci\u00f3 SLT\/719\/2020, de 12 de mar\u00e7, per la qual s\u2019adopten mesures addicionals per a la prevenci\u00f3 i el [&hellip;]<\/p>\n","protected":false},"author":1,"featured_media":11703,"comment_status":"closed","ping_status":"closed","sticky":false,"template":"","format":"standard","meta":{"site-sidebar-layout":"default","site-content-layout":"","ast-site-content-layout":"","site-content-style":"default","site-sidebar-style":"default","ast-global-header-display":"","ast-banner-title-visibility":"","ast-main-header-display":"","ast-hfb-above-header-display":"","ast-hfb-below-header-display":"","ast-hfb-mobile-header-display":"","site-post-title":"","ast-breadcrumbs-content":"","ast-featured-img":"","footer-sml-layout":"","theme-transparent-header-meta":"","adv-header-id-meta":"","stick-header-meta":"","header-above-stick-meta":"","header-main-stick-meta":"","header-below-stick-meta":"","astra-migrate-meta-layouts":"default","ast-page-background-enabled":"default","ast-page-background-meta":{"desktop":{"background-color":"var(--ast-global-color-4)","background-image":"","background-repeat":"repeat","background-position":"center center","background-size":"auto","background-attachment":"scroll","background-type":"","background-media":"","overlay-type":"","overlay-color":"","overlay-opacity":"","overlay-gradient":""},"tablet":{"background-color":"","background-image":"","background-repeat":"repeat","background-position":"center center","background-size":"auto","background-attachment":"scroll","background-type":"","background-media":"","overlay-type":"","overlay-color":"","overlay-opacity":"","overlay-gradient":""},"mobile":{"background-color":"","background-image":"","background-repeat":"repeat","background-position":"center center","background-size":"auto","background-attachment":"scroll","background-type":"","background-media":"","overlay-type":"","overlay-color":"","overlay-opacity":"","overlay-gradient":""}},"ast-content-background-meta":{"desktop":{"background-color":"var(--ast-global-color-5)","background-image":"","background-repeat":"repeat","background-position":"center center","background-size":"auto","background-attachment":"scroll","background-type":"","background-media":"","overlay-type":"","overlay-color":"","overlay-opacity":"","overlay-gradient":""},"tablet":{"background-color":"var(--ast-global-color-5)","background-image":"","background-repeat":"repeat","background-position":"center center","background-size":"auto","background-attachment":"scroll","background-type":"","background-media":"","overlay-type":"","overlay-color":"","overlay-opacity":"","overlay-gradient":""},"mobile":{"background-color":"var(--ast-global-color-5)","background-image":"","background-repeat":"repeat","background-position":"center center","background-size":"auto","background-attachment":"scroll","background-type":"","background-media":"","overlay-type":"","overlay-color":"","overlay-opacity":"","overlay-gradient":""}},"footnotes":""},"categories":[292],"tags":[325],"class_list":["post-11706","post","type-post","status-publish","format-standard","has-post-thumbnail","hentry","category-not","tag-noticies"],"post_mailing_queue_ids":[],"_links":{"self":[{"href":"https:\/\/serveiseducatius.xtec.cat\/girones\/wp-json\/wp\/v2\/posts\/11706","targetHints":{"allow":["GET"]}}],"collection":[{"href":"https:\/\/serveiseducatius.xtec.cat\/girones\/wp-json\/wp\/v2\/posts"}],"about":[{"href":"https:\/\/serveiseducatius.xtec.cat\/girones\/wp-json\/wp\/v2\/types\/post"}],"author":[{"embeddable":true,"href":"https:\/\/serveiseducatius.xtec.cat\/girones\/wp-json\/wp\/v2\/users\/1"}],"replies":[{"embeddable":true,"href":"https:\/\/serveiseducatius.xtec.cat\/girones\/wp-json\/wp\/v2\/comments?post=11706"}],"version-history":[{"count":4,"href":"https:\/\/serveiseducatius.xtec.cat\/girones\/wp-json\/wp\/v2\/posts\/11706\/revisions"}],"predecessor-version":[{"id":11822,"href":"https:\/\/serveiseducatius.xtec.cat\/girones\/wp-json\/wp\/v2\/posts\/11706\/revisions\/11822"}],"wp:featuredmedia":[{"embeddable":true,"href":"https:\/\/serveiseducatius.xtec.cat\/girones\/wp-json\/wp\/v2\/media\/11703"}],"wp:attachment":[{"href":"https:\/\/serveiseducatius.xtec.cat\/girones\/wp-json\/wp\/v2\/media?parent=11706"}],"wp:term":[{"taxonomy":"category","embeddable":true,"href":"https:\/\/serveiseducatius.xtec.cat\/girones\/wp-json\/wp\/v2\/categories?post=11706"},{"taxonomy":"post_tag","embeddable":true,"href":"https:\/\/serveiseducatius.xtec.cat\/girones\/wp-json\/wp\/v2\/tags?post=11706"}],"curies":[{"name":"wp","href":"https:\/\/api.w.org\/{rel}","templated":true}]}}