{"id":374,"count":2,"description":"<p>L\u2019ELIC del Giron\u00e8s \u00e9s un equip d\u2019assessorament i orientaci\u00f3 en llengua,<a href=\"https:\/\/serveiseducatius.xtec.cat\/girona\/categoria\/lic\/\" target=\"_blank\" rel=\"noopener\"><img class=\"alignright\" src=\"https:\/\/serveiseducatius.xtec.cat\/girones\/wp-content\/uploads\/usu1154\/2022\/09\/LIC_Provincia.jpg\" alt=\"\" width=\"190\" height=\"103\" \/><\/a> interculturalitat i cohesi\u00f3 social que d\u00f3na suport al professorat dels centres de prim\u00e0ria i secund\u00e0ria en temes relacionats amb:<\/p>\r\n<ul>\r\n\t<li>l\u2019atenci\u00f3 a la diversitat relacionada amb l\u2019alumnat, especialment procedent de la immigraci\u00f3 i\/o amb l\u2019alumnat amb risc d\u2019exclusi\u00f3 social,<\/li>\r\n\t<li>en l\u2019elaboraci\u00f3 de projectes relacionats als centres atesos,<\/li>\r\n\t<li>en la dinamitzaci\u00f3 dels plans educatius d\u2019entorn (PEE),<\/li>\r\n\t<li>i en temes de did\u00e0ctica de la llengua (Programa d\u2019Immersi\u00f3 Ling\u00fc\u00edstica, Impuls a la Lectura, etc.)<\/li>\r\n<\/ul>\r\n<p>Els ELIC formen part dels Serveis Educatius de Zona (SEZ) conjuntament amb els centres de recursos pedag\u00f2gics (CRP) i els equips de d\u2019assessorament psicopedag\u00f2gic (EAP).<\/p>\r\n<h5>Destinataris<\/h5>\r\n<p>Els nostres destinataris s\u00f3n els centres educatius, els equips directius, el professorat dels centres de prim\u00e0ria i secund\u00e0ria. La coordinaci\u00f3 es sol efectuar amb els tutors\/es d\u2019aula d\u2019acollida i el CLIC. La formaci\u00f3 va dirigida a l\u2019equip docent.<\/p>\r\n<h5>Finalitat<\/h5>\r\n<ul>\r\n\t<li>Promoure la cohesi\u00f3 social mitjan\u00e7ant l\u2019\u00fas de la llengua catalana com a eix vertebrador i l\u2019educaci\u00f3 intercultural basada en la igualtat, la solidaritat i el respecte a la diversitat de cultures.<\/li>\r\n\t<li>Dinamitzar els programes d\u2019actualitzaci\u00f3 i\/o impuls que el Departament dissenyi en relaci\u00f3 a l\u2019aprenentatge de la llengua.<\/li>\r\n<\/ul>\r\n<h5>Objectius<\/h5>\r\n<ul>\r\n\t<li>Assessorar al professorat i als equips docents en la resposta educativa a l\u2019alumnat de cultures minorit\u00e0ries.<\/li>\r\n\t<li>Assessorar al professorat i als equips docents en temes de did\u00e0ctica de la llengua.<\/li>\r\n\t<li>Donar suport al professorat i equips docents en la millora de l\u2019atenci\u00f3 a la diversitat cultural i social i la inclusi\u00f3 de tot l\u2019alumnat.<\/li>\r\n\t<li>Col\u2022laborar amb altres agents socials i educatius de l\u2019entorn municipal o territorial per tal d\u2019oferir una atenci\u00f3 integrada i comunit\u00e0ria.<\/li>\r\n\t<li>Col\u2022laborar conjuntament amb el servei educatiu de zona per tal de promoure activitats d\u2019intercanvi i de formaci\u00f3 del professorat.<\/li>\r\n<\/ul>\r\n<h5>Funcions<\/h5>\r\n<h6>En l\u2019\u00e0mbit dels centres educatius<\/h6>\r\n<p>Assessorament, suport i orientaci\u00f3 en:<\/p>\r\n<ul>\r\n\t<li>Inclusi\u00f3 i atenci\u00f3 a la diversitat cultural i social<\/li>\r\n\t<li>Prevenci\u00f3 de situacions de risc<\/li>\r\n\t<li>Assessorament en did\u00e0ctica de la llengua:\r\n\r\n<ul>\r\n\t<li>Coneixement i l\u2019\u00fas de la llengua catalana en l\u2019alumnat nouvingut<\/li>\r\n\t<li>L\u00ednies d\u2019intervenci\u00f3 del Programa d\u2019Immersi\u00f3 Ling\u00fc\u00edstica<\/li>\r\n\t<li>Assessorament, orientaci\u00f3 i suport en centres ILEC<\/li>\r\n<\/ul>\r\n<\/li>\r\n\t<li>Interculturalitat, conviv\u00e8ncia i cohesi\u00f3 social<\/li>\r\n\t<li>Processos d\u2019aprenentatge: metodologies, recursos i pr\u00e0ctiques inclusives<\/li>\r\n\t<li>L\u2019organitzaci\u00f3 i els documents de l\u2019Aula d\u2019acollida\r\n\r\n<ul>\r\n\t<li>Suport en l\u2019elaboraci\u00f3 dels plans individualitzats per a l\u2019alumnat nouvingut<\/li>\r\n\t<li>Suport en l\u2019elaboraci\u00f3 del Projecte de l\u2019aula d\u2019Acollida<\/li>\r\n<\/ul>\r\n<\/li>\r\n\t<li>Coordinaci\u00f3 amb el CLIC de centre<\/li>\r\n\t<li>Assessorament en la redacci\u00f3 de documents: PLC, PAI, PLEC, Pla de Conviv\u00e8ncia.<\/li>\r\n<\/ul>\r\n<h6>En l\u2019\u00e0mbit de la zona<\/h6>\r\n<p>Assessorament, suport i coordinaci\u00f3 a la zona relacionat amb els plans educatius d\u2019entorn (PEE) en:<\/p>\r\n<ul>\r\n\t<li>Detecci\u00f3 de necessitats comunit\u00e0ries i establiment d\u2019objectius comuns<\/li>\r\n\t<li>Impuls a la creaci\u00f3, dinamitzaci\u00f3 i seguiment de les actuacions del PEE<\/li>\r\n\t<li>Planificaci\u00f3 de processos d\u2019aprenentatge comunitari<\/li>\r\n\t<li>Impuls o creaci\u00f3 de grups del treball o reflexi\u00f3 interprofessional<\/li>\r\n\t<li>Promoci\u00f3 de la representaci\u00f3 i la participaci\u00f3 de tota la comunitat educativa<\/li>\r\n\t<li>Impuls a la creaci\u00f3 de xarxes de centres<\/li>\r\n\t<li>Coordinaci\u00f3 de les accions relacionades amb els recursos socials o personals d\u2019altres administracions<\/li>\r\n\t<li>Col\u2022laboraci\u00f3 en alinear els objectius dels plans educatius d\u2019entorn amb els plans educatius de municipi i de centre<\/li>\r\n\t<li>Coordinaci\u00f3 del PEE amb altres projectes de la zona<\/li>\r\n<\/ul>","link":"https:\/\/serveiseducatius.xtec.cat\/girones\/categoria\/elic\/","name":"ELIC","slug":"elic","taxonomy":"category","parent":0,"meta":[],"_links":{"self":[{"href":"https:\/\/serveiseducatius.xtec.cat\/girones\/wp-json\/wp\/v2\/categories\/374","targetHints":{"allow":["GET"]}}],"collection":[{"href":"https:\/\/serveiseducatius.xtec.cat\/girones\/wp-json\/wp\/v2\/categories"}],"about":[{"href":"https:\/\/serveiseducatius.xtec.cat\/girones\/wp-json\/wp\/v2\/taxonomies\/category"}],"wp:post_type":[{"href":"https:\/\/serveiseducatius.xtec.cat\/girones\/wp-json\/wp\/v2\/posts?categories=374"}],"curies":[{"name":"wp","href":"https:\/\/api.w.org\/{rel}","templated":true}]}}