{"id":9243,"date":"2026-09-02T10:52:39","date_gmt":"2026-09-02T08:52:39","guid":{"rendered":"https:\/\/serveiseducatius.xtec.cat\/girona\/?p=9243"},"modified":"2026-09-02T11:01:27","modified_gmt":"2026-09-02T09:01:27","slug":"benvinguts-al-curs-2026-2027-%f0%9f%8c%8d","status":"publish","type":"post","link":"https:\/\/serveiseducatius.xtec.cat\/girona\/le\/benvinguts-al-curs-2026-2027-%f0%9f%8c%8d\/","title":{"rendered":"Benvinguts al curs 2026-2027! \ud83c\udf0d"},"content":{"rendered":"<p data-path-to-node=\"3\"><img decoding=\"async\" src=\"https:\/\/srpske.rs\/uploads\/articles\/school-supplies-cost-for-first-graders-16x9.webp\" alt=\"Equipping a First Grader: Cost by Item | Srpske Novine\" \/>Engeguem motors amb m\u00e9s energia i il\u00b7lusi\u00f3 que mai, conven\u00e7uts que l&#8217;<strong>obertura al m\u00f3n, el coneixement de noves lleng\u00fces i l&#8217;intercanvi cultural s\u00f3n pilars fonamentals per a l&#8217;\u00e8xit educatiu del nostre alumnat<\/strong>.<\/p>\n<p data-path-to-node=\"4\">Aquest curs no \u00e9s un curs qualsevol; \u00e9s un any on la feina ben feta dels centres d&#8217;arreu del territori est\u00e0 donant els seus fruits. Engeguem amb dades que ens omplen d&#8217;orgull i que consoliden les comarques gironines com un referent en l&#8217;obertura europea i global.<\/p>\n<p data-path-to-node=\"5\">Aqu\u00ed teniu algunes de les grans fites que marcaran aquest nou curs:<\/p>\n<h3 data-path-to-node=\"6\">\ud83d\udde3\ufe0f M\u00e9s auxiliars de conversa que mai<\/h3>\n<p data-path-to-node=\"7\">L&#8217;aprenentatge vivencial de les lleng\u00fces estrangeres dona un salt qualitatiu espectacular aquest any. Aquest curs comptarem amb <b data-path-to-node=\"7\" data-index-in-node=\"128\">la xifra m\u00e9s alta hist\u00f2rica d&#8217;auxiliars de conversa<\/b> als nostres centres educatius. Aquests i aquestes joves de tot el m\u00f3n aportaran dinamisme a les aules, refor\u00e7aran l&#8217;expressi\u00f3 oral de l&#8217;alumnat i aproparan les seves cultures a la nostra realitat di\u00e0ria.<\/p>\n<h3 data-path-to-node=\"8\">\ud83c\udf0d Creixement hist\u00f2ric dels projectes Erasmus+<\/h3>\n<p data-path-to-node=\"9\">La participaci\u00f3 de les escoles i instituts gironins en programes europeus amb un munt de<b data-path-to-node=\"9\" data-index-in-node=\"103\">\u00a0projectes Erasmus+ actius<\/b> al nostre territori. Desenes de docents i centenars d&#8217;alumnes gaudiran d&#8217;oportunitats de mobilitat, podran compartir pr\u00e0ctiques metodol\u00f2giques innovadores i viuran en primera persona els valors de la ciutadania europea.<\/p>\n<h3 data-path-to-node=\"10\">\ud83c\uddeb\ud83c\uddf7 El Batxibac pren impuls: Nova jornada acad\u00e8mica<\/h3>\n<p data-path-to-node=\"11\">El programa de la doble titulaci\u00f3 de batxillerat i <i data-path-to-node=\"11\" data-index-in-node=\"51\">baccalaur\u00e9at<\/i> continua consolidant-se com una opci\u00f3 d&#8217;excel\u00b7l\u00e8ncia i de connexi\u00f3 transfronterera. A m\u00e9s del seguiment habitual, estem treballant amb molta il\u00b7lusi\u00f3 en la preparaci\u00f3 d&#8217;una <b data-path-to-node=\"11\" data-index-in-node=\"237\">jornada acad\u00e8mica del Batxibac<\/b>, un espai de trobada, aprenentatge i reconeixement per a tot l&#8217;alumnat i professorat implicat en aquest curr\u00edculum mixt. Aviat us en donarem tots els detalls!<\/p>\n<h3 data-path-to-node=\"12\">\ud83d\udcda Un munt de formacions i activitats per al professorat<\/h3>\n<p data-path-to-node=\"13\">Sabem que liderar la internacionalitzaci\u00f3 d&#8217;un centre demana preparaci\u00f3, visi\u00f3 i acompanyament constant. Per aix\u00f2, hem preparat un <b data-path-to-node=\"13\" data-index-in-node=\"131\">ampli ventall de cursos de formaci\u00f3 i activitats<\/b> dissenyades espec\u00edficament per donar-vos suport: des de la gesti\u00f3 de projectes europeus i plataformes com eTwinning, fins a metodologies per al foment del pluriling\u00fcisme (Vegeu not\u00edcia sobre formacions de 1r torn).<\/p>\n<p data-path-to-node=\"15\">Des dels Serveis Territorials estem a la vostra plena disposici\u00f3 per acompanyar-vos, assessorar-vos i resoldre qualsevol dubte que pugui sorgir al llarg dels propers mesos. Us animem a aprofitar tots aquests recursos i a continuar teixint xarxes educatives m\u00e9s enll\u00e0 de les nostres fronteres.<\/p>\n<p data-path-to-node=\"16\">Que tinguem un curs ple de nous aprenentatges, viatges i \u00e8xits compartits!<\/p>\n<p data-path-to-node=\"17\"><b data-path-to-node=\"17\" data-index-in-node=\"0\">Bona tornada a les aules!<\/b><\/p>\n","protected":false},"excerpt":{"rendered":"<p>Engeguem motors amb m\u00e9s energia i il\u00b7lusi\u00f3 que mai, conven\u00e7uts que l&#8217;obertura al m\u00f3n, el coneixement de noves lleng\u00fces i l&#8217;intercanvi cultural s\u00f3n pilars fonamentals per a l&#8217;\u00e8xit educatiu del nostre alumnat.<br \/>\nAquest curs no \u00e9s un curs qualsevol; \u00e9s un any on la feina ben&hellip;  <a href=\"https:\/\/serveiseducatius.xtec.cat\/girona\/le\/benvinguts-al-curs-2026-2027-%f0%9f%8c%8d\/\" title=\"Read Benvinguts al curs 2026-2027! \ud83c\udf0d\">Llegeix m\u00e9s\u00bb<\/a><\/p>\n","protected":false},"author":15,"featured_media":9246,"comment_status":"closed","ping_status":"open","sticky":false,"template":"","format":"standard","meta":{"_bbp_topic_count":0,"_bbp_reply_count":0,"_bbp_total_topic_count":0,"_bbp_total_reply_count":0,"_bbp_voice_count":0,"_bbp_anonymous_reply_count":0,"_bbp_topic_count_hidden":0,"_bbp_reply_count_hidden":0,"_bbp_forum_subforum_count":0,"footnotes":""},"categories":[289],"tags":[],"class_list":["post-9243","post","type-post","status-publish","format-standard","has-post-thumbnail","hentry","category-le"],"post_mailing_queue_ids":[],"_links":{"self":[{"href":"https:\/\/serveiseducatius.xtec.cat\/girona\/wp-json\/wp\/v2\/posts\/9243","targetHints":{"allow":["GET"]}}],"collection":[{"href":"https:\/\/serveiseducatius.xtec.cat\/girona\/wp-json\/wp\/v2\/posts"}],"about":[{"href":"https:\/\/serveiseducatius.xtec.cat\/girona\/wp-json\/wp\/v2\/types\/post"}],"author":[{"embeddable":true,"href":"https:\/\/serveiseducatius.xtec.cat\/girona\/wp-json\/wp\/v2\/users\/15"}],"replies":[{"embeddable":true,"href":"https:\/\/serveiseducatius.xtec.cat\/girona\/wp-json\/wp\/v2\/comments?post=9243"}],"version-history":[{"count":3,"href":"https:\/\/serveiseducatius.xtec.cat\/girona\/wp-json\/wp\/v2\/posts\/9243\/revisions"}],"predecessor-version":[{"id":9250,"href":"https:\/\/serveiseducatius.xtec.cat\/girona\/wp-json\/wp\/v2\/posts\/9243\/revisions\/9250"}],"wp:featuredmedia":[{"embeddable":true,"href":"https:\/\/serveiseducatius.xtec.cat\/girona\/wp-json\/wp\/v2\/media\/9246"}],"wp:attachment":[{"href":"https:\/\/serveiseducatius.xtec.cat\/girona\/wp-json\/wp\/v2\/media?parent=9243"}],"wp:term":[{"taxonomy":"category","embeddable":true,"href":"https:\/\/serveiseducatius.xtec.cat\/girona\/wp-json\/wp\/v2\/categories?post=9243"},{"taxonomy":"post_tag","embeddable":true,"href":"https:\/\/serveiseducatius.xtec.cat\/girona\/wp-json\/wp\/v2\/tags?post=9243"}],"curies":[{"name":"wp","href":"https:\/\/api.w.org\/{rel}","templated":true}]}}