{"id":9150,"date":"2026-03-31T14:39:41","date_gmt":"2026-03-31T12:39:41","guid":{"rendered":"https:\/\/serveiseducatius.xtec.cat\/girona\/?p=9150"},"modified":"2026-03-31T14:40:14","modified_gmt":"2026-03-31T12:40:14","slug":"taller-de-novella-grafica-erasmus-crida-a-participants","status":"publish","type":"post","link":"https:\/\/serveiseducatius.xtec.cat\/girona\/le\/taller-de-novella-grafica-erasmus-crida-a-participants\/","title":{"rendered":"Taller de novel\u00b7la gr\u00e0fica ERASMUS+ &#8211; Crida a participants"},"content":{"rendered":"<ul style=\"list-style-type: square;\">\n<li><a href=\"https:\/\/serveiseducatius.xtec.cat\/girona\/wp-content\/uploads\/usu2520\/2026\/03\/banner_novela_grafica.png\"><img loading=\"lazy\" decoding=\"async\" class=\"alignleft wp-image-9151\" src=\"https:\/\/serveiseducatius.xtec.cat\/girona\/wp-content\/uploads\/usu2520\/2026\/03\/banner_novela_grafica.png\" alt=\"\" width=\"741\" height=\"77\" srcset=\"https:\/\/serveiseducatius.xtec.cat\/girona\/wp-content\/uploads\/usu2520\/2026\/03\/banner_novela_grafica.png 800w, https:\/\/serveiseducatius.xtec.cat\/girona\/wp-content\/uploads\/usu2520\/2026\/03\/banner_novela_grafica-300x31.png 300w, https:\/\/serveiseducatius.xtec.cat\/girona\/wp-content\/uploads\/usu2520\/2026\/03\/banner_novela_grafica-768x80.png 768w\" sizes=\"auto, (max-width: 741px) 100vw, 741px\" \/><\/a>SEPIE organitza juntament amb les Ag\u00e8ncies Nacionals Erasmus+ d&#8217;Eslov\u00e0quia (SK01), Gr\u00e8cia (EL01), S\u00e8rbia (RS01), Alemanya (DE01) i It\u00e0lia (IT02) el primer <strong>taller europeu per a realitzar una novel\u00b7la gr\u00e0fica sobre Erasmus+ i els valors de la Uni\u00f3 Europea.\u00a0<\/strong>\n<p>Durant els dies <strong>8-10 de maig i 22-28 de juny es realitzaran dues mobilitats<\/strong> a algun dels pa\u00efsos involucrats amb tots els participants seleccionats per a dissenyar i realitzar la novel\u00b7la gr\u00e0fica.<\/p>\n<p>Les<strong> despeses de despla\u00e7ament, manutenci\u00f3 i viatge seran coberts per l&#8217;organitzaci\u00f3<\/strong>, per la qual cosa nom\u00e9s t&#8217;has de preocupar de portar tot el teu talent i idees.<\/p>\n<p><strong>Objectius<\/strong><\/li>\n<li>Produir una novel\u00b7la gr\u00e0fica visualment atractiva creada per joves artistes europeus, amb la finalitat de comunicar els valors europeus.<\/li>\n<li>Activar als joves en la presa de decisions democr\u00e0tiques i la participaci\u00f3 c\u00edvica, fomentant el pensament cr\u00edtic i les presentacions realistes dels reptes socials contemporanis.<\/li>\n<\/ul>\n<p><strong>Participants<\/strong><br \/>\nCada Ag\u00e8ncia Nacional Erasmus+ triar\u00e0 a <strong>2 participants<\/strong> amb aquests requisits:<\/p>\n<ul>\n<li>Majors de 18 anys.<\/li>\n<li>Matriculats en un programa d&#8217;especialitzaci\u00f3 art\u00edstica o creativa del nivell postsecund\u00e0ria.<\/li>\n<li>Alumnes matriculats en una especialitzaci\u00f3 art\u00edstica o creativa del nivell d&#8217;Educaci\u00f3 Superior d&#8217;una instituci\u00f3 amb programa Erasmus+.<\/li>\n<li>Nivell B2 d&#8217;angl\u00e8s.<\/li>\n<\/ul>\n<p><strong>Disponibilitat per a mobilitat:<\/strong><\/p>\n<ul style=\"list-style-type: disc;\">\n<li>Reuni\u00f3 inicial: 8-10 de maig de 2026.<\/li>\n<li>Resid\u00e8ncia art\u00edstica: 22-28 de juny de 2026.<\/li>\n<\/ul>\n<p><strong>Proc\u00e9s de selecci\u00f3<\/strong><br \/>\nSEPIE ser\u00e0 responsable de seleccionar a dos participants amb passaport espanyol o residents a l&#8217;Estat espanyol.<\/p>\n<p><strong>Criteris de selecci\u00f3:<\/strong><\/p>\n<ul style=\"list-style-type: disc;\">\n<li>nivell s\u00f2lid de compet\u00e8ncia t\u00e8cnica i narrativa entre els participants;<\/li>\n<li>compet\u00e8ncia per a desenvolupar narratives completes en format c\u00f2mic professional;<\/li>\n<li>alineaci\u00f3 amb el marc tem\u00e0tic del projecte;<\/li>\n<li>motivaci\u00f3, comprom\u00eds i disposici\u00f3 per a la col\u00b7laboraci\u00f3 internacional;<\/li>\n<li>disponibilitat en les dates per a les activitats de mobilitat:<br \/>\nReuni\u00f3 inicial: 8-10 de maig de 2026.<br \/>\nResid\u00e8ncia art\u00edstica: 22-28 de juny de 2026.<\/li>\n<\/ul>\n<p><strong>Selecci\u00f3 de participants<\/strong><br \/>\nPer a seleccionar als millors candidats\/as, el\u00a0SEPIE\u00a0sol\u00b7licitar\u00e0 que li remetin:<\/p>\n<ol>\n<li>Un portfolio que contingui:<br \/>\nM\u00ednim 5 p\u00e0gines de c\u00f2mic completes (no s&#8217;accepten il\u00b7lustracions soltes, esbossos ni estudis).<br \/>\nLes p\u00e0gines han d&#8217;estar en format definitiu.<br \/>\nLes p\u00e0gines han d&#8217;incloure entrepans, text i lletres.<\/li>\n<li>Una hist\u00f2ria de c\u00f2mic:<br \/>\n8-12 p\u00e0gines.<br \/>\nHist\u00f2ria fict\u00edcia o basada en fets reals.<br \/>\nLongitud m\u00e0xima: 1.500 car\u00e0cters (inclosos els espais)<\/li>\n<li>Carta de motivaci\u00f3:<br \/>\nOn expliqui l&#8217;inter\u00e8s del sol\u00b7licitant a participar i com s&#8217;identifica amb els valors i la missi\u00f3 de\u00a0LTA\u00a0PEACE+.<br \/>\nQue desenvolupi les seves habilitats de col\u00b7laboraci\u00f3.<br \/>\nQue demostri la seva disposici\u00f3 i capacitat per a treballar en grup i en un entorn internacional.<\/li>\n<\/ol>\n<p><strong>Enviament de sol\u00b7licituds<\/strong><br \/>\nEnvia un correu electr\u00f2nic a l&#8217;adre\u00e7a : <a href=\"mailto:comunicacion@erasmusplus.gob.es\"><strong>comunicacion@erasmusplus.gob.es<\/strong><\/a> amb l&#8217;assumpte: \u201cNOVELA GR\u00c1FICA\u201d.<\/p>\n<p style=\"padding-left: 40px;\">En el correu indica el teu nom complet, DNI, tel\u00e8fon, adre\u00e7a, C.P., centro en el que est\u00e0s estudiant i nom del coordinador del projecte Erasmus+ del teu centre (pot ser el representant legal o persona de contacte).<\/p>\n<p style=\"padding-left: 40px;\">Inclou en el correu::<br \/>\nUn enlla\u00e7 a un\u00a0drive, n\u00favol o similar habilitant els accessos per a la seva consulta.<br \/>\nInclou una carpeta amb el\u00a0porfolio, una altra amb la hist\u00f2ria de c\u00f2mic i la carta de motivaci\u00f3.<\/p>\n<p><strong>Terminis<\/strong><br \/>\nTermini enviament del correu amb el material: <strong>13 d&#8217;abril 2026.<\/strong><br \/>\nPublicaci\u00f3 de seleccionats: 16 d&#8217;abril 2026.<\/p>\n","protected":false},"excerpt":{"rendered":"<ul style=\"list-style-type: square;\">\n<li><a href=\"https:\/\/serveiseducatius.xtec.cat\/girona\/wp-content\/uploads\/usu2520\/2026\/03\/banner_novela_grafica.png\"><\/a>SEPIE organitza juntament amb les Ag\u00e8ncies Nacionals Erasmus+ d&#8217;Eslov\u00e0quia (SK01), Gr\u00e8cia (EL01), S\u00e8rbia (RS01), Alemanya (DE01) i It\u00e0lia (IT02) el primer taller europeu per a realitzar una novel\u00b7la gr\u00e0fica sobre Erasmus+ i els valors de la Uni\u00f3 Europea.\u00a0<br \/>\nDurant els dies 8-10 de&hellip;  <a href=\"https:\/\/serveiseducatius.xtec.cat\/girona\/le\/taller-de-novella-grafica-erasmus-crida-a-participants\/\" title=\"Read Taller de novel\u00b7la gr\u00e0fica ERASMUS+ &#8211; Crida a participants\">Llegeix m\u00e9s\u00bb<\/a><\/p>\n","protected":false},"author":15,"featured_media":9151,"comment_status":"closed","ping_status":"open","sticky":false,"template":"","format":"standard","meta":{"_bbp_topic_count":0,"_bbp_reply_count":0,"_bbp_total_topic_count":0,"_bbp_total_reply_count":0,"_bbp_voice_count":0,"_bbp_anonymous_reply_count":0,"_bbp_topic_count_hidden":0,"_bbp_reply_count_hidden":0,"_bbp_forum_subforum_count":0,"footnotes":""},"categories":[300,289],"tags":[],"class_list":["post-9150","post","type-post","status-publish","format-standard","has-post-thumbnail","hentry","category-full-de-noticies","category-le"],"post_mailing_queue_ids":[],"_links":{"self":[{"href":"https:\/\/serveiseducatius.xtec.cat\/girona\/wp-json\/wp\/v2\/posts\/9150","targetHints":{"allow":["GET"]}}],"collection":[{"href":"https:\/\/serveiseducatius.xtec.cat\/girona\/wp-json\/wp\/v2\/posts"}],"about":[{"href":"https:\/\/serveiseducatius.xtec.cat\/girona\/wp-json\/wp\/v2\/types\/post"}],"author":[{"embeddable":true,"href":"https:\/\/serveiseducatius.xtec.cat\/girona\/wp-json\/wp\/v2\/users\/15"}],"replies":[{"embeddable":true,"href":"https:\/\/serveiseducatius.xtec.cat\/girona\/wp-json\/wp\/v2\/comments?post=9150"}],"version-history":[{"count":3,"href":"https:\/\/serveiseducatius.xtec.cat\/girona\/wp-json\/wp\/v2\/posts\/9150\/revisions"}],"predecessor-version":[{"id":9154,"href":"https:\/\/serveiseducatius.xtec.cat\/girona\/wp-json\/wp\/v2\/posts\/9150\/revisions\/9154"}],"wp:featuredmedia":[{"embeddable":true,"href":"https:\/\/serveiseducatius.xtec.cat\/girona\/wp-json\/wp\/v2\/media\/9151"}],"wp:attachment":[{"href":"https:\/\/serveiseducatius.xtec.cat\/girona\/wp-json\/wp\/v2\/media?parent=9150"}],"wp:term":[{"taxonomy":"category","embeddable":true,"href":"https:\/\/serveiseducatius.xtec.cat\/girona\/wp-json\/wp\/v2\/categories?post=9150"},{"taxonomy":"post_tag","embeddable":true,"href":"https:\/\/serveiseducatius.xtec.cat\/girona\/wp-json\/wp\/v2\/tags?post=9150"}],"curies":[{"name":"wp","href":"https:\/\/api.w.org\/{rel}","templated":true}]}}