{"id":9009,"date":"2025-12-15T10:42:20","date_gmt":"2025-12-15T09:42:20","guid":{"rendered":"https:\/\/serveiseducatius.xtec.cat\/girona\/?p=9009"},"modified":"2025-12-15T11:35:19","modified_gmt":"2025-12-15T10:35:19","slug":"reconeixement-innovacio-erasmus-resolucio-provisional","status":"publish","type":"post","link":"https:\/\/serveiseducatius.xtec.cat\/girona\/le\/reconeixement-innovacio-erasmus-resolucio-provisional\/","title":{"rendered":"Reconeixement innovaci\u00f3 Erasmus+ &#8211; Resoluci\u00f3 provisional"},"content":{"rendered":"<p><a href=\"https:\/\/serveiseducatius.xtec.cat\/girona\/wp-content\/uploads\/usu2520\/2025\/09\/200.gif\"><img loading=\"lazy\" decoding=\"async\" class=\"wp-image-8838 alignleft\" src=\"https:\/\/serveiseducatius.xtec.cat\/girona\/wp-content\/uploads\/usu2520\/2025\/09\/200.gif\" alt=\"\" width=\"100\" height=\"100\" \/><\/a><\/p>\n<p>A data, 11 de desembre, s\u2019ha publicat la\u00a0<a href=\"https:\/\/documents.espai.educacio.gencat.cat\/IPCNormativa\/DisposicionsInternes\/20251211_Resolucio_Erasmus_avaluacio_positiva.pdf\" target=\"_blank\" rel=\"noopener\"><strong>Resoluci\u00f3 per la qual es fa p\u00fablica la llista provisional del professorat amb projectes d\u2019innovaci\u00f3 pedag\u00f2gica Erasmus+ reconeguts amb dret a certificaci\u00f3.<\/strong><\/a><\/p>\n<p>El professorat afectat pot presentar les reclamacions que consideri oportunes\u00a0 per eValisa tal com est\u00e0 indicat dins l\u2019apartat\u00a0<a href=\"https:\/\/espai.educacio.gencat.cat\/Centres\/Projectes-educatius\/Erasmus\/Reconeixement_innova\/erasmusplus\/Pagines\/default.aspx#!#h27\" target=\"_blank\" rel=\"noopener\">Tramesa de documentaci\u00f3\u200b<\/a>.<\/p>\n<p>Termini per presentar reclamacions:\u00a0<strong>28 de gener de 2026<\/strong>.<\/p>\n<p>Podeu trobar tota la informaci\u00f3 en el\u00a0<a href=\"https:\/\/espai.educacio.gencat.cat\/Centres\/Projectes-educatius\/Erasmus\/Reconeixement_innova\/Pagines\/default.aspx\" target=\"_blank\" rel=\"noopener\">portal de centres.<\/a><\/p>\n","protected":false},"excerpt":{"rendered":"<p><a href=\"https:\/\/serveiseducatius.xtec.cat\/girona\/wp-content\/uploads\/usu2520\/2025\/09\/200.gif\"><\/a><br \/>\nA data, 11 de desembre, s\u2019ha publicat la\u00a0<a href=\"https:\/\/documents.espai.educacio.gencat.cat\/IPCNormativa\/DisposicionsInternes\/20251211_Resolucio_Erasmus_avaluacio_positiva.pdf\" target=\"_blank\" rel=\"noopener\">Resoluci\u00f3 per la qual es fa p\u00fablica la llista provisional del professorat amb projectes d\u2019innovaci\u00f3 pedag\u00f2gica Erasmus+ reconeguts amb dret a certificaci\u00f3.<\/a><br \/>\nEl professorat afectat pot presentar les reclamacions que consideri oportunes\u00a0 per eValisa tal&hellip;  <a href=\"https:\/\/serveiseducatius.xtec.cat\/girona\/le\/reconeixement-innovacio-erasmus-resolucio-provisional\/\" title=\"Read Reconeixement innovaci\u00f3 Erasmus+ &#8211; Resoluci\u00f3 provisional\">Llegeix m\u00e9s\u00bb<\/a><\/p>\n","protected":false},"author":15,"featured_media":9011,"comment_status":"closed","ping_status":"open","sticky":false,"template":"","format":"standard","meta":{"_bbp_topic_count":0,"_bbp_reply_count":0,"_bbp_total_topic_count":0,"_bbp_total_reply_count":0,"_bbp_voice_count":0,"_bbp_anonymous_reply_count":0,"_bbp_topic_count_hidden":0,"_bbp_reply_count_hidden":0,"_bbp_forum_subforum_count":0,"footnotes":""},"categories":[289],"tags":[],"class_list":["post-9009","post","type-post","status-publish","format-standard","has-post-thumbnail","hentry","category-le"],"post_mailing_queue_ids":[],"_links":{"self":[{"href":"https:\/\/serveiseducatius.xtec.cat\/girona\/wp-json\/wp\/v2\/posts\/9009","targetHints":{"allow":["GET"]}}],"collection":[{"href":"https:\/\/serveiseducatius.xtec.cat\/girona\/wp-json\/wp\/v2\/posts"}],"about":[{"href":"https:\/\/serveiseducatius.xtec.cat\/girona\/wp-json\/wp\/v2\/types\/post"}],"author":[{"embeddable":true,"href":"https:\/\/serveiseducatius.xtec.cat\/girona\/wp-json\/wp\/v2\/users\/15"}],"replies":[{"embeddable":true,"href":"https:\/\/serveiseducatius.xtec.cat\/girona\/wp-json\/wp\/v2\/comments?post=9009"}],"version-history":[{"count":2,"href":"https:\/\/serveiseducatius.xtec.cat\/girona\/wp-json\/wp\/v2\/posts\/9009\/revisions"}],"predecessor-version":[{"id":9016,"href":"https:\/\/serveiseducatius.xtec.cat\/girona\/wp-json\/wp\/v2\/posts\/9009\/revisions\/9016"}],"wp:featuredmedia":[{"embeddable":true,"href":"https:\/\/serveiseducatius.xtec.cat\/girona\/wp-json\/wp\/v2\/media\/9011"}],"wp:attachment":[{"href":"https:\/\/serveiseducatius.xtec.cat\/girona\/wp-json\/wp\/v2\/media?parent=9009"}],"wp:term":[{"taxonomy":"category","embeddable":true,"href":"https:\/\/serveiseducatius.xtec.cat\/girona\/wp-json\/wp\/v2\/categories?post=9009"},{"taxonomy":"post_tag","embeddable":true,"href":"https:\/\/serveiseducatius.xtec.cat\/girona\/wp-json\/wp\/v2\/tags?post=9009"}],"curies":[{"name":"wp","href":"https:\/\/api.w.org\/{rel}","templated":true}]}}