{"id":8984,"date":"2025-11-26T11:31:09","date_gmt":"2025-11-26T10:31:09","guid":{"rendered":"https:\/\/serveiseducatius.xtec.cat\/girona\/?p=8984"},"modified":"2026-03-10T11:37:12","modified_gmt":"2026-03-10T10:37:12","slug":"proff-365-la-formacio-en-arts-esceniques-que-esperavem","status":"publish","type":"post","link":"https:\/\/serveiseducatius.xtec.cat\/girona\/arts-educacio\/proff-365-la-formacio-en-arts-esceniques-que-esperavem\/","title":{"rendered":"Proff 365: La Formaci\u00f3 en Arts Esc\u00e8niques que esper\u00e0vem"},"content":{"rendered":"<p><img loading=\"lazy\" decoding=\"async\" class=\"alignnone wp-image-8986\" src=\"https:\/\/serveiseducatius.xtec.cat\/girona\/wp-content\/uploads\/usu2520\/2025\/11\/retall-1-1024x617.png\" alt=\"\" width=\"594\" height=\"358\" srcset=\"https:\/\/serveiseducatius.xtec.cat\/girona\/wp-content\/uploads\/usu2520\/2025\/11\/retall-1-1024x617.png 1024w, https:\/\/serveiseducatius.xtec.cat\/girona\/wp-content\/uploads\/usu2520\/2025\/11\/retall-1-300x181.png 300w, https:\/\/serveiseducatius.xtec.cat\/girona\/wp-content\/uploads\/usu2520\/2025\/11\/retall-1-768x463.png 768w, https:\/\/serveiseducatius.xtec.cat\/girona\/wp-content\/uploads\/usu2520\/2025\/11\/retall-1.png 1274w\" sizes=\"auto, (max-width: 594px) 100vw, 594px\" \/><\/p>\n<p><strong>Places completes: formaci\u00f3 PROFF365 d&#8217;Arts Esc\u00e8niques<\/strong><\/p>\n<p>La formaci\u00f3 consta de tres sessions formatives i es complementar\u00e0 amb l\u2019assist\u00e8ncia a cinc espectacles al Teatre Principal d\u2019Olot amb una xerrada o activitat abans i despr\u00e9s de cada funci\u00f3.<br \/>\nS\u2019oferiran recursos i claus per poder utilitzar les arts esc\u00e8niques com a eina d\u2019aprenentatge i treure el m\u00e0xim profit de les propostes esc\u00e8niques que es vegin amb els i les alumnes, expandint el significat abans i despr\u00e8s de les funcions.<\/p>\n<p>3 sessions te\u00f2rico-pr\u00e0ctiques de la m\u00e0 d&#8217;experts artistes, gestors i investigadors i 5 funcions al Teatre Principal d&#8217;Olot, seleccionades per la seva diversitat.<\/p>\n<p>32 hores acreditades pel Departament d&#8217;Educaci\u00f3.<\/p>\n<p><img decoding=\"async\" class=\"details-image\" src=\"https:\/\/serveiseducatius.xtec.cat\/girona\/wp-content\/uploads\/usu2520\/2026\/03\/Proff-Programa-1.jpg\" alt=\"\" \/><\/p>\n<p><strong>Inscripcions:\u00a0<\/strong><a href=\"https:\/\/aplicacions.gestioeducativa.gencat.cat\/ords\/pls\/soloas\/inscripcionsnp?codi=5040861504&amp;curs=2025-2026\">https:\/\/aplicacions.gestioeducativa.gencat.cat\/ords\/pls\/soloas\/inscripcionsnp?codi=5040861504&amp;curs=2025-2026<\/a><\/p>\n<p>&nbsp;<\/p>\n","protected":false},"excerpt":{"rendered":"<p>Places completes: formaci\u00f3 PROFF365 d&#8217;Arts Esc\u00e8niques<br \/>\nLa formaci\u00f3 consta de tres sessions formatives i es complementar\u00e0 amb l\u2019assist\u00e8ncia a cinc espectacles al Teatre Principal d\u2019Olot amb una xerrada o activitat abans i despr\u00e9s de cada funci\u00f3.<br \/>\nS\u2019oferiran recursos i claus per poder utilitzar les arts esc\u00e8niques com&hellip;  <a href=\"https:\/\/serveiseducatius.xtec.cat\/girona\/arts-educacio\/proff-365-la-formacio-en-arts-esceniques-que-esperavem\/\" title=\"Read Proff 365: La Formaci\u00f3 en Arts Esc\u00e8niques que esper\u00e0vem\">Llegeix m\u00e9s\u00bb<\/a><\/p>\n","protected":false},"author":14,"featured_media":8986,"comment_status":"closed","ping_status":"open","sticky":false,"template":"","format":"standard","meta":{"_bbp_topic_count":0,"_bbp_reply_count":0,"_bbp_total_topic_count":0,"_bbp_total_reply_count":0,"_bbp_voice_count":0,"_bbp_anonymous_reply_count":0,"_bbp_topic_count_hidden":0,"_bbp_reply_count_hidden":0,"_bbp_forum_subforum_count":0,"footnotes":""},"categories":[298],"tags":[],"class_list":["post-8984","post","type-post","status-publish","format-standard","has-post-thumbnail","hentry","category-arts-educacio"],"post_mailing_queue_ids":[],"_links":{"self":[{"href":"https:\/\/serveiseducatius.xtec.cat\/girona\/wp-json\/wp\/v2\/posts\/8984","targetHints":{"allow":["GET"]}}],"collection":[{"href":"https:\/\/serveiseducatius.xtec.cat\/girona\/wp-json\/wp\/v2\/posts"}],"about":[{"href":"https:\/\/serveiseducatius.xtec.cat\/girona\/wp-json\/wp\/v2\/types\/post"}],"author":[{"embeddable":true,"href":"https:\/\/serveiseducatius.xtec.cat\/girona\/wp-json\/wp\/v2\/users\/14"}],"replies":[{"embeddable":true,"href":"https:\/\/serveiseducatius.xtec.cat\/girona\/wp-json\/wp\/v2\/comments?post=8984"}],"version-history":[{"count":6,"href":"https:\/\/serveiseducatius.xtec.cat\/girona\/wp-json\/wp\/v2\/posts\/8984\/revisions"}],"predecessor-version":[{"id":9045,"href":"https:\/\/serveiseducatius.xtec.cat\/girona\/wp-json\/wp\/v2\/posts\/8984\/revisions\/9045"}],"wp:featuredmedia":[{"embeddable":true,"href":"https:\/\/serveiseducatius.xtec.cat\/girona\/wp-json\/wp\/v2\/media\/8986"}],"wp:attachment":[{"href":"https:\/\/serveiseducatius.xtec.cat\/girona\/wp-json\/wp\/v2\/media?parent=8984"}],"wp:term":[{"taxonomy":"category","embeddable":true,"href":"https:\/\/serveiseducatius.xtec.cat\/girona\/wp-json\/wp\/v2\/categories?post=8984"},{"taxonomy":"post_tag","embeddable":true,"href":"https:\/\/serveiseducatius.xtec.cat\/girona\/wp-json\/wp\/v2\/tags?post=8984"}],"curies":[{"name":"wp","href":"https:\/\/api.w.org\/{rel}","templated":true}]}}