{"id":8975,"date":"2025-11-20T12:13:06","date_gmt":"2025-11-20T11:13:06","guid":{"rendered":"https:\/\/serveiseducatius.xtec.cat\/girona\/?p=8975"},"modified":"2025-11-20T14:09:47","modified_gmt":"2025-11-20T13:09:47","slug":"us-heu-plantejar-treballar-com-a-docent-a-lestranger-sha-obert-la-convocatoria-per-a-assessors-tecnics-exteriors","status":"publish","type":"post","link":"https:\/\/serveiseducatius.xtec.cat\/girona\/le\/us-heu-plantejar-treballar-com-a-docent-a-lestranger-sha-obert-la-convocatoria-per-a-assessors-tecnics-exteriors\/","title":{"rendered":"Us heu plantejar treballar com a docent a l&#8217;estranger? S&#8217;ha obert la convocat\u00f2ria per a assessors t\u00e8cnics exteriors"},"content":{"rendered":"<p><a href=\"https:\/\/serveiseducatius.xtec.cat\/girona\/wp-content\/uploads\/usu2520\/2025\/11\/33-convoAccioEducExt.png\"><img loading=\"lazy\" decoding=\"async\" class=\"alignnone size-full wp-image-8976\" src=\"https:\/\/serveiseducatius.xtec.cat\/girona\/wp-content\/uploads\/usu2520\/2025\/11\/33-convoAccioEducExt.png\" alt=\"\" width=\"391\" height=\"185\" srcset=\"https:\/\/serveiseducatius.xtec.cat\/girona\/wp-content\/uploads\/usu2520\/2025\/11\/33-convoAccioEducExt.png 391w, https:\/\/serveiseducatius.xtec.cat\/girona\/wp-content\/uploads\/usu2520\/2025\/11\/33-convoAccioEducExt-300x142.png 300w\" sizes=\"auto, (max-width: 391px) 100vw, 391px\" \/><\/a><\/p>\n<p>El Ministerio de Educaci\u00f3n, Formaci\u00f3n Profesional y Deportes ha publicat dues noves convocat\u00f2ries de places per a <strong>funcionaris docents de carrera.<\/strong><\/p>\n<h5><strong>Oferta de places<\/strong><\/h5>\n<ul>\n<li>\n<ul>\n<li><strong>109 places docents<\/strong><\/li>\n<li>\u00a0\u00a0<strong>19 places d\u2019assessorament t\u00e8cnic<\/strong><\/li>\n<li>Els professionals seleccionats treballaran en centres espanyols, seccions a centres estrangers, agrupacions de llengua i cultura o en el sistema d\u2019Escuelas Europeas.<\/li>\n<\/ul>\n<\/li>\n<\/ul>\n<h5><strong>Per\u00edode de perman\u00e8ncia<\/strong><\/h5>\n<ul>\n<li>\n<ul>\n<li>Pla\u00e7a de docent: m\u00e0xim de sis cursos escolars, excepte les persones destinades en Escuelas Europeas, que podran estar nou.<\/li>\n<li>Pla\u00e7a d\u2019assessor\/a t\u00e8cnic: m\u00e0xim de cinc cursos escolars.<\/li>\n<\/ul>\n<\/li>\n<\/ul>\n<h5><strong>Convocat\u00f2ries<\/strong><\/h5>\n<ul>\n<li>\n<ul>\n<li><a href=\"https:\/\/www.educacionfpydeportes.gob.es\/servicios-al-ciudadano\/catalogo\/general\/99\/998484\/ficha\/998484-2025-2026.html\" target=\"_blank\" rel=\"noopener\">Personal docent<\/a><\/li>\n<li><a href=\"https:\/\/www.educacionfpydeportes.gob.es\/servicios-al-ciudadano\/catalogo\/general\/99\/998438\/ficha\/998438-2025-2026.html\" target=\"_blank\" rel=\"noopener\">Assessories t\u00e8cniques<\/a><\/li>\n<li><strong>Termini de sol\u00b7licitud:<\/strong>\u00a02 de desembre a les 10:00 h<\/li>\n<\/ul>\n<\/li>\n<\/ul>\n<p>Podeu trobar tota la informaci\u00f3 en\u00a0<a href=\"https:\/\/aee.educacionfpydeportes.gob.es\/inicio.html\" target=\"_blank\" rel=\"noopener\">Acci\u00f3 Educativa Exterior<\/a> i en aquest <a href=\"https:\/\/www.youtube.com\/watch?v=kLwHWaL8uCQ\">webminar<\/a> de la jornada del dia 17 de novembre.<\/p>\n<p>&nbsp;<\/p>\n","protected":false},"excerpt":{"rendered":"<p><a href=\"https:\/\/serveiseducatius.xtec.cat\/girona\/wp-content\/uploads\/usu2520\/2025\/11\/33-convoAccioEducExt.png\"><\/a><br \/>\nEl Ministerio de Educaci\u00f3n, Formaci\u00f3n Profesional y Deportes ha publicat dues noves convocat\u00f2ries de places per a funcionaris docents de carrera.<br \/>\nOferta de places<\/p>\n<ul>\n<li>\n<ul>\n<li>109 places docents<\/li>\n<li>\u00a0\u00a019 places d\u2019assessorament t\u00e8cnic<\/li>\n<li>Els professionals seleccionats treballaran en centres espanyols, seccions a centres estrangers, agrupacions de llengua i cultura o&hellip;  <a href=\"https:\/\/serveiseducatius.xtec.cat\/girona\/le\/us-heu-plantejar-treballar-com-a-docent-a-lestranger-sha-obert-la-convocatoria-per-a-assessors-tecnics-exteriors\/\" title=\"Read Us heu plantejar treballar com a docent a l&#8217;estranger? S&#8217;ha obert la convocat\u00f2ria per a assessors t\u00e8cnics exteriors\">Llegeix m\u00e9s\u00bb<\/a><br \/>\n","protected":false},"author":15,"featured_media":8976,"comment_status":"closed","ping_status":"open","sticky":false,"template":"","format":"standard","meta":{"_bbp_topic_count":0,"_bbp_reply_count":0,"_bbp_total_topic_count":0,"_bbp_total_reply_count":0,"_bbp_voice_count":0,"_bbp_anonymous_reply_count":0,"_bbp_topic_count_hidden":0,"_bbp_reply_count_hidden":0,"_bbp_forum_subforum_count":0,"footnotes":""},"categories":[289],"tags":[],"class_list":["post-8975","post","type-post","status-publish","format-standard","has-post-thumbnail","hentry","category-le"],"post_mailing_queue_ids":[],"_links":{"self":[{"href":"https:\/\/serveiseducatius.xtec.cat\/girona\/wp-json\/wp\/v2\/posts\/8975","targetHints":{"allow":["GET"]}}],"collection":[{"href":"https:\/\/serveiseducatius.xtec.cat\/girona\/wp-json\/wp\/v2\/posts"}],"about":[{"href":"https:\/\/serveiseducatius.xtec.cat\/girona\/wp-json\/wp\/v2\/types\/post"}],"author":[{"embeddable":true,"href":"https:\/\/serveiseducatius.xtec.cat\/girona\/wp-json\/wp\/v2\/users\/15"}],"replies":[{"embeddable":true,"href":"https:\/\/serveiseducatius.xtec.cat\/girona\/wp-json\/wp\/v2\/comments?post=8975"}],"version-history":[{"count":1,"href":"https:\/\/serveiseducatius.xtec.cat\/girona\/wp-json\/wp\/v2\/posts\/8975\/revisions"}],"predecessor-version":[{"id":8977,"href":"https:\/\/serveiseducatius.xtec.cat\/girona\/wp-json\/wp\/v2\/posts\/8975\/revisions\/8977"}],"wp:featuredmedia":[{"embeddable":true,"href":"https:\/\/serveiseducatius.xtec.cat\/girona\/wp-json\/wp\/v2\/media\/8976"}],"wp:attachment":[{"href":"https:\/\/serveiseducatius.xtec.cat\/girona\/wp-json\/wp\/v2\/media?parent=8975"}],"wp:term":[{"taxonomy":"category","embeddable":true,"href":"https:\/\/serveiseducatius.xtec.cat\/girona\/wp-json\/wp\/v2\/categories?post=8975"},{"taxonomy":"post_tag","embeddable":true,"href":"https:\/\/serveiseducatius.xtec.cat\/girona\/wp-json\/wp\/v2\/tags?post=8975"}],"curies":[{"name":"wp","href":"https:\/\/api.w.org\/{rel}","templated":true}]}}