{"id":8968,"date":"2025-11-20T11:51:29","date_gmt":"2025-11-20T10:51:29","guid":{"rendered":"https:\/\/serveiseducatius.xtec.cat\/girona\/?p=8968"},"modified":"2025-11-20T14:06:35","modified_gmt":"2025-11-20T13:06:35","slug":"ja-sha-publicat-la-convocatoria-erasmus-2026","status":"publish","type":"post","link":"https:\/\/serveiseducatius.xtec.cat\/girona\/le\/ja-sha-publicat-la-convocatoria-erasmus-2026\/","title":{"rendered":"Ja s&#8217;ha publicat la convocat\u00f2ria Erasmus+ 2026"},"content":{"rendered":"<p><a href=\"https:\/\/serveiseducatius.xtec.cat\/girona\/wp-content\/uploads\/usu2520\/2025\/09\/200.gif\"><img loading=\"lazy\" decoding=\"async\" class=\"alignnone wp-image-8838\" src=\"https:\/\/serveiseducatius.xtec.cat\/girona\/wp-content\/uploads\/usu2520\/2025\/09\/200.gif\" alt=\"\" width=\"87\" height=\"87\" \/><\/a>S\u2019ha publicat la\u00a0<strong>convocat\u00f2ria de propostes Erasmus+ 2026.\u00a0<\/strong>Amb un pressupost d\u2019aproximadament 5.200 milions d\u2019euros, Erasmus+ segueix donant suport a projectes de mobilitat i cooperaci\u00f3 transfronterera que ajuden a les persones a desenvolupar compet\u00e8ncies necess\u00e0ries per al futur, des de compet\u00e8ncies b\u00e0siques i digitals fins a habilitats ecol\u00f2giques, c\u00edviques i socials.<\/p>\n<p>&nbsp;<\/p>\n<p><a href=\"https:\/\/serveiseducatius.xtec.cat\/girona\/wp-content\/uploads\/usu2520\/2025\/11\/unnamed.png\"><img loading=\"lazy\" decoding=\"async\" class=\"alignnone size-full wp-image-8979\" src=\"https:\/\/serveiseducatius.xtec.cat\/girona\/wp-content\/uploads\/usu2520\/2025\/11\/unnamed.png\" alt=\"\" width=\"560\" height=\"200\" srcset=\"https:\/\/serveiseducatius.xtec.cat\/girona\/wp-content\/uploads\/usu2520\/2025\/11\/unnamed.png 560w, https:\/\/serveiseducatius.xtec.cat\/girona\/wp-content\/uploads\/usu2520\/2025\/11\/unnamed-300x107.png 300w\" sizes=\"auto, (max-width: 560px) 100vw, 560px\" \/><\/a><\/p>\n<h3>Convocat\u00f2ria<\/h3>\n<ul>\n<li>\n<ul>\n<li><a href=\"http:\/\/www.sepie.es\/doc\/convocatoria\/2026\/convocatoria_2026_es.pdf\" target=\"_blank\" rel=\"noopener\">Convocat\u00f2ria de propostes 2026 \u2013 EAC\/A12\/2025<\/a><\/li>\n<li><a href=\"http:\/\/www.sepie.es\/doc\/convocatoria\/2026\/convocatoria_2026_en.pdf\" target=\"_blank\" rel=\"noopener\">Call for proposals 2026 \u2013 EAC\/A12\/2025<\/a><\/li>\n<\/ul>\n<\/li>\n<\/ul>\n<h3>Guia del programa Erasmus+<\/h3>\n<ul>\n<li>\n<ul>\n<li><a href=\"http:\/\/www.sepie.es\/doc\/convocatoria\/2026\/guia_del_programa_2026_es.pdf\" target=\"_blank\" rel=\"noopener\">Guia del programa Erasmus+. Versi\u00f3 1<\/a><\/li>\n<li><a href=\"http:\/\/www.sepie.es\/doc\/convocatoria\/2026\/programme_guide_2026_en.pdf\" target=\"_blank\" rel=\"noopener\">Erasmus Programme Guide. Version 1<\/a><\/li>\n<\/ul>\n<\/li>\n<\/ul>\n<p>Pots trobar tota la informaci\u00f3 en la p\u00e0gina\u00a0<a href=\"http:\/\/www.sepie.es\/convocatoria\/convocatoria.html\" target=\"_blank\" rel=\"noopener\">web de SEPIE<\/a>.<\/p>\n","protected":false},"excerpt":{"rendered":"<p><a href=\"https:\/\/serveiseducatius.xtec.cat\/girona\/wp-content\/uploads\/usu2520\/2025\/09\/200.gif\"><\/a>S\u2019ha publicat la\u00a0convocat\u00f2ria de propostes Erasmus+ 2026.\u00a0Amb un pressupost d\u2019aproximadament 5.200 milions d\u2019euros, Erasmus+ segueix donant suport a projectes de mobilitat i cooperaci\u00f3 transfronterera que ajuden a les persones a desenvolupar compet\u00e8ncies necess\u00e0ries per al futur, des de compet\u00e8ncies b\u00e0siques i digitals fins a&hellip;  <a href=\"https:\/\/serveiseducatius.xtec.cat\/girona\/le\/ja-sha-publicat-la-convocatoria-erasmus-2026\/\" title=\"Read Ja s&#8217;ha publicat la convocat\u00f2ria Erasmus+ 2026\">Llegeix m\u00e9s\u00bb<\/a><\/p>\n","protected":false},"author":15,"featured_media":8979,"comment_status":"closed","ping_status":"open","sticky":false,"template":"","format":"standard","meta":{"_bbp_topic_count":0,"_bbp_reply_count":0,"_bbp_total_topic_count":0,"_bbp_total_reply_count":0,"_bbp_voice_count":0,"_bbp_anonymous_reply_count":0,"_bbp_topic_count_hidden":0,"_bbp_reply_count_hidden":0,"_bbp_forum_subforum_count":0,"footnotes":""},"categories":[289],"tags":[],"class_list":["post-8968","post","type-post","status-publish","format-standard","has-post-thumbnail","hentry","category-le"],"post_mailing_queue_ids":[],"_links":{"self":[{"href":"https:\/\/serveiseducatius.xtec.cat\/girona\/wp-json\/wp\/v2\/posts\/8968","targetHints":{"allow":["GET"]}}],"collection":[{"href":"https:\/\/serveiseducatius.xtec.cat\/girona\/wp-json\/wp\/v2\/posts"}],"about":[{"href":"https:\/\/serveiseducatius.xtec.cat\/girona\/wp-json\/wp\/v2\/types\/post"}],"author":[{"embeddable":true,"href":"https:\/\/serveiseducatius.xtec.cat\/girona\/wp-json\/wp\/v2\/users\/15"}],"replies":[{"embeddable":true,"href":"https:\/\/serveiseducatius.xtec.cat\/girona\/wp-json\/wp\/v2\/comments?post=8968"}],"version-history":[{"count":2,"href":"https:\/\/serveiseducatius.xtec.cat\/girona\/wp-json\/wp\/v2\/posts\/8968\/revisions"}],"predecessor-version":[{"id":8980,"href":"https:\/\/serveiseducatius.xtec.cat\/girona\/wp-json\/wp\/v2\/posts\/8968\/revisions\/8980"}],"wp:featuredmedia":[{"embeddable":true,"href":"https:\/\/serveiseducatius.xtec.cat\/girona\/wp-json\/wp\/v2\/media\/8979"}],"wp:attachment":[{"href":"https:\/\/serveiseducatius.xtec.cat\/girona\/wp-json\/wp\/v2\/media?parent=8968"}],"wp:term":[{"taxonomy":"category","embeddable":true,"href":"https:\/\/serveiseducatius.xtec.cat\/girona\/wp-json\/wp\/v2\/categories?post=8968"},{"taxonomy":"post_tag","embeddable":true,"href":"https:\/\/serveiseducatius.xtec.cat\/girona\/wp-json\/wp\/v2\/tags?post=8968"}],"curies":[{"name":"wp","href":"https:\/\/api.w.org\/{rel}","templated":true}]}}