{"id":8960,"date":"2025-11-20T11:38:53","date_gmt":"2025-11-20T10:38:53","guid":{"rendered":"https:\/\/serveiseducatius.xtec.cat\/girona\/?p=8960"},"modified":"2026-02-16T11:48:12","modified_gmt":"2026-02-16T10:48:12","slug":"2a-sessio-formacio-implementacio-de-projectes-erasmus-ka121-i-ka122-convocatoria-2025","status":"publish","type":"post","link":"https:\/\/serveiseducatius.xtec.cat\/girona\/le\/2a-sessio-formacio-implementacio-de-projectes-erasmus-ka121-i-ka122-convocatoria-2025\/","title":{"rendered":"2a sessi\u00f3 Formaci\u00f3 Implementaci\u00f3 de projectes Erasmus+ KA121 I KA122 convocat\u00f2ria 2025"},"content":{"rendered":"<p><a href=\"https:\/\/serveiseducatius.xtec.cat\/girona\/wp-content\/uploads\/usu2520\/2025\/09\/200.gif\"><img loading=\"lazy\" decoding=\"async\" class=\"alignnone wp-image-8838\" src=\"https:\/\/serveiseducatius.xtec.cat\/girona\/wp-content\/uploads\/usu2520\/2025\/09\/200.gif\" alt=\"\" width=\"89\" height=\"89\" \/><\/a>El dimarts, 11 de novembre 2025, ha tingut lloc la\u00a0<strong>segona\u00a0sessi\u00f3<\/strong>\u00a0de formaci\u00f3 per la implementaci\u00f3 i seguiment de\u00a0<strong>projectes Erasmus+ KA122 i KA121 convocat\u00f2ria 2025<\/strong>, organitzada i impartida des de la nostra Unitat de Programes Internacionals.\u00a0 Aquesta formaci\u00f3 est\u00e0 pensada per acompanyar als centres en la coordinaci\u00f3 de projectes KA122 i KA121 adjudicats en la convocat\u00f2ria 2025, a l\u2019\u00e0mbit d\u2019Educaci\u00f3 Escolar i Educaci\u00f3 de Persones Adultes.<\/p>\n<p>Ha estat una jornada\u00a0<strong>presencial<\/strong>\u00a0amb<strong>\u00a062 participants<\/strong>\u00a0que han participat en diverses din\u00e0miques, individuals o en grup, que els hi han perm\u00e8s practicar, compartir i debatre q\u00fcestions relacionades amb la<strong>\u00a0gesti\u00f3 econ\u00f2mica<\/strong>\u00a0que implica la implementaci\u00f3 dels seus respectius projectes. En definitiva, la sessi\u00f3 ha perm\u00e8s una interacci\u00f3 molt interessant entre tots i una posada en com\u00fa molt enriquidora del projecte que es vol implementar, aix\u00ed com compartir els dubtes que inevitablement sorgeixen en aquesta fase, que es van poder abordar i tractar col\u00b7lectivament.<\/p>\n<p>Tamb\u00e9 s\u2019ha comptat amb la col\u00b7laboraci\u00f3 de la Laura Ruiz, coordinadora Erasmus+, i la Raquel Garcia, Cap d\u2019estudis, de l\u2019 <em><strong>Escola Colors<\/strong><\/em> (Les Franqueses del Vall\u00e8s), que han compartit amb nosaltres la seva experi\u00e8ncia amb el projecte\u00a0<strong>KA122 Scientific Methodologies for an Innovative Learning in Education.<\/strong><\/p>\n\n\t\t<style type=\"text\/css\">\n\t\t\t#gallery-1 {\n\t\t\t\tmargin: auto;\n\t\t\t}\n\t\t\t#gallery-1 .gallery-item {\n\t\t\t\tfloat: left;\n\t\t\t\tmargin-top: 10px;\n\t\t\t\ttext-align: center;\n\t\t\t\twidth: 33%;\n\t\t\t}\n\t\t\t#gallery-1 img {\n\t\t\t\tborder: 2px solid #cfcfcf;\n\t\t\t}\n\t\t\t#gallery-1 .gallery-caption {\n\t\t\t\tmargin-left: 0;\n\t\t\t}\n\t\t\t\/* see gallery_shortcode() in wp-includes\/media.php *\/\n\t\t<\/style>\n\t\t<div id='gallery-1' class='gallery galleryid-8960 gallery-columns-3 gallery-size-medium'><dl class='gallery-item'>\n\t\t\t<dt class='gallery-icon landscape'>\n\t\t\t\t<a href='https:\/\/serveiseducatius.xtec.cat\/girona\/le\/2a-sessio-formacio-implementacio-de-projectes-erasmus-ka121-i-ka122-convocatoria-2025\/attachment\/foto14\/'><img loading=\"lazy\" decoding=\"async\" width=\"300\" height=\"208\" src=\"https:\/\/serveiseducatius.xtec.cat\/girona\/wp-content\/uploads\/usu2520\/2025\/11\/foto14-300x208.png\" class=\"attachment-medium size-medium\" alt=\"\" aria-describedby=\"gallery-1-8963\" srcset=\"https:\/\/serveiseducatius.xtec.cat\/girona\/wp-content\/uploads\/usu2520\/2025\/11\/foto14-300x208.png 300w, https:\/\/serveiseducatius.xtec.cat\/girona\/wp-content\/uploads\/usu2520\/2025\/11\/foto14-768x531.png 768w, https:\/\/serveiseducatius.xtec.cat\/girona\/wp-content\/uploads\/usu2520\/2025\/11\/foto14.png 928w\" sizes=\"auto, (max-width: 300px) 100vw, 300px\" \/><\/a>\n\t\t\t<\/dt>\n\t\t\t\t<dd class='wp-caption-text gallery-caption' id='gallery-1-8963'>\n\t\t\t\tExemple d&#8217;\u00e8xit\n\t\t\t\t<\/dd><\/dl><dl class='gallery-item'>\n\t\t\t<dt class='gallery-icon landscape'>\n\t\t\t\t<a href='https:\/\/serveiseducatius.xtec.cat\/girona\/le\/2a-sessio-formacio-implementacio-de-projectes-erasmus-ka121-i-ka122-convocatoria-2025\/attachment\/foto5\/'><img loading=\"lazy\" decoding=\"async\" width=\"300\" height=\"219\" src=\"https:\/\/serveiseducatius.xtec.cat\/girona\/wp-content\/uploads\/usu2520\/2025\/11\/foto5-300x219.png\" class=\"attachment-medium size-medium\" alt=\"\" aria-describedby=\"gallery-1-8964\" srcset=\"https:\/\/serveiseducatius.xtec.cat\/girona\/wp-content\/uploads\/usu2520\/2025\/11\/foto5-300x219.png 300w, https:\/\/serveiseducatius.xtec.cat\/girona\/wp-content\/uploads\/usu2520\/2025\/11\/foto5-768x561.png 768w, https:\/\/serveiseducatius.xtec.cat\/girona\/wp-content\/uploads\/usu2520\/2025\/11\/foto5.png 949w\" sizes=\"auto, (max-width: 300px) 100vw, 300px\" \/><\/a>\n\t\t\t<\/dt>\n\t\t\t\t<dd class='wp-caption-text gallery-caption' id='gallery-1-8964'>\n\t\t\t\tTreball cooperatiu\n\t\t\t\t<\/dd><\/dl><dl class='gallery-item'>\n\t\t\t<dt class='gallery-icon landscape'>\n\t\t\t\t<a href='https:\/\/serveiseducatius.xtec.cat\/girona\/le\/2a-sessio-formacio-implementacio-de-projectes-erasmus-ka121-i-ka122-convocatoria-2025\/attachment\/foto15\/'><img loading=\"lazy\" decoding=\"async\" width=\"300\" height=\"182\" src=\"https:\/\/serveiseducatius.xtec.cat\/girona\/wp-content\/uploads\/usu2520\/2025\/11\/foto15-300x182.png\" class=\"attachment-medium size-medium\" alt=\"\" aria-describedby=\"gallery-1-8961\" srcset=\"https:\/\/serveiseducatius.xtec.cat\/girona\/wp-content\/uploads\/usu2520\/2025\/11\/foto15-300x182.png 300w, https:\/\/serveiseducatius.xtec.cat\/girona\/wp-content\/uploads\/usu2520\/2025\/11\/foto15-768x466.png 768w, https:\/\/serveiseducatius.xtec.cat\/girona\/wp-content\/uploads\/usu2520\/2025\/11\/foto15.png 951w\" sizes=\"auto, (max-width: 300px) 100vw, 300px\" \/><\/a>\n\t\t\t<\/dt>\n\t\t\t\t<dd class='wp-caption-text gallery-caption' id='gallery-1-8961'>\n\t\t\t\tTraject\u00f2ria d&#8217;un projecte\n\t\t\t\t<\/dd><\/dl><br style=\"clear: both\" \/>\n\t\t<\/div>\n\n","protected":false},"excerpt":{"rendered":"<p><a href=\"https:\/\/serveiseducatius.xtec.cat\/girona\/wp-content\/uploads\/usu2520\/2025\/09\/200.gif\"><\/a>El dimarts, 11 de novembre 2025, ha tingut lloc la\u00a0segona\u00a0sessi\u00f3\u00a0de formaci\u00f3 per la implementaci\u00f3 i seguiment de\u00a0projectes Erasmus+ KA122 i KA121 convocat\u00f2ria 2025, organitzada i impartida des de la nostra Unitat de Programes Internacionals.\u00a0 Aquesta formaci\u00f3 est\u00e0 pensada per acompanyar als centres en la&hellip;  <a href=\"https:\/\/serveiseducatius.xtec.cat\/girona\/le\/2a-sessio-formacio-implementacio-de-projectes-erasmus-ka121-i-ka122-convocatoria-2025\/\" title=\"Read 2a sessi\u00f3 Formaci\u00f3 Implementaci\u00f3 de projectes Erasmus+ KA121 I KA122 convocat\u00f2ria 2025\">Llegeix m\u00e9s\u00bb<\/a><\/p>\n","protected":false},"author":15,"featured_media":0,"comment_status":"closed","ping_status":"open","sticky":false,"template":"","format":"standard","meta":{"_bbp_topic_count":0,"_bbp_reply_count":0,"_bbp_total_topic_count":0,"_bbp_total_reply_count":0,"_bbp_voice_count":0,"_bbp_anonymous_reply_count":0,"_bbp_topic_count_hidden":0,"_bbp_reply_count_hidden":0,"_bbp_forum_subforum_count":0,"footnotes":""},"categories":[289],"tags":[],"class_list":["post-8960","post","type-post","status-publish","format-standard","hentry","category-le"],"post_mailing_queue_ids":[],"_links":{"self":[{"href":"https:\/\/serveiseducatius.xtec.cat\/girona\/wp-json\/wp\/v2\/posts\/8960","targetHints":{"allow":["GET"]}}],"collection":[{"href":"https:\/\/serveiseducatius.xtec.cat\/girona\/wp-json\/wp\/v2\/posts"}],"about":[{"href":"https:\/\/serveiseducatius.xtec.cat\/girona\/wp-json\/wp\/v2\/types\/post"}],"author":[{"embeddable":true,"href":"https:\/\/serveiseducatius.xtec.cat\/girona\/wp-json\/wp\/v2\/users\/15"}],"replies":[{"embeddable":true,"href":"https:\/\/serveiseducatius.xtec.cat\/girona\/wp-json\/wp\/v2\/comments?post=8960"}],"version-history":[{"count":3,"href":"https:\/\/serveiseducatius.xtec.cat\/girona\/wp-json\/wp\/v2\/posts\/8960\/revisions"}],"predecessor-version":[{"id":8967,"href":"https:\/\/serveiseducatius.xtec.cat\/girona\/wp-json\/wp\/v2\/posts\/8960\/revisions\/8967"}],"wp:attachment":[{"href":"https:\/\/serveiseducatius.xtec.cat\/girona\/wp-json\/wp\/v2\/media?parent=8960"}],"wp:term":[{"taxonomy":"category","embeddable":true,"href":"https:\/\/serveiseducatius.xtec.cat\/girona\/wp-json\/wp\/v2\/categories?post=8960"},{"taxonomy":"post_tag","embeddable":true,"href":"https:\/\/serveiseducatius.xtec.cat\/girona\/wp-json\/wp\/v2\/tags?post=8960"}],"curies":[{"name":"wp","href":"https:\/\/api.w.org\/{rel}","templated":true}]}}