{"id":8956,"date":"2025-11-20T09:22:32","date_gmt":"2025-11-20T08:22:32","guid":{"rendered":"https:\/\/serveiseducatius.xtec.cat\/girona\/?p=8956"},"modified":"2025-11-20T11:32:23","modified_gmt":"2025-11-20T10:32:23","slug":"treballes-amb-etwinning-tinteressaria-fer-xarxa-amb-altres-centres-en-un-congres-esdeveniment-de-formacio-convocatoria-desdeveniments-de-formacio-etwinning-2026","status":"publish","type":"post","link":"https:\/\/serveiseducatius.xtec.cat\/girona\/le\/treballes-amb-etwinning-tinteressaria-fer-xarxa-amb-altres-centres-en-un-congres-esdeveniment-de-formacio-convocatoria-desdeveniments-de-formacio-etwinning-2026\/","title":{"rendered":"Treballes amb eTwinning? T&#8217;interessaria fer xarxa amb altres centres en un congr\u00e9s (Esdeveniment de formaci\u00f3)? Convocat\u00f2ria d\u2019esdeveniments de formaci\u00f3 eTwinning 2026"},"content":{"rendered":"<p><a href=\"https:\/\/serveiseducatius.xtec.cat\/girona\/wp-content\/uploads\/usu2520\/2025\/10\/logo-eTwinning.png\"><img loading=\"lazy\" decoding=\"async\" class=\"alignnone wp-image-8890\" src=\"https:\/\/serveiseducatius.xtec.cat\/girona\/wp-content\/uploads\/usu2520\/2025\/10\/logo-eTwinning.png\" alt=\"\" width=\"136\" height=\"134\" \/><\/a><\/p>\n<p>El Ministeri d&#8217;Educaci\u00f3, Formaci\u00f3 Professional i Esports\u00a0 ha la convocat\u00f2ria per a l\u2019assist\u00e8ncia a diferents <strong>esdeveniments de formaci\u00f3<\/strong> dins del marc de l\u2019acci\u00f3 eTwinning per al 2026! En total 82 places convocades. Es tracta de congressos adre\u00e7ats a docents i equips directius destinats a fer xarxa i impulsar sinergies eTwinning i finan\u00e7ats per l&#8217;Ag\u00e8ncia Nacional. Cal explicar la motivaci\u00f3 i acreditar nivell de llengua.<\/p>\n<p>Si treballes en un centre <strong>batxibac o on els contactes amb la francofonia<\/strong> s\u00f3n importants, <strong>aquesta \u00e9s la teva oportunitat<\/strong>! 20+6 places.<\/p>\n<ul>\n<li>\n<ul>\n<li>Termini d\u2019inscripci\u00f3: del\u00a0<strong>17 de novembre a l\u20191 de desembre 2025<\/strong><\/li>\n<li>Acc\u00e9s a la\u00a0<a href=\"https:\/\/www.educacionfpydeportes.gob.es\/servicios-al-ciudadano\/catalogo\/general\/20\/203149\/ficha\/203149-2026.html\" target=\"_blank\" rel=\"noopener\"><strong>inscripci\u00f3<\/strong><\/a><\/li>\n<li>Acc\u00e9s a la\u00a0<a href=\"https:\/\/drive.google.com\/file\/d\/1YneQs722pgFArAmXbsI3J1jgxHAXRYrW\/view?usp=sharing\" target=\"_blank\" rel=\"noopener\">convocat\u00f2ria<\/a><\/li>\n<li>M\u00e9s informaci\u00f3 en el\u00a0<a href=\"https:\/\/etwinning.es\/convocatoria-eventos-etwinning-2026\/\" target=\"_blank\" rel=\"noopener\">Portal del Servei Nacional de Suport eTwinning (SNA)<\/a><\/li>\n<\/ul>\n<\/li>\n<\/ul>\n<p>Es recomana\u00a0<strong>fer una lectura de la convocat\u00f2ria<\/strong>\u00a0per evitar incid\u00e8ncies durant el proc\u00e9s.<\/p>\n<p><a href=\"https:\/\/serveiseducatius.xtec.cat\/girona\/wp-content\/uploads\/usu2520\/2025\/11\/31-ConvEventoseT.png\"><img loading=\"lazy\" decoding=\"async\" class=\"alignnone size-large wp-image-8958\" src=\"https:\/\/serveiseducatius.xtec.cat\/girona\/wp-content\/uploads\/usu2520\/2025\/11\/31-ConvEventoseT-1024x524.png\" alt=\"\" width=\"1024\" height=\"524\" srcset=\"https:\/\/serveiseducatius.xtec.cat\/girona\/wp-content\/uploads\/usu2520\/2025\/11\/31-ConvEventoseT-1024x524.png 1024w, https:\/\/serveiseducatius.xtec.cat\/girona\/wp-content\/uploads\/usu2520\/2025\/11\/31-ConvEventoseT-300x153.png 300w, https:\/\/serveiseducatius.xtec.cat\/girona\/wp-content\/uploads\/usu2520\/2025\/11\/31-ConvEventoseT-768x393.png 768w, https:\/\/serveiseducatius.xtec.cat\/girona\/wp-content\/uploads\/usu2520\/2025\/11\/31-ConvEventoseT.png 1081w\" sizes=\"auto, (max-width: 1024px) 100vw, 1024px\" \/><\/a><\/p>\n<p>En el cas de tenir algun dubte podeu enviar un correu electr\u00f2nic a\u00a0<a href=\"http:\/\/info@etwinning.es\/\" target=\"_blank\" rel=\"noreferrer noopener\">info@etwinning.es<\/a>\u00a0indicant en l\u2019assumpte \u201cEventos 2026\u201d.<\/p>\n<p>&nbsp;<\/p>\n","protected":false},"excerpt":{"rendered":"<p><a href=\"https:\/\/serveiseducatius.xtec.cat\/girona\/wp-content\/uploads\/usu2520\/2025\/10\/logo-eTwinning.png\"><\/a><br \/>\nEl Ministeri d&#8217;Educaci\u00f3, Formaci\u00f3 Professional i Esports\u00a0 ha la convocat\u00f2ria per a l\u2019assist\u00e8ncia a diferents esdeveniments de formaci\u00f3 dins del marc de l\u2019acci\u00f3 eTwinning per al 2026! En total 82 places convocades. Es tracta de congressos adre\u00e7ats a docents i equips directius destinats a&hellip;  <a href=\"https:\/\/serveiseducatius.xtec.cat\/girona\/le\/treballes-amb-etwinning-tinteressaria-fer-xarxa-amb-altres-centres-en-un-congres-esdeveniment-de-formacio-convocatoria-desdeveniments-de-formacio-etwinning-2026\/\" title=\"Read Treballes amb eTwinning? T&#8217;interessaria fer xarxa amb altres centres en un congr\u00e9s (Esdeveniment de formaci\u00f3)? Convocat\u00f2ria d\u2019esdeveniments de formaci\u00f3 eTwinning 2026\">Llegeix m\u00e9s\u00bb<\/a><\/p>\n","protected":false},"author":15,"featured_media":8890,"comment_status":"closed","ping_status":"open","sticky":false,"template":"","format":"standard","meta":{"_bbp_topic_count":0,"_bbp_reply_count":0,"_bbp_total_topic_count":0,"_bbp_total_reply_count":0,"_bbp_voice_count":0,"_bbp_anonymous_reply_count":0,"_bbp_topic_count_hidden":0,"_bbp_reply_count_hidden":0,"_bbp_forum_subforum_count":0,"footnotes":""},"categories":[289],"tags":[],"class_list":["post-8956","post","type-post","status-publish","format-standard","has-post-thumbnail","hentry","category-le"],"post_mailing_queue_ids":[],"_links":{"self":[{"href":"https:\/\/serveiseducatius.xtec.cat\/girona\/wp-json\/wp\/v2\/posts\/8956","targetHints":{"allow":["GET"]}}],"collection":[{"href":"https:\/\/serveiseducatius.xtec.cat\/girona\/wp-json\/wp\/v2\/posts"}],"about":[{"href":"https:\/\/serveiseducatius.xtec.cat\/girona\/wp-json\/wp\/v2\/types\/post"}],"author":[{"embeddable":true,"href":"https:\/\/serveiseducatius.xtec.cat\/girona\/wp-json\/wp\/v2\/users\/15"}],"replies":[{"embeddable":true,"href":"https:\/\/serveiseducatius.xtec.cat\/girona\/wp-json\/wp\/v2\/comments?post=8956"}],"version-history":[{"count":2,"href":"https:\/\/serveiseducatius.xtec.cat\/girona\/wp-json\/wp\/v2\/posts\/8956\/revisions"}],"predecessor-version":[{"id":8959,"href":"https:\/\/serveiseducatius.xtec.cat\/girona\/wp-json\/wp\/v2\/posts\/8956\/revisions\/8959"}],"wp:featuredmedia":[{"embeddable":true,"href":"https:\/\/serveiseducatius.xtec.cat\/girona\/wp-json\/wp\/v2\/media\/8890"}],"wp:attachment":[{"href":"https:\/\/serveiseducatius.xtec.cat\/girona\/wp-json\/wp\/v2\/media?parent=8956"}],"wp:term":[{"taxonomy":"category","embeddable":true,"href":"https:\/\/serveiseducatius.xtec.cat\/girona\/wp-json\/wp\/v2\/categories?post=8956"},{"taxonomy":"post_tag","embeddable":true,"href":"https:\/\/serveiseducatius.xtec.cat\/girona\/wp-json\/wp\/v2\/tags?post=8956"}],"curies":[{"name":"wp","href":"https:\/\/api.w.org\/{rel}","templated":true}]}}