{"id":8859,"date":"2025-09-23T13:19:48","date_gmt":"2025-09-23T11:19:48","guid":{"rendered":"https:\/\/serveiseducatius.xtec.cat\/girona\/?p=8859"},"modified":"2025-09-25T14:33:59","modified_gmt":"2025-09-25T12:33:59","slug":"lescola-empuries-de-lescala-guardonada-als-premis-europeus-a-lensenyament-innovador-2025","status":"publish","type":"post","link":"https:\/\/serveiseducatius.xtec.cat\/girona\/general\/lescola-empuries-de-lescala-guardonada-als-premis-europeus-a-lensenyament-innovador-2025\/","title":{"rendered":"L\u2019escola Emp\u00faries de l&#8217;Escala guardonada als Premis Europeus a l&#8217;Ensenyament Innovador 2025"},"content":{"rendered":"<p><a href=\"https:\/\/serveiseducatius.xtec.cat\/girona\/wp-content\/uploads\/usu2520\/2025\/09\/200.gif\"><img loading=\"lazy\" decoding=\"async\" class=\"alignnone wp-image-8838\" src=\"https:\/\/serveiseducatius.xtec.cat\/girona\/wp-content\/uploads\/usu2520\/2025\/09\/200.gif\" alt=\"\" width=\"64\" height=\"64\" \/><\/a> La Comissi\u00f3 Europea ha anunciat avui els guanyadors dels<strong>\u00a0<a href=\"https:\/\/innovative-teaching-award.ec.europa.eu\/index_en\">Premis Europeus a l&#8217;Ensenyament Innovador del <\/a><\/strong><strong><a href=\"https:\/\/innovative-teaching-award.ec.europa.eu\/index_en\">2025<\/a><\/strong>.\u00a0 117 professors i escoles de m\u00e9s de 30 pa\u00efsos \u2014dins i fora de la UE\u2014 han estat premiats pels seus projectes en el marc d&#8217;Erasmus+. Els guardonats s\u00f3n professors i escoles que han destacat en el foment de la <strong>ciutadania activa<\/strong>. Els centres guardonats han demostrat com preparen els <strong>alumnes de totes les edats amb les compet\u00e8ncies necess\u00e0ries per participar activament en la vida p\u00fablica i promoure valors de la UE<\/strong> com la llibertat, la solidaritat i la inclusi\u00f3.<a href=\"https:\/\/serveiseducatius.xtec.cat\/girona\/wp-content\/uploads\/usu2520\/2025\/09\/Imatge-Sprouts.png\"><img loading=\"lazy\" decoding=\"async\" class=\"wp-image-8866 alignright\" src=\"https:\/\/serveiseducatius.xtec.cat\/girona\/wp-content\/uploads\/usu2520\/2025\/09\/Imatge-Sprouts.png\" alt=\"\" width=\"380\" height=\"270\" srcset=\"https:\/\/serveiseducatius.xtec.cat\/girona\/wp-content\/uploads\/usu2520\/2025\/09\/Imatge-Sprouts.png 738w, https:\/\/serveiseducatius.xtec.cat\/girona\/wp-content\/uploads\/usu2520\/2025\/09\/Imatge-Sprouts-300x213.png 300w\" sizes=\"auto, (max-width: 380px) 100vw, 380px\" \/><\/a><\/p>\n<p>A l&#8217;Estat espanyol, nom\u00e9s 2 projectes han estat distingits amb aquest premi. Un d&#8217;ells \u00e9s del nostre territori: el <strong>projecte Erasmus+<\/strong> <strong><a href=\"https:\/\/innovative-teaching-award.ec.europa.eu\/projects\/democracy-sprouts-school_en\" target=\"_blank\" rel=\"noopener\">DEMOcracy Sprouts at School<\/a>\u00a0<\/strong>de l\u2019<a href=\"https:\/\/agora.xtec.cat\/ceipempuries\/\">escola Emp\u00faries<\/a>.<\/p>\n<p>El centre ha teixit una xarxa de professionals de l&#8217;educaci\u00f3 a trav\u00e9s de diferents nivells educatius i pa\u00efsos (Turquia, Romania). Mitjan\u00e7ant aquesta iniciativa, els estudiants han obtingut noves perspectives, han establert amistats m\u00e9s enll\u00e0 de les fronteres i han desenvolupat actituds i comportaments m\u00e9s democr\u00e0tics.\u00a0 <strong>Felicitacions Escola Emp\u00faries!<\/strong><\/p>\n","protected":false},"excerpt":{"rendered":"<p><a href=\"https:\/\/serveiseducatius.xtec.cat\/girona\/wp-content\/uploads\/usu2520\/2025\/09\/200.gif\"><\/a> La Comissi\u00f3 Europea ha anunciat avui els guanyadors dels\u00a0<a href=\"https:\/\/innovative-teaching-award.ec.europa.eu\/index_en\">Premis Europeus a l&#8217;Ensenyament Innovador del <\/a><a href=\"https:\/\/innovative-teaching-award.ec.europa.eu\/index_en\">2025<\/a>.\u00a0 117 professors i escoles de m\u00e9s de 30 pa\u00efsos \u2014dins i fora de la UE\u2014 han estat premiats pels seus projectes en el marc d&#8217;Erasmus+. Els&hellip;  <a href=\"https:\/\/serveiseducatius.xtec.cat\/girona\/general\/lescola-empuries-de-lescala-guardonada-als-premis-europeus-a-lensenyament-innovador-2025\/\" title=\"Read L\u2019escola Emp\u00faries de l&#8217;Escala guardonada als Premis Europeus a l&#8217;Ensenyament Innovador 2025\">Llegeix m\u00e9s\u00bb<\/a><\/p>\n","protected":false},"author":15,"featured_media":8866,"comment_status":"closed","ping_status":"open","sticky":false,"template":"","format":"standard","meta":{"_bbp_topic_count":0,"_bbp_reply_count":0,"_bbp_total_topic_count":0,"_bbp_total_reply_count":0,"_bbp_voice_count":0,"_bbp_anonymous_reply_count":0,"_bbp_topic_count_hidden":0,"_bbp_reply_count_hidden":0,"_bbp_forum_subforum_count":0,"footnotes":""},"categories":[1,289],"tags":[503,507],"class_list":["post-8859","post","type-post","status-publish","format-standard","has-post-thumbnail","hentry","category-general","category-le","tag-erasmus","tag-premi"],"post_mailing_queue_ids":[],"_links":{"self":[{"href":"https:\/\/serveiseducatius.xtec.cat\/girona\/wp-json\/wp\/v2\/posts\/8859","targetHints":{"allow":["GET"]}}],"collection":[{"href":"https:\/\/serveiseducatius.xtec.cat\/girona\/wp-json\/wp\/v2\/posts"}],"about":[{"href":"https:\/\/serveiseducatius.xtec.cat\/girona\/wp-json\/wp\/v2\/types\/post"}],"author":[{"embeddable":true,"href":"https:\/\/serveiseducatius.xtec.cat\/girona\/wp-json\/wp\/v2\/users\/15"}],"replies":[{"embeddable":true,"href":"https:\/\/serveiseducatius.xtec.cat\/girona\/wp-json\/wp\/v2\/comments?post=8859"}],"version-history":[{"count":5,"href":"https:\/\/serveiseducatius.xtec.cat\/girona\/wp-json\/wp\/v2\/posts\/8859\/revisions"}],"predecessor-version":[{"id":8867,"href":"https:\/\/serveiseducatius.xtec.cat\/girona\/wp-json\/wp\/v2\/posts\/8859\/revisions\/8867"}],"wp:featuredmedia":[{"embeddable":true,"href":"https:\/\/serveiseducatius.xtec.cat\/girona\/wp-json\/wp\/v2\/media\/8866"}],"wp:attachment":[{"href":"https:\/\/serveiseducatius.xtec.cat\/girona\/wp-json\/wp\/v2\/media?parent=8859"}],"wp:term":[{"taxonomy":"category","embeddable":true,"href":"https:\/\/serveiseducatius.xtec.cat\/girona\/wp-json\/wp\/v2\/categories?post=8859"},{"taxonomy":"post_tag","embeddable":true,"href":"https:\/\/serveiseducatius.xtec.cat\/girona\/wp-json\/wp\/v2\/tags?post=8859"}],"curies":[{"name":"wp","href":"https:\/\/api.w.org\/{rel}","templated":true}]}}