{"id":8788,"date":"2025-01-29T11:18:53","date_gmt":"2025-01-29T10:18:53","guid":{"rendered":"https:\/\/serveiseducatius.xtec.cat\/girona\/?p=8788"},"modified":"2025-01-29T11:18:53","modified_gmt":"2025-01-29T10:18:53","slug":"onzena-edicio-del-concurs-de-retorica","status":"publish","type":"post","link":"https:\/\/serveiseducatius.xtec.cat\/girona\/lic\/onzena-edicio-del-concurs-de-retorica\/","title":{"rendered":"Onzena edici\u00f3 del concurs de ret\u00f2rica"},"content":{"rendered":"<div>\n<figure class=\"figure wp-caption aligncenter\"><a href=\"https:\/\/www.diaridegirona.cat\/girona\/2024\/03\/18\/escoles-final-concurs-educacio-retorica-coma-cros-debat-99596691.html\"><img loading=\"lazy\" decoding=\"async\" class=\"wp-image-8789 size-full\" src=\"https:\/\/serveiseducatius.xtec.cat\/girona\/wp-content\/uploads\/usu2520\/2025\/01\/Captura.png\" alt=\"\" width=\"662\" height=\"401\" srcset=\"https:\/\/serveiseducatius.xtec.cat\/girona\/wp-content\/uploads\/usu2520\/2025\/01\/Captura.png 662w, https:\/\/serveiseducatius.xtec.cat\/girona\/wp-content\/uploads\/usu2520\/2025\/01\/Captura-300x182.png 300w\" sizes=\"auto, (max-width: 662px) 100vw, 662px\" \/><\/a><figcaption class=\"wp-caption-text\">Font: Diari de Girona 18-3-24<\/figcaption><\/figure>\n<\/div>\n<div><\/div>\n<div><\/div>\n<div><\/div>\n<div>Com en cursos anteriors, el Servei Educatiu del Departament d&#8217;Educaci\u00f3 al Giron\u00e8s i el Comit\u00e8 Organitzador del Concurs impulsen una nova edici\u00f3 del &#8220;<b><u>Concurs de Ret\u00f2rica a les Escoles del Giron\u00e8s<\/u><\/b>&#8220;.\u00a0Enguany ser\u00e0 l&#8217;11a. edici\u00f3.<\/div>\n<p>El concurs es proposa:<\/p>\n<ol>\n<li>Contribuir a l&#8217;<b><u>\u00fas de la llengua catalana<\/u><\/b>\u00a0a trav\u00e9s d&#8217;una activitat engrescadora i col\u00b7lectiva.<\/li>\n<li>Incentivar els aprenents a la\u00a0<b><u>millora de l&#8217;expressi\u00f3 oral\u00a0<\/u><\/b>des de l&#8217;argumentaci\u00f3 i la lectura d&#8217;informaci\u00f3.<\/li>\n<li>Enfortir el coneixement i el\u00a0<b><u>treball conjunt entre els centres<\/u><\/b>\u00a0educatius participants.<\/li>\n<\/ol>\n<p>El concurs \u00e9s un &#8220;projecte de treball&#8221; amb el plantejament de diferents objectius d&#8217;aprenentatge. Els aspectes que configuren el concurs s\u00f3n aquests:<\/p>\n<div>\n<ul>\n<li>El concurs s&#8217;adre\u00e7a als grups de\u00a0<b><u>sis\u00e8 de prim\u00e0ria<\/u><\/b>.<\/li>\n<li>Es porta a terme sota la modalitat de \u201c<b><u>debat pautat<\/u><\/b>\u201d on es tracten temes escollits pels docents dels centres participants.<\/li>\n<li>Es participa\u00a0<u><b>en equip<\/b><\/u>, format per un\/a orador\/a-assessor\/a o assessors.<\/li>\n<li>El concurs compr\u00e8n unes\u00a0fases diferenciades:\u00a01) preparat\u00f2ria, 2) intraclasse,3) de centre 4) Acte Final (Auditori de la Coma Cros de Salt).<\/li>\n<li>Es disposa d&#8217;un\u00a0<b><u>espai web<\/u><\/b>\u00a0on trobareu recursos del curs passat per a participar-hi:\u00a0\u00a0<a href=\"https:\/\/ja.cat\/9retorica\" target=\"_blank\" rel=\"noopener\" data-saferedirecturl=\"https:\/\/www.google.com\/url?q=https:\/\/ja.cat\/9retorica&amp;source=gmail&amp;ust=1738231377957000&amp;usg=AOvVaw0WEDEpkDsCOG9emwULCVc8\">https:\/\/ja.cat\/9retorica<\/a>\u00a0i properament s&#8217;actualitzar\u00e0.<\/li>\n<li>Se suggereix que el concurs s&#8217;integri com un\u00a0<b><u>projecte de treball.<\/u><\/b><\/li>\n<li>Amb\u00a0<b><u>l&#8217;assessor\/a LIC<\/u><\/b>\u00a0del vostre centre podeu acordar diferents sessions de modelatge a l&#8217;aula.<\/li>\n<li>Els debats que aneu gravant podran ser emesos al\u00a0<b><u>programa\u00a0<a href=\"https:\/\/ja.cat\/radioescola\" target=\"_blank\" rel=\"noopener\" data-saferedirecturl=\"https:\/\/www.google.com\/url?q=https:\/\/ja.cat\/radioescola&amp;source=gmail&amp;ust=1738231377957000&amp;usg=AOvVaw2KOwiGc6YOSeZowbOSAMFy\">&#8220;R\u00e0dio Escola de R\u00e0dio Salt&#8221;<\/a>.<\/u><\/b><\/li>\n<\/ul>\n<\/div>\n","protected":false},"excerpt":{"rendered":"<p><a href=\"https:\/\/www.diaridegirona.cat\/girona\/2024\/03\/18\/escoles-final-concurs-educacio-retorica-coma-cros-debat-99596691.html\"><\/a>Font: Diari de Girona 18-3-24<\/p>\n<p>Com en cursos anteriors, el Servei Educatiu del Departament d&#8217;Educaci\u00f3 al Giron\u00e8s i el Comit\u00e8 Organitzador del Concurs impulsen una nova edici\u00f3 del &#8220;Concurs de Ret\u00f2rica a les Escoles del Giron\u00e8s&#8220;.\u00a0Enguany ser\u00e0 l&#8217;11a. edici\u00f3.<br \/>\nEl concurs es proposa:<\/p>\n<ol>\n<li>Contribuir a l&#8217;\u00fas de&hellip;  <a href=\"https:\/\/serveiseducatius.xtec.cat\/girona\/lic\/onzena-edicio-del-concurs-de-retorica\/\" title=\"Read Onzena edici\u00f3 del concurs de ret\u00f2rica\">Llegeix m\u00e9s\u00bb<\/a><br \/>\n","protected":false},"author":5,"featured_media":0,"comment_status":"open","ping_status":"closed","sticky":false,"template":"","format":"standard","meta":{"_bbp_topic_count":0,"_bbp_reply_count":0,"_bbp_total_topic_count":0,"_bbp_total_reply_count":0,"_bbp_voice_count":0,"_bbp_anonymous_reply_count":0,"_bbp_topic_count_hidden":0,"_bbp_reply_count_hidden":0,"_bbp_forum_subforum_count":0,"footnotes":""},"categories":[286],"tags":[498,500,423,499,370,439],"class_list":["post-8788","post","type-post","status-publish","format-standard","hentry","category-lic","tag-concurs-retorica","tag-escoles","tag-girona","tag-girones","tag-oralitat","tag-salt"],"post_mailing_queue_ids":[],"_links":{"self":[{"href":"https:\/\/serveiseducatius.xtec.cat\/girona\/wp-json\/wp\/v2\/posts\/8788","targetHints":{"allow":["GET"]}}],"collection":[{"href":"https:\/\/serveiseducatius.xtec.cat\/girona\/wp-json\/wp\/v2\/posts"}],"about":[{"href":"https:\/\/serveiseducatius.xtec.cat\/girona\/wp-json\/wp\/v2\/types\/post"}],"author":[{"embeddable":true,"href":"https:\/\/serveiseducatius.xtec.cat\/girona\/wp-json\/wp\/v2\/users\/5"}],"replies":[{"embeddable":true,"href":"https:\/\/serveiseducatius.xtec.cat\/girona\/wp-json\/wp\/v2\/comments?post=8788"}],"version-history":[{"count":4,"href":"https:\/\/serveiseducatius.xtec.cat\/girona\/wp-json\/wp\/v2\/posts\/8788\/revisions"}],"predecessor-version":[{"id":8793,"href":"https:\/\/serveiseducatius.xtec.cat\/girona\/wp-json\/wp\/v2\/posts\/8788\/revisions\/8793"}],"wp:attachment":[{"href":"https:\/\/serveiseducatius.xtec.cat\/girona\/wp-json\/wp\/v2\/media?parent=8788"}],"wp:term":[{"taxonomy":"category","embeddable":true,"href":"https:\/\/serveiseducatius.xtec.cat\/girona\/wp-json\/wp\/v2\/categories?post=8788"},{"taxonomy":"post_tag","embeddable":true,"href":"https:\/\/serveiseducatius.xtec.cat\/girona\/wp-json\/wp\/v2\/tags?post=8788"}],"curies":[{"name":"wp","href":"https:\/\/api.w.org\/{rel}","templated":true}]}}