{"id":8713,"date":"2024-05-13T18:41:07","date_gmt":"2024-05-13T16:41:07","guid":{"rendered":"https:\/\/serveiseducatius.xtec.cat\/girona\/?p=8713"},"modified":"2024-05-14T16:51:15","modified_gmt":"2024-05-14T14:51:15","slug":"tot-jugant-aprenem-catala","status":"publish","type":"post","link":"https:\/\/serveiseducatius.xtec.cat\/girona\/lic\/tot-jugant-aprenem-catala\/","title":{"rendered":"Tot jugant, aprenem catal\u00e0"},"content":{"rendered":"<p>&nbsp;<\/p>\n<p><a href=\"https:\/\/serveiseducatius.xtec.cat\/girona\/wp-content\/uploads\/usu2520\/2024\/05\/2.jpg\"><img loading=\"lazy\" decoding=\"async\" class=\"aligncenter wp-image-8715 size-large\" src=\"https:\/\/serveiseducatius.xtec.cat\/girona\/wp-content\/uploads\/usu2520\/2024\/05\/2-1024x768.jpg\" alt=\"\" width=\"1024\" height=\"768\" srcset=\"https:\/\/serveiseducatius.xtec.cat\/girona\/wp-content\/uploads\/usu2520\/2024\/05\/2-1024x768.jpg 1024w, https:\/\/serveiseducatius.xtec.cat\/girona\/wp-content\/uploads\/usu2520\/2024\/05\/2-300x225.jpg 300w, https:\/\/serveiseducatius.xtec.cat\/girona\/wp-content\/uploads\/usu2520\/2024\/05\/2-768x576.jpg 768w, https:\/\/serveiseducatius.xtec.cat\/girona\/wp-content\/uploads\/usu2520\/2024\/05\/2-1536x1152.jpg 1536w, https:\/\/serveiseducatius.xtec.cat\/girona\/wp-content\/uploads\/usu2520\/2024\/05\/2-200x150.jpg 200w, https:\/\/serveiseducatius.xtec.cat\/girona\/wp-content\/uploads\/usu2520\/2024\/05\/2.jpg 1600w\" sizes=\"auto, (max-width: 1024px) 100vw, 1024px\" \/><\/a><\/p>\n<p>El passat dijous 9 de maig un grup de\u00a0 tutores de les aules d\u2019acollida de la prov\u00edncia de Girona van poder gaudir de l\u2019activitat formativa <strong><em>Llenguajocs. Aprendre catal\u00e0 a trav\u00e9s de jocs<\/em><\/strong> als Serveis Educatius del Giron\u00e8s; posada a disposici\u00f3 des del Servei de Suports i Recursos ling\u00fc\u00edstics del Departament d\u2019Educaci\u00f3.<\/p>\n<p>Les assistents van tenir acc\u00e9s a diversitat de recursos per a implementar noves estrat\u00e8gies amb un enfocament m\u00e9s din\u00e0mic en l&#8217;ensenyament de la llengua catalana, aix\u00ed com en els seus aspectes socials i culturals relacionats. L&#8217;objectiu principal era fomentar la participaci\u00f3, l&#8217;aprenentatge i la creativitat dels alumnes.<\/p>\n<p>Durant un parell d\u2019hores es va reflexionar sobre el potencial did\u00e0ctic del joc, les habilitats que es treballen jugant i els avantatges d\u2019utilitzar el joc com a eina educativa per a l\u2019alumnat nouvingut.<\/p>\n<p>El taller va ser tot un \u00e8xit, ja que les participants van marxar molt satisfetes, amb la sensaci\u00f3 de poder millorar i ampliar els seus coneixements.<\/p>\n<p><a href=\"https:\/\/serveiseducatius.xtec.cat\/girona\/wp-content\/uploads\/usu2520\/2024\/05\/IMG-20240509-WA0049.jpg\"><img loading=\"lazy\" decoding=\"async\" class=\"wp-image-8714 size-medium alignleft\" src=\"https:\/\/serveiseducatius.xtec.cat\/girona\/wp-content\/uploads\/usu2520\/2024\/05\/IMG-20240509-WA0049-300x225.jpg\" alt=\"\" width=\"300\" height=\"225\" srcset=\"https:\/\/serveiseducatius.xtec.cat\/girona\/wp-content\/uploads\/usu2520\/2024\/05\/IMG-20240509-WA0049-300x225.jpg 300w, https:\/\/serveiseducatius.xtec.cat\/girona\/wp-content\/uploads\/usu2520\/2024\/05\/IMG-20240509-WA0049-1024x768.jpg 1024w, https:\/\/serveiseducatius.xtec.cat\/girona\/wp-content\/uploads\/usu2520\/2024\/05\/IMG-20240509-WA0049-768x576.jpg 768w, https:\/\/serveiseducatius.xtec.cat\/girona\/wp-content\/uploads\/usu2520\/2024\/05\/IMG-20240509-WA0049-1536x1152.jpg 1536w, https:\/\/serveiseducatius.xtec.cat\/girona\/wp-content\/uploads\/usu2520\/2024\/05\/IMG-20240509-WA0049-200x150.jpg 200w, https:\/\/serveiseducatius.xtec.cat\/girona\/wp-content\/uploads\/usu2520\/2024\/05\/IMG-20240509-WA0049.jpg 1600w\" sizes=\"auto, (max-width: 300px) 100vw, 300px\" \/><\/a><a href=\"https:\/\/serveiseducatius.xtec.cat\/girona\/wp-content\/uploads\/usu2520\/2024\/05\/3.jpg\"><img loading=\"lazy\" decoding=\"async\" class=\"alignright wp-image-8716 size-medium\" src=\"https:\/\/serveiseducatius.xtec.cat\/girona\/wp-content\/uploads\/usu2520\/2024\/05\/3-300x225.jpg\" alt=\"\" width=\"300\" height=\"225\" srcset=\"https:\/\/serveiseducatius.xtec.cat\/girona\/wp-content\/uploads\/usu2520\/2024\/05\/3-300x225.jpg 300w, https:\/\/serveiseducatius.xtec.cat\/girona\/wp-content\/uploads\/usu2520\/2024\/05\/3-1024x768.jpg 1024w, https:\/\/serveiseducatius.xtec.cat\/girona\/wp-content\/uploads\/usu2520\/2024\/05\/3-768x576.jpg 768w, https:\/\/serveiseducatius.xtec.cat\/girona\/wp-content\/uploads\/usu2520\/2024\/05\/3-1536x1152.jpg 1536w, https:\/\/serveiseducatius.xtec.cat\/girona\/wp-content\/uploads\/usu2520\/2024\/05\/3-200x150.jpg 200w, https:\/\/serveiseducatius.xtec.cat\/girona\/wp-content\/uploads\/usu2520\/2024\/05\/3.jpg 1600w\" sizes=\"auto, (max-width: 300px) 100vw, 300px\" \/><\/a><\/p>\n","protected":false},"excerpt":{"rendered":"<p>&nbsp;<br \/>\n<a href=\"https:\/\/serveiseducatius.xtec.cat\/girona\/wp-content\/uploads\/usu2520\/2024\/05\/2.jpg\"><\/a><br \/>\nEl passat dijous 9 de maig un grup de\u00a0 tutores de les aules d\u2019acollida de la prov\u00edncia de Girona van poder gaudir de l\u2019activitat formativa Llenguajocs. Aprendre catal\u00e0 a trav\u00e9s de jocs als Serveis Educatius del Giron\u00e8s; posada a disposici\u00f3 des del Servei de&hellip;  <a href=\"https:\/\/serveiseducatius.xtec.cat\/girona\/lic\/tot-jugant-aprenem-catala\/\" title=\"Read Tot jugant, aprenem catal\u00e0\">Llegeix m\u00e9s\u00bb<\/a><\/p>\n","protected":false},"author":5,"featured_media":0,"comment_status":"open","ping_status":"closed","sticky":false,"template":"","format":"standard","meta":{"_bbp_topic_count":0,"_bbp_reply_count":0,"_bbp_total_topic_count":0,"_bbp_total_reply_count":0,"_bbp_voice_count":0,"_bbp_anonymous_reply_count":0,"_bbp_topic_count_hidden":0,"_bbp_reply_count_hidden":0,"_bbp_forum_subforum_count":0,"footnotes":""},"categories":[286],"tags":[397,347,485,497,345],"class_list":["post-8713","post","type-post","status-publish","format-standard","hentry","category-lic","tag-acollida","tag-aprendre-catala","tag-aprenentatge-de-la-llengua","tag-jocs","tag-llengua-oral"],"post_mailing_queue_ids":[],"_links":{"self":[{"href":"https:\/\/serveiseducatius.xtec.cat\/girona\/wp-json\/wp\/v2\/posts\/8713","targetHints":{"allow":["GET"]}}],"collection":[{"href":"https:\/\/serveiseducatius.xtec.cat\/girona\/wp-json\/wp\/v2\/posts"}],"about":[{"href":"https:\/\/serveiseducatius.xtec.cat\/girona\/wp-json\/wp\/v2\/types\/post"}],"author":[{"embeddable":true,"href":"https:\/\/serveiseducatius.xtec.cat\/girona\/wp-json\/wp\/v2\/users\/5"}],"replies":[{"embeddable":true,"href":"https:\/\/serveiseducatius.xtec.cat\/girona\/wp-json\/wp\/v2\/comments?post=8713"}],"version-history":[{"count":3,"href":"https:\/\/serveiseducatius.xtec.cat\/girona\/wp-json\/wp\/v2\/posts\/8713\/revisions"}],"predecessor-version":[{"id":8719,"href":"https:\/\/serveiseducatius.xtec.cat\/girona\/wp-json\/wp\/v2\/posts\/8713\/revisions\/8719"}],"wp:attachment":[{"href":"https:\/\/serveiseducatius.xtec.cat\/girona\/wp-json\/wp\/v2\/media?parent=8713"}],"wp:term":[{"taxonomy":"category","embeddable":true,"href":"https:\/\/serveiseducatius.xtec.cat\/girona\/wp-json\/wp\/v2\/categories?post=8713"},{"taxonomy":"post_tag","embeddable":true,"href":"https:\/\/serveiseducatius.xtec.cat\/girona\/wp-json\/wp\/v2\/tags?post=8713"}],"curies":[{"name":"wp","href":"https:\/\/api.w.org\/{rel}","templated":true}]}}