{"id":8654,"date":"2023-10-03T14:34:58","date_gmt":"2023-10-03T12:34:58","guid":{"rendered":"https:\/\/serveiseducatius.xtec.cat\/girona\/?p=8654"},"modified":"2023-10-03T14:34:58","modified_gmt":"2023-10-03T12:34:58","slug":"la-gramatica-de-construccions-una-proposta-comunicativa-densenyament-aprenentatge-dels-pronoms-febles","status":"publish","type":"post","link":"https:\/\/serveiseducatius.xtec.cat\/girona\/lic\/la-gramatica-de-construccions-una-proposta-comunicativa-densenyament-aprenentatge-dels-pronoms-febles\/","title":{"rendered":"La Gram\u00e0tica de construccions: una proposta comunicativa d&#8217;ensenyament-aprenentatge dels pronoms febles"},"content":{"rendered":"<p><a href=\"https:\/\/serveiseducatius.xtec.cat\/girona\/wp-content\/uploads\/usu2520\/2023\/10\/Gramatica-de-construccions-una-proposta-comunicativa-densenyament-aprenentatge-dels-pronoms-febles-42-x-59.4-cm-Publicacio-dInstagram-3-1.png\"><img loading=\"lazy\" decoding=\"async\" class=\"aligncenter size-large wp-image-8655\" src=\"https:\/\/serveiseducatius.xtec.cat\/girona\/wp-content\/uploads\/usu2520\/2023\/10\/Gramatica-de-construccions-una-proposta-comunicativa-densenyament-aprenentatge-dels-pronoms-febles-42-x-59.4-cm-Publicacio-dInstagram-3-1-1024x1024.png\" alt=\"\" width=\"1024\" height=\"1024\" srcset=\"https:\/\/serveiseducatius.xtec.cat\/girona\/wp-content\/uploads\/usu2520\/2023\/10\/Gramatica-de-construccions-una-proposta-comunicativa-densenyament-aprenentatge-dels-pronoms-febles-42-x-59.4-cm-Publicacio-dInstagram-3-1-1024x1024.png 1024w, https:\/\/serveiseducatius.xtec.cat\/girona\/wp-content\/uploads\/usu2520\/2023\/10\/Gramatica-de-construccions-una-proposta-comunicativa-densenyament-aprenentatge-dels-pronoms-febles-42-x-59.4-cm-Publicacio-dInstagram-3-1-300x300.png 300w, https:\/\/serveiseducatius.xtec.cat\/girona\/wp-content\/uploads\/usu2520\/2023\/10\/Gramatica-de-construccions-una-proposta-comunicativa-densenyament-aprenentatge-dels-pronoms-febles-42-x-59.4-cm-Publicacio-dInstagram-3-1-150x150.png 150w, https:\/\/serveiseducatius.xtec.cat\/girona\/wp-content\/uploads\/usu2520\/2023\/10\/Gramatica-de-construccions-una-proposta-comunicativa-densenyament-aprenentatge-dels-pronoms-febles-42-x-59.4-cm-Publicacio-dInstagram-3-1-768x768.png 768w, https:\/\/serveiseducatius.xtec.cat\/girona\/wp-content\/uploads\/usu2520\/2023\/10\/Gramatica-de-construccions-una-proposta-comunicativa-densenyament-aprenentatge-dels-pronoms-febles-42-x-59.4-cm-Publicacio-dInstagram-3-1.png 1080w\" sizes=\"auto, (max-width: 1024px) 100vw, 1024px\" \/><\/a><\/p>\n<p>Proposta formativa en l\u00ednia adre\u00e7ada a professors de Llengua catalana per tal d\u2019oferir un nou enfocament did\u00e0ctic de la gram\u00e0tica.\u00a0 La proposta s\u2019adscriu a la l\u00ednia d\u2019investigaci\u00f3 dels doctors Andreu Sent\u00ed (Universitat de Val\u00e8ncia) i Carles Segura (Universitat d\u2019Alacant) sobre l\u2019an\u00e0lisi dels models d\u2019ensenyament-aprenentatge dels pronoms febles d\u2019estudiants de catal\u00e0 com a L2.<\/p>\n<p><em>\u00a0<\/em><\/p>\n","protected":false},"excerpt":{"rendered":"<p><a href=\"https:\/\/serveiseducatius.xtec.cat\/girona\/wp-content\/uploads\/usu2520\/2023\/10\/Gramatica-de-construccions-una-proposta-comunicativa-densenyament-aprenentatge-dels-pronoms-febles-42-x-59.4-cm-Publicacio-dInstagram-3-1.png\"><\/a><br \/>\nProposta formativa en l\u00ednia adre\u00e7ada a professors de Llengua catalana per tal d\u2019oferir un nou enfocament did\u00e0ctic de la gram\u00e0tica.\u00a0 La proposta s\u2019adscriu a la l\u00ednia d\u2019investigaci\u00f3 dels doctors Andreu Sent\u00ed (Universitat de Val\u00e8ncia) i Carles Segura (Universitat d\u2019Alacant) sobre l\u2019an\u00e0lisi dels models d\u2019ensenyament-aprenentatge&hellip;  <a href=\"https:\/\/serveiseducatius.xtec.cat\/girona\/lic\/la-gramatica-de-construccions-una-proposta-comunicativa-densenyament-aprenentatge-dels-pronoms-febles\/\" title=\"Read La Gram\u00e0tica de construccions: una proposta comunicativa d&#8217;ensenyament-aprenentatge dels pronoms febles\">Llegeix m\u00e9s\u00bb<\/a><\/p>\n","protected":false},"author":5,"featured_media":0,"comment_status":"open","ping_status":"closed","sticky":false,"template":"","format":"standard","meta":{"_bbp_topic_count":0,"_bbp_reply_count":0,"_bbp_total_topic_count":0,"_bbp_total_reply_count":0,"_bbp_voice_count":0,"_bbp_anonymous_reply_count":0,"_bbp_topic_count_hidden":0,"_bbp_reply_count_hidden":0,"_bbp_forum_subforum_count":0,"footnotes":""},"categories":[286],"tags":[485,488,486,487],"class_list":["post-8654","post","type-post","status-publish","format-standard","hentry","category-lic","tag-aprenentatge-de-la-llengua","tag-gramatica-de-construccions","tag-l2","tag-pronoms-febles"],"post_mailing_queue_ids":[],"_links":{"self":[{"href":"https:\/\/serveiseducatius.xtec.cat\/girona\/wp-json\/wp\/v2\/posts\/8654","targetHints":{"allow":["GET"]}}],"collection":[{"href":"https:\/\/serveiseducatius.xtec.cat\/girona\/wp-json\/wp\/v2\/posts"}],"about":[{"href":"https:\/\/serveiseducatius.xtec.cat\/girona\/wp-json\/wp\/v2\/types\/post"}],"author":[{"embeddable":true,"href":"https:\/\/serveiseducatius.xtec.cat\/girona\/wp-json\/wp\/v2\/users\/5"}],"replies":[{"embeddable":true,"href":"https:\/\/serveiseducatius.xtec.cat\/girona\/wp-json\/wp\/v2\/comments?post=8654"}],"version-history":[{"count":1,"href":"https:\/\/serveiseducatius.xtec.cat\/girona\/wp-json\/wp\/v2\/posts\/8654\/revisions"}],"predecessor-version":[{"id":8656,"href":"https:\/\/serveiseducatius.xtec.cat\/girona\/wp-json\/wp\/v2\/posts\/8654\/revisions\/8656"}],"wp:attachment":[{"href":"https:\/\/serveiseducatius.xtec.cat\/girona\/wp-json\/wp\/v2\/media?parent=8654"}],"wp:term":[{"taxonomy":"category","embeddable":true,"href":"https:\/\/serveiseducatius.xtec.cat\/girona\/wp-json\/wp\/v2\/categories?post=8654"},{"taxonomy":"post_tag","embeddable":true,"href":"https:\/\/serveiseducatius.xtec.cat\/girona\/wp-json\/wp\/v2\/tags?post=8654"}],"curies":[{"name":"wp","href":"https:\/\/api.w.org\/{rel}","templated":true}]}}