{"id":8604,"date":"2023-03-07T11:03:04","date_gmt":"2023-03-07T10:03:04","guid":{"rendered":"https:\/\/serveiseducatius.xtec.cat\/girona\/?p=8604"},"modified":"2023-03-08T20:25:06","modified_gmt":"2023-03-08T19:25:06","slug":"taller-dacollida-i-atencio-educativa-a-lalumnat-nouvingut","status":"publish","type":"post","link":"https:\/\/serveiseducatius.xtec.cat\/girona\/lic\/taller-dacollida-i-atencio-educativa-a-lalumnat-nouvingut\/","title":{"rendered":"Taller d\u2019acollida i atenci\u00f3 educativa a l\u2019alumnat nouvingut"},"content":{"rendered":"<p><strong>Un any m\u00e9s finalitzat el Taller d\u2019acollida i atenci\u00f3 educativa a l\u2019alumnat nouvingut<\/strong><\/p>\n<p>Any rere any s\u2019incorporen al nostre sistema educatiu nou alumnat de diferents proced\u00e8ncies geogr\u00e0fiques d\u2019arreu del m\u00f3n, per aquest motiu la Generalitat de Catalunya mitjan\u00e7ant el Departament d\u2019Educaci\u00f3 va crear les aules d\u2019acollida el curs 2004-2005. Un recurs que permet una tasca intensiva d\u2019aprenentatge de la llengua catalana, per\u00f2 tamb\u00e9 d\u2019atenci\u00f3 emocional i de personalitzaci\u00f3 del curr\u00edculum.<\/p>\n<p>Aquest alumnat nouvingut t\u00e9 un docent referent destacat, que es coordina amb el tutor o tutora del seu grup classe. Per tal d\u2019orientar, proposar eines i recursos s\u2019ofereix als nous tutors o tutores d\u2019aules d\u2019acollida durant el primer semestre el <strong>Taller d&#8217;acollida i atenci\u00f3 educativa a l\u2019alumnat nouvingut <\/strong>en format virtual sincr\u00f2nic. Aquest taller consta de set sessions de dues hores i la realitzaci\u00f3 d\u2019una tasca final, que consisteix en la presentaci\u00f3 d\u2019una situaci\u00f3 d\u2019aprenentatge portada a terme amb l\u2019alumnat durant el primer trimestre de curs.<\/p>\n<p>Enguany han estat cinquanta els nous tutors i tutores d\u2019aula d\u2019acollida que han cursat el taller. A la primera sessi\u00f3 tots els participants explicaren les seves aules d\u2019acollida, l\u2019alumnat que tenen i tamb\u00e9 algunes propostes que porten a terme. La resta de sessions es tractaren temes com l\u2019aprenentatge d\u2019una segona llengua, l\u2019organitzaci\u00f3 i gesti\u00f3 d\u2019una aula d\u2019acollida, els documents a tenir en compte, el treball intercultural\u2026 a c\u00e0rrec de diverses assessores LIC de la prov\u00edncia de Girona. Per finalitzar a la darrera sessi\u00f3 van poder fer un recorregut virtual a trav\u00e9s d\u2019un Genially de totes les presentacions.<\/p>\n<p>Les propostes de situacions d\u2019aprenentatge han estat molt variades, significatives i funcionals. Totes elles molt treballades i pensades per aprendre la llengua, per\u00f2 tamb\u00e9 per fomentar l\u2019arrelament i la cohesi\u00f3 social.<\/p>\n<p>A continuaci\u00f3 una mostra de totes les presentacions realitzades, si us interessa tenir informaci\u00f3 d\u2019alguna d\u2019elles, poseu-vos en contacte amb les vostres assessores LIC.<br \/>\n<iframe style=\"width: 100%;height: 100%;border: none;padding: 0;margin: 0\" src=\"https:\/\/www.canva.com\/design\/DAFcgMMfgaI\/view?embed\"><br \/>\n<\/iframe><\/div>\n<p>Lola Guerrero i Alba Montserrat<br \/>\nELIC ST Girona<\/p>\n","protected":false},"excerpt":{"rendered":"<p>Un any m\u00e9s finalitzat el Taller d\u2019acollida i atenci\u00f3 educativa a l\u2019alumnat nouvingut<br \/>\nAny rere any s\u2019incorporen al nostre sistema educatiu nou alumnat de diferents proced\u00e8ncies geogr\u00e0fiques d\u2019arreu del m\u00f3n, per aquest motiu la Generalitat de Catalunya mitjan\u00e7ant el Departament d\u2019Educaci\u00f3 va crear les aules d\u2019acollida&hellip;  <a href=\"https:\/\/serveiseducatius.xtec.cat\/girona\/lic\/taller-dacollida-i-atencio-educativa-a-lalumnat-nouvingut\/\" title=\"Read Taller d\u2019acollida i atenci\u00f3 educativa a l\u2019alumnat nouvingut\">Llegeix m\u00e9s\u00bb<\/a><\/p>\n","protected":false},"author":5,"featured_media":0,"comment_status":"open","ping_status":"closed","sticky":false,"template":"","format":"standard","meta":{"_bbp_topic_count":0,"_bbp_reply_count":0,"_bbp_total_topic_count":0,"_bbp_total_reply_count":0,"_bbp_voice_count":0,"_bbp_anonymous_reply_count":0,"_bbp_topic_count_hidden":0,"_bbp_reply_count_hidden":0,"_bbp_forum_subforum_count":0,"footnotes":""},"categories":[286],"tags":[397,445,346,377,398,380,462],"class_list":["post-8604","post","type-post","status-publish","format-standard","hentry","category-lic","tag-acollida","tag-alumnat-nouvingut","tag-aula-dacollida","tag-diversitat-linguistica","tag-interculturalitat","tag-llengua","tag-tutors-es-daula-dacoliida"],"post_mailing_queue_ids":[],"_links":{"self":[{"href":"https:\/\/serveiseducatius.xtec.cat\/girona\/wp-json\/wp\/v2\/posts\/8604","targetHints":{"allow":["GET"]}}],"collection":[{"href":"https:\/\/serveiseducatius.xtec.cat\/girona\/wp-json\/wp\/v2\/posts"}],"about":[{"href":"https:\/\/serveiseducatius.xtec.cat\/girona\/wp-json\/wp\/v2\/types\/post"}],"author":[{"embeddable":true,"href":"https:\/\/serveiseducatius.xtec.cat\/girona\/wp-json\/wp\/v2\/users\/5"}],"replies":[{"embeddable":true,"href":"https:\/\/serveiseducatius.xtec.cat\/girona\/wp-json\/wp\/v2\/comments?post=8604"}],"version-history":[{"count":5,"href":"https:\/\/serveiseducatius.xtec.cat\/girona\/wp-json\/wp\/v2\/posts\/8604\/revisions"}],"predecessor-version":[{"id":8615,"href":"https:\/\/serveiseducatius.xtec.cat\/girona\/wp-json\/wp\/v2\/posts\/8604\/revisions\/8615"}],"wp:attachment":[{"href":"https:\/\/serveiseducatius.xtec.cat\/girona\/wp-json\/wp\/v2\/media?parent=8604"}],"wp:term":[{"taxonomy":"category","embeddable":true,"href":"https:\/\/serveiseducatius.xtec.cat\/girona\/wp-json\/wp\/v2\/categories?post=8604"},{"taxonomy":"post_tag","embeddable":true,"href":"https:\/\/serveiseducatius.xtec.cat\/girona\/wp-json\/wp\/v2\/tags?post=8604"}],"curies":[{"name":"wp","href":"https:\/\/api.w.org\/{rel}","templated":true}]}}