{"id":8593,"date":"2022-12-07T18:53:05","date_gmt":"2022-12-07T17:53:05","guid":{"rendered":"https:\/\/serveiseducatius.xtec.cat\/girona\/?p=8593"},"modified":"2022-12-07T18:53:05","modified_gmt":"2022-12-07T17:53:05","slug":"ciutadans-de-girona-ciutadans-del-mon","status":"publish","type":"post","link":"https:\/\/serveiseducatius.xtec.cat\/girona\/lic\/ciutadans-de-girona-ciutadans-del-mon\/","title":{"rendered":"Ciutadans de Girona, ciutadans del m\u00f3n"},"content":{"rendered":"<p><a href=\"https:\/\/serveiseducatius.xtec.cat\/girona\/wp-content\/uploads\/usu2520\/2022\/12\/c6e076f3-e946-4a93-a2ed-342da4d3500d_16-9-discover-aspect-ratio_default_0.jpg\"><img loading=\"lazy\" decoding=\"async\" class=\"aligncenter size-large wp-image-8594\" src=\"https:\/\/serveiseducatius.xtec.cat\/girona\/wp-content\/uploads\/usu2520\/2022\/12\/c6e076f3-e946-4a93-a2ed-342da4d3500d_16-9-discover-aspect-ratio_default_0-1024x576.jpg\" alt=\"\" width=\"1024\" height=\"576\" srcset=\"https:\/\/serveiseducatius.xtec.cat\/girona\/wp-content\/uploads\/usu2520\/2022\/12\/c6e076f3-e946-4a93-a2ed-342da4d3500d_16-9-discover-aspect-ratio_default_0-1024x576.jpg 1024w, https:\/\/serveiseducatius.xtec.cat\/girona\/wp-content\/uploads\/usu2520\/2022\/12\/c6e076f3-e946-4a93-a2ed-342da4d3500d_16-9-discover-aspect-ratio_default_0-300x169.jpg 300w, https:\/\/serveiseducatius.xtec.cat\/girona\/wp-content\/uploads\/usu2520\/2022\/12\/c6e076f3-e946-4a93-a2ed-342da4d3500d_16-9-discover-aspect-ratio_default_0-768x432.jpg 768w, https:\/\/serveiseducatius.xtec.cat\/girona\/wp-content\/uploads\/usu2520\/2022\/12\/c6e076f3-e946-4a93-a2ed-342da4d3500d_16-9-discover-aspect-ratio_default_0.jpg 1200w\" sizes=\"auto, (max-width: 1024px) 100vw, 1024px\" \/><\/a><\/p>\n<p>Activitat organitzada pel grup de treball de tutors i tutores d\u2019aula d\u2019acollida dels instituts de secund\u00e0ria\u00a0 i Recursos Educatius de l\u2019Ajuntament de Girona<\/p>\n<p>M\u00e9s d\u2019un centenar d\u2019alumnes de les aules d\u2019acollida de secund\u00e0ria van participar a l\u2019acte de benvinguda, que la ciutat de Girona els va oferir el passat divendres dia 2 de desembre.<\/p>\n<p>La matinal es va iniciar al Centre Cultural La Merc\u00e8 amb un missatge de benvinguda del Regidor d\u2019Educaci\u00f3, Inf\u00e0ncia i Esports de l\u2019Ajuntament, \u00c0dam Bertran. Seguidament l\u2019alumnat nouvingut dels instituts de secund\u00e0ria de Santa Eug\u00e8nia, Montilivi, Ermessenda, Jaume Vicens Vives, Narc\u00eds Xifra, Carles Rahola i Bell-lloc del Pla van fer les presentacions de cadascun dels centres, que pr\u00e8viament havien treballat a les seves aules. Per finalitzar la primera part de l\u2019acte tots plegats vam cantar la can\u00e7\u00f3 <em>Sense tu<\/em> de Ter\u00e0pia de Shock, acompanyats per l\u2019alumnat de l\u2019optativa de m\u00fasica de 4t d\u2019ESO de l\u2019institut Montilivi.<\/p>\n<p>Girona \u00e9s una ciutat que s\u2019ha anat construint a ambdues ribes del riu Onyar. Al llarg de la hist\u00f2ria, els ponts han jugat un paper molt important per la ciutat. Per aquest motiu la jornada va continuar amb una acci\u00f3 simb\u00f2lica en un dels ponts m\u00e9s emblem\u00e0tics de la ciutat, el Pont de Pedra, on v\u00e0rem fer una fotografia de tots els participants, que portaven a la m\u00e0 una petita bandera del seu pa\u00eds d\u2019origen amb un desig escrit que van poder intercanviar.<\/p>\n<p>La darrera part va consistir en una ronda de jocs tradicionals catalans que van tenir lloc a la Copa (La Devesa) amb l\u2019objectiu de poder gaudir d\u2019un espai de coneixen\u00e7a i intercanvi entre l\u2019alumnat dels diversos centres. L\u2019acte va acabar amb l\u2019actuaci\u00f3 oferta per <em>Batucada UdG.<\/em><\/p>\n<p>&nbsp;<\/p>\n<p style=\"text-align: right\"><em>Equip LIC Giron\u00e8s<\/em><\/p>\n","protected":false},"excerpt":{"rendered":"<p><a href=\"https:\/\/serveiseducatius.xtec.cat\/girona\/wp-content\/uploads\/usu2520\/2022\/12\/c6e076f3-e946-4a93-a2ed-342da4d3500d_16-9-discover-aspect-ratio_default_0.jpg\"><\/a><br \/>\nActivitat organitzada pel grup de treball de tutors i tutores d\u2019aula d\u2019acollida dels instituts de secund\u00e0ria\u00a0 i Recursos Educatius de l\u2019Ajuntament de Girona<br \/>\nM\u00e9s d\u2019un centenar d\u2019alumnes de les aules d\u2019acollida de secund\u00e0ria van participar a l\u2019acte de benvinguda, que la ciutat de Girona els&hellip;  <a href=\"https:\/\/serveiseducatius.xtec.cat\/girona\/lic\/ciutadans-de-girona-ciutadans-del-mon\/\" title=\"Read Ciutadans de Girona, ciutadans del m\u00f3n\">Llegeix m\u00e9s\u00bb<\/a><\/p>\n","protected":false},"author":5,"featured_media":0,"comment_status":"open","ping_status":"closed","sticky":false,"template":"","format":"standard","meta":{"_bbp_topic_count":0,"_bbp_reply_count":0,"_bbp_total_topic_count":0,"_bbp_total_reply_count":0,"_bbp_voice_count":0,"_bbp_anonymous_reply_count":0,"_bbp_topic_count_hidden":0,"_bbp_reply_count_hidden":0,"_bbp_forum_subforum_count":0,"footnotes":""},"categories":[286],"tags":[397,455,445,457,383,459,458],"class_list":["post-8593","post","type-post","status-publish","format-standard","hentry","category-lic","tag-acollida","tag-ajuntament-de-girona","tag-alumnat-nouvingut","tag-alumnat-origen-estranger","tag-aules-dacollida","tag-equip-lic","tag-serveis-educatius"],"post_mailing_queue_ids":[],"_links":{"self":[{"href":"https:\/\/serveiseducatius.xtec.cat\/girona\/wp-json\/wp\/v2\/posts\/8593","targetHints":{"allow":["GET"]}}],"collection":[{"href":"https:\/\/serveiseducatius.xtec.cat\/girona\/wp-json\/wp\/v2\/posts"}],"about":[{"href":"https:\/\/serveiseducatius.xtec.cat\/girona\/wp-json\/wp\/v2\/types\/post"}],"author":[{"embeddable":true,"href":"https:\/\/serveiseducatius.xtec.cat\/girona\/wp-json\/wp\/v2\/users\/5"}],"replies":[{"embeddable":true,"href":"https:\/\/serveiseducatius.xtec.cat\/girona\/wp-json\/wp\/v2\/comments?post=8593"}],"version-history":[{"count":1,"href":"https:\/\/serveiseducatius.xtec.cat\/girona\/wp-json\/wp\/v2\/posts\/8593\/revisions"}],"predecessor-version":[{"id":8595,"href":"https:\/\/serveiseducatius.xtec.cat\/girona\/wp-json\/wp\/v2\/posts\/8593\/revisions\/8595"}],"wp:attachment":[{"href":"https:\/\/serveiseducatius.xtec.cat\/girona\/wp-json\/wp\/v2\/media?parent=8593"}],"wp:term":[{"taxonomy":"category","embeddable":true,"href":"https:\/\/serveiseducatius.xtec.cat\/girona\/wp-json\/wp\/v2\/categories?post=8593"},{"taxonomy":"post_tag","embeddable":true,"href":"https:\/\/serveiseducatius.xtec.cat\/girona\/wp-json\/wp\/v2\/tags?post=8593"}],"curies":[{"name":"wp","href":"https:\/\/api.w.org\/{rel}","templated":true}]}}