{"id":8577,"date":"2022-11-24T11:53:42","date_gmt":"2022-11-24T10:53:42","guid":{"rendered":"https:\/\/serveiseducatius.xtec.cat\/girona\/?p=8577"},"modified":"2022-11-25T09:09:15","modified_gmt":"2022-11-25T08:09:15","slug":"premi-aps-que-la-xarxa-espanyola-daprenentatge-servei-i-la-fundacio-edebe","status":"publish","type":"post","link":"https:\/\/serveiseducatius.xtec.cat\/girona\/lic\/premi-aps-que-la-xarxa-espanyola-daprenentatge-servei-i-la-fundacio-edebe\/","title":{"rendered":"Premi Aps de la Xarxa Espanyola d&#8217;Aprenentatge Servei i la Fundaci\u00f3 Edeb\u00e9"},"content":{"rendered":"<p>Us fem part\u00edcips de la not\u00edcia que l&#8217;<strong>Institut Salvador Sunyer de Salt<\/strong>, amb el projecte<span style=\"font-size: large\"><b>\u00a0&#8220;Fem un Salt m\u00e9s inclusiu&#8221;<\/b><\/span>\u00a0ha guanyat a l&#8217;edici\u00f3 d&#8217;enguany dels premis Aps que la Xarxa Espanyola d&#8217;Aprenentatge Servei i la Fundaci\u00f3 Edeb\u00e9, amb la col\u00b7laboraci\u00f3 del Ministeri d&#8217;Educaci\u00f3 i Formaci\u00f3 Professional, organitzen anualment.<\/p>\n<div><\/div>\n<div>\n<p>Ens n&#8217;alegrem i felicitem\u00a0 l&#8217;equip docent juntament amb tota la comunitat educativa de l&#8217;Institut.<\/p>\n<div>\n<div><\/div>\n<div>Accediu a tota la informaci\u00f3 a:<\/div>\n<div><\/div>\n<div><a href=\"https:\/\/agora.xtec.cat\/inssalvadorsunyer\/general\/el-sunyer-guanya-el-premio-aprendizaje-servicio-2022\/\" target=\"_blank\" rel=\"noopener\" data-saferedirecturl=\"https:\/\/www.google.com\/url?q=https:\/\/agora.xtec.cat\/inssalvadorsunyer\/general\/el-sunyer-guanya-el-premio-aprendizaje-servicio-2022\/&amp;source=gmail&amp;ust=1669193255069000&amp;usg=AOvVaw24kxwHI8SBxu6v5WfF7iht\">https:\/\/agora.xtec.cat\/inssalvadorsunyer\/general\/el-sunyer-guanya-el-premio-aprendizaje-servicio-2022\/<\/a><\/div>\n<div><span lang=\"CA\">\u00a0<\/span><\/div>\n<p><a href=\"https:\/\/aprendizajeservicio.com\/\" target=\"_blank\" rel=\"noopener\" data-saferedirecturl=\"https:\/\/www.google.com\/url?q=https:\/\/aprendizajeservicio.com\/&amp;source=gmail&amp;ust=1669193255069000&amp;usg=AOvVaw1z8fZ2fcogwl9R7KRq2Okx\">https:\/\/aprendizajeservicio.com\/<\/a><\/p>\n<div><span lang=\"CA\">\u00a0<\/span><\/div>\n<div><span lang=\"CA\"><a href=\"https:\/\/www.elpuntavui.cat\/societat\/article\/16-educacio\/2219137-premien-l-ins-sunyer-de-salt-per-un-projecte-de-millora-de-la-inclusio.html\" target=\"_blank\" rel=\"noopener\" data-saferedirecturl=\"https:\/\/www.google.com\/url?q=https:\/\/www.elpuntavui.cat\/societat\/article\/16-educacio\/2219137-premien-l-ins-sunyer-de-salt-per-un-projecte-de-millora-de-la-inclusio.html&amp;source=gmail&amp;ust=1669193255069000&amp;usg=AOvVaw0OK-xMWqaW3SbNxBZNiZWI\">https:\/\/www.elpuntavui.cat\/societat\/article\/16-educacio\/2219137-premien-l-ins-sunyer-de-salt-per-un-projecte-de-millora-de-la-inclusio.html<\/a><br \/>\n<\/span><\/div>\n<\/div>\n<\/div>\n","protected":false},"excerpt":{"rendered":"<p>Us fem part\u00edcips de la not\u00edcia que l&#8217;Institut Salvador Sunyer de Salt, amb el projecte\u00a0&#8220;Fem un Salt m\u00e9s inclusiu&#8221;\u00a0ha guanyat a l&#8217;edici\u00f3 d&#8217;enguany dels premis Aps que la Xarxa Espanyola d&#8217;Aprenentatge Servei i la Fundaci\u00f3 Edeb\u00e9, amb la col\u00b7laboraci\u00f3 del Ministeri d&#8217;Educaci\u00f3 i Formaci\u00f3 Professional,&hellip;  <a href=\"https:\/\/serveiseducatius.xtec.cat\/girona\/lic\/premi-aps-que-la-xarxa-espanyola-daprenentatge-servei-i-la-fundacio-edebe\/\" title=\"Read Premi Aps de la Xarxa Espanyola d&#8217;Aprenentatge Servei i la Fundaci\u00f3 Edeb\u00e9\">Llegeix m\u00e9s\u00bb<\/a><\/p>\n","protected":false},"author":5,"featured_media":0,"comment_status":"open","ping_status":"closed","sticky":false,"template":"","format":"standard","meta":{"_bbp_topic_count":0,"_bbp_reply_count":0,"_bbp_total_topic_count":0,"_bbp_total_reply_count":0,"_bbp_voice_count":0,"_bbp_anonymous_reply_count":0,"_bbp_topic_count_hidden":0,"_bbp_reply_count_hidden":0,"_bbp_forum_subforum_count":0,"footnotes":""},"categories":[286],"tags":[401,447,439,403],"class_list":["post-8577","post","type-post","status-publish","format-standard","hentry","category-lic","tag-aps","tag-institut-salvador-sunyer","tag-salt","tag-servei-comunitari"],"post_mailing_queue_ids":[],"_links":{"self":[{"href":"https:\/\/serveiseducatius.xtec.cat\/girona\/wp-json\/wp\/v2\/posts\/8577","targetHints":{"allow":["GET"]}}],"collection":[{"href":"https:\/\/serveiseducatius.xtec.cat\/girona\/wp-json\/wp\/v2\/posts"}],"about":[{"href":"https:\/\/serveiseducatius.xtec.cat\/girona\/wp-json\/wp\/v2\/types\/post"}],"author":[{"embeddable":true,"href":"https:\/\/serveiseducatius.xtec.cat\/girona\/wp-json\/wp\/v2\/users\/5"}],"replies":[{"embeddable":true,"href":"https:\/\/serveiseducatius.xtec.cat\/girona\/wp-json\/wp\/v2\/comments?post=8577"}],"version-history":[{"count":2,"href":"https:\/\/serveiseducatius.xtec.cat\/girona\/wp-json\/wp\/v2\/posts\/8577\/revisions"}],"predecessor-version":[{"id":8581,"href":"https:\/\/serveiseducatius.xtec.cat\/girona\/wp-json\/wp\/v2\/posts\/8577\/revisions\/8581"}],"wp:attachment":[{"href":"https:\/\/serveiseducatius.xtec.cat\/girona\/wp-json\/wp\/v2\/media?parent=8577"}],"wp:term":[{"taxonomy":"category","embeddable":true,"href":"https:\/\/serveiseducatius.xtec.cat\/girona\/wp-json\/wp\/v2\/categories?post=8577"},{"taxonomy":"post_tag","embeddable":true,"href":"https:\/\/serveiseducatius.xtec.cat\/girona\/wp-json\/wp\/v2\/tags?post=8577"}],"curies":[{"name":"wp","href":"https:\/\/api.w.org\/{rel}","templated":true}]}}