{"id":8573,"date":"2022-11-16T14:09:14","date_gmt":"2022-11-16T13:09:14","guid":{"rendered":"https:\/\/serveiseducatius.xtec.cat\/girona\/?p=8573"},"modified":"2022-11-16T14:10:13","modified_gmt":"2022-11-16T13:10:13","slug":"site-daula-dacollida-del-se-de-la-selva-ii","status":"publish","type":"post","link":"https:\/\/serveiseducatius.xtec.cat\/girona\/lic\/site-daula-dacollida-del-se-de-la-selva-ii\/","title":{"rendered":"Site d&#8217;aula d&#8217;acollida del SE de La Selva II"},"content":{"rendered":"<p><a href=\"https:\/\/serveiseducatius.xtec.cat\/girona\/wp-content\/uploads\/usu2520\/2022\/11\/Captura.png\"><img loading=\"lazy\" decoding=\"async\" class=\"aligncenter size-full wp-image-8575\" src=\"https:\/\/serveiseducatius.xtec.cat\/girona\/wp-content\/uploads\/usu2520\/2022\/11\/Captura.png\" alt=\"\" width=\"547\" height=\"201\" srcset=\"https:\/\/serveiseducatius.xtec.cat\/girona\/wp-content\/uploads\/usu2520\/2022\/11\/Captura.png 547w, https:\/\/serveiseducatius.xtec.cat\/girona\/wp-content\/uploads\/usu2520\/2022\/11\/Captura-300x110.png 300w\" sizes=\"auto, (max-width: 547px) 100vw, 547px\" \/><\/a><\/p>\n<p>El\u00a0<strong><a href=\"https:\/\/sites.google.com\/xtec.cat\/selva2-aula-dacollida\/p%C3%A0gina-principal\" data-saferedirecturl=\"https:\/\/www.google.com\/url?q=https:\/\/sites.google.com\/xtec.cat\/selva2-aula-dacollida\/p%25C3%25A0gina-principal&amp;source=gmail&amp;ust=1668689872917000&amp;usg=AOvVaw1FUtpNNbBvhFD_tSbMwmE2\">sites d\u2019aula d\u2019acollida de la Selva II<\/a><\/strong> va creixent!<\/p>\n<p>Dins l\u2019apartat d\u2019acollida emocional, hi trobareu material per a <strong><a href=\"https:\/\/sites.google.com\/xtec.cat\/selva2-aula-dacollida\/acompanyament-emocionalalumnat-refugiat\" data-saferedirecturl=\"https:\/\/www.google.com\/url?q=https:\/\/sites.google.com\/xtec.cat\/selva2-aula-dacollida\/acompanyament-emocionalalumnat-refugiat&amp;source=gmail&amp;ust=1668689872918000&amp;usg=AOvVaw0d0QkkHXx9wF5JAdz8nIDY\">l\u2019alumnat refugiat i material per a l\u2019alumnat refugiat provinent d\u2019Ucra\u00efna.\u00a0\u00a0<\/a><\/strong><\/p>\n<p>Alhora, han creat una pestanya per <strong><a href=\"https:\/\/sites.google.com\/xtec.cat\/selva2-aula-dacollida\/recursos-alumnat-per-llengua-dorigen\" data-saferedirecturl=\"https:\/\/www.google.com\/url?q=https:\/\/sites.google.com\/xtec.cat\/selva2-aula-dacollida\/recursos-alumnat-per-llengua-dorigen&amp;source=gmail&amp;ust=1668689872918000&amp;usg=AOvVaw34DpCLtxG0hyK75LyMsn71\">alumnat, llengua d\u2019origen<\/a><\/strong>. De moment n&#8217;hi ha per alumnat alban\u00e8s, ucra\u00efn\u00e8s i xin\u00e8s.<\/p>\n<p>&nbsp;<\/p>\n<p style=\"text-align: right\"><em>ELIC Selva II<\/em><\/p>\n","protected":false},"excerpt":{"rendered":"<p><a href=\"https:\/\/serveiseducatius.xtec.cat\/girona\/wp-content\/uploads\/usu2520\/2022\/11\/Captura.png\"><\/a><br \/>\nEl\u00a0<a href=\"https:\/\/sites.google.com\/xtec.cat\/selva2-aula-dacollida\/p%C3%A0gina-principal\" data-saferedirecturl=\"https:\/\/www.google.com\/url?q=https:\/\/sites.google.com\/xtec.cat\/selva2-aula-dacollida\/p%25C3%25A0gina-principal&amp;source=gmail&amp;ust=1668689872917000&amp;usg=AOvVaw1FUtpNNbBvhFD_tSbMwmE2\">sites d\u2019aula d\u2019acollida de la Selva II<\/a> va creixent!<br \/>\nDins l\u2019apartat d\u2019acollida emocional, hi trobareu material per a <a href=\"https:\/\/sites.google.com\/xtec.cat\/selva2-aula-dacollida\/acompanyament-emocionalalumnat-refugiat\" data-saferedirecturl=\"https:\/\/www.google.com\/url?q=https:\/\/sites.google.com\/xtec.cat\/selva2-aula-dacollida\/acompanyament-emocionalalumnat-refugiat&amp;source=gmail&amp;ust=1668689872918000&amp;usg=AOvVaw0d0QkkHXx9wF5JAdz8nIDY\">l\u2019alumnat refugiat i material per a l\u2019alumnat refugiat provinent d\u2019Ucra\u00efna.\u00a0\u00a0<\/a><br \/>\nAlhora, han creat una pestanya per <a href=\"https:\/\/sites.google.com\/xtec.cat\/selva2-aula-dacollida\/recursos-alumnat-per-llengua-dorigen\" data-saferedirecturl=\"https:\/\/www.google.com\/url?q=https:\/\/sites.google.com\/xtec.cat\/selva2-aula-dacollida\/recursos-alumnat-per-llengua-dorigen&amp;source=gmail&amp;ust=1668689872918000&amp;usg=AOvVaw34DpCLtxG0hyK75LyMsn71\">alumnat, llengua d\u2019origen<\/a>. De moment n&#8217;hi&hellip;  <a href=\"https:\/\/serveiseducatius.xtec.cat\/girona\/lic\/site-daula-dacollida-del-se-de-la-selva-ii\/\" title=\"Read Site d&#8217;aula d&#8217;acollida del SE de La Selva II\">Llegeix m\u00e9s\u00bb<\/a><\/p>\n","protected":false},"author":5,"featured_media":0,"comment_status":"open","ping_status":"closed","sticky":false,"template":"","format":"standard","meta":{"_bbp_topic_count":0,"_bbp_reply_count":0,"_bbp_total_topic_count":0,"_bbp_total_reply_count":0,"_bbp_voice_count":0,"_bbp_anonymous_reply_count":0,"_bbp_topic_count_hidden":0,"_bbp_reply_count_hidden":0,"_bbp_forum_subforum_count":0,"footnotes":""},"categories":[286],"tags":[397,444,445,346,446],"class_list":["post-8573","post","type-post","status-publish","format-standard","hentry","category-lic","tag-acollida","tag-alumnat-dorigen-estranger","tag-alumnat-nouvingut","tag-aula-dacollida","tag-materials-dacollida"],"post_mailing_queue_ids":[],"_links":{"self":[{"href":"https:\/\/serveiseducatius.xtec.cat\/girona\/wp-json\/wp\/v2\/posts\/8573","targetHints":{"allow":["GET"]}}],"collection":[{"href":"https:\/\/serveiseducatius.xtec.cat\/girona\/wp-json\/wp\/v2\/posts"}],"about":[{"href":"https:\/\/serveiseducatius.xtec.cat\/girona\/wp-json\/wp\/v2\/types\/post"}],"author":[{"embeddable":true,"href":"https:\/\/serveiseducatius.xtec.cat\/girona\/wp-json\/wp\/v2\/users\/5"}],"replies":[{"embeddable":true,"href":"https:\/\/serveiseducatius.xtec.cat\/girona\/wp-json\/wp\/v2\/comments?post=8573"}],"version-history":[{"count":2,"href":"https:\/\/serveiseducatius.xtec.cat\/girona\/wp-json\/wp\/v2\/posts\/8573\/revisions"}],"predecessor-version":[{"id":8576,"href":"https:\/\/serveiseducatius.xtec.cat\/girona\/wp-json\/wp\/v2\/posts\/8573\/revisions\/8576"}],"wp:attachment":[{"href":"https:\/\/serveiseducatius.xtec.cat\/girona\/wp-json\/wp\/v2\/media?parent=8573"}],"wp:term":[{"taxonomy":"category","embeddable":true,"href":"https:\/\/serveiseducatius.xtec.cat\/girona\/wp-json\/wp\/v2\/categories?post=8573"},{"taxonomy":"post_tag","embeddable":true,"href":"https:\/\/serveiseducatius.xtec.cat\/girona\/wp-json\/wp\/v2\/tags?post=8573"}],"curies":[{"name":"wp","href":"https:\/\/api.w.org\/{rel}","templated":true}]}}