{"id":8544,"date":"2022-10-03T20:32:15","date_gmt":"2022-10-03T18:32:15","guid":{"rendered":"https:\/\/serveiseducatius.xtec.cat\/girona\/?p=8544"},"modified":"2022-10-03T20:32:44","modified_gmt":"2022-10-03T18:32:44","slug":"cinema-infantil-en-catala","status":"publish","type":"post","link":"https:\/\/serveiseducatius.xtec.cat\/girona\/lic\/cinema-infantil-en-catala\/","title":{"rendered":"Cinema infantil en catal\u00e0"},"content":{"rendered":"<p><a href=\"https:\/\/serveiseducatius.xtec.cat\/girona\/wp-content\/uploads\/usu2520\/2022\/10\/cinc_340.jpg\"><img loading=\"lazy\" decoding=\"async\" class=\"aligncenter size-full wp-image-8545\" src=\"https:\/\/serveiseducatius.xtec.cat\/girona\/wp-content\/uploads\/usu2520\/2022\/10\/cinc_340.jpg\" alt=\"\" width=\"455\" height=\"225\" srcset=\"https:\/\/serveiseducatius.xtec.cat\/girona\/wp-content\/uploads\/usu2520\/2022\/10\/cinc_340.jpg 455w, https:\/\/serveiseducatius.xtec.cat\/girona\/wp-content\/uploads\/usu2520\/2022\/10\/cinc_340-300x148.jpg 300w\" sizes=\"auto, (max-width: 455px) 100vw, 455px\" \/><\/a><\/p>\n<p>Ja \u00e9s a punt de comen\u00e7ar el nou cicle de cinema infantil en catal\u00e0 a Girona, Platja d\u2019Aro, Blanes, Figueres, Roses, Olot i Ripoll.<\/p>\n<p>En aquest enlla\u00e7 trobareu els programes: <a href=\"http:\/\/www.gencat.cat\/llengua\/cinema\/cinc.html\" data-saferedirecturl=\"https:\/\/www.google.com\/url?q=http:\/\/www.gencat.cat\/llengua\/cinema\/cinc.html&amp;source=gmail&amp;ust=1664907145084000&amp;usg=AOvVaw2mtIF0Jko8dNhd2AH_w_aJ\">http:\/\/www.gencat.cat\/llengua\/cinema\/cinc.html<\/a>.<\/p>\n","protected":false},"excerpt":{"rendered":"<p><a href=\"https:\/\/serveiseducatius.xtec.cat\/girona\/wp-content\/uploads\/usu2520\/2022\/10\/cinc_340.jpg\"><\/a><br \/>\nJa \u00e9s a punt de comen\u00e7ar el nou cicle de cinema infantil en catal\u00e0 a Girona, Platja d\u2019Aro, Blanes, Figueres, Roses, Olot i Ripoll.<br \/>\nEn aquest enlla\u00e7 trobareu els programes: <a href=\"http:\/\/www.gencat.cat\/llengua\/cinema\/cinc.html\" data-saferedirecturl=\"https:\/\/www.google.com\/url?q=http:\/\/www.gencat.cat\/llengua\/cinema\/cinc.html&amp;source=gmail&amp;ust=1664907145084000&amp;usg=AOvVaw2mtIF0Jko8dNhd2AH_w_aJ\">http:\/\/www.gencat.cat\/llengua\/cinema\/cinc.html<\/a>.<\/p>\n","protected":false},"author":5,"featured_media":0,"comment_status":"open","ping_status":"closed","sticky":false,"template":"","format":"standard","meta":{"_bbp_topic_count":0,"_bbp_reply_count":0,"_bbp_total_topic_count":0,"_bbp_total_reply_count":0,"_bbp_voice_count":0,"_bbp_anonymous_reply_count":0,"_bbp_topic_count_hidden":0,"_bbp_reply_count_hidden":0,"_bbp_forum_subforum_count":0,"footnotes":""},"categories":[286],"tags":[425,392,422,426,423,428,424,412,427],"class_list":["post-8544","post","type-post","status-publish","format-standard","hentry","category-lic","tag-blanes","tag-catala","tag-cinema-infantil","tag-figueres","tag-girona","tag-olot","tag-platja-daro","tag-ripoll","tag-roses"],"post_mailing_queue_ids":[],"_links":{"self":[{"href":"https:\/\/serveiseducatius.xtec.cat\/girona\/wp-json\/wp\/v2\/posts\/8544","targetHints":{"allow":["GET"]}}],"collection":[{"href":"https:\/\/serveiseducatius.xtec.cat\/girona\/wp-json\/wp\/v2\/posts"}],"about":[{"href":"https:\/\/serveiseducatius.xtec.cat\/girona\/wp-json\/wp\/v2\/types\/post"}],"author":[{"embeddable":true,"href":"https:\/\/serveiseducatius.xtec.cat\/girona\/wp-json\/wp\/v2\/users\/5"}],"replies":[{"embeddable":true,"href":"https:\/\/serveiseducatius.xtec.cat\/girona\/wp-json\/wp\/v2\/comments?post=8544"}],"version-history":[{"count":2,"href":"https:\/\/serveiseducatius.xtec.cat\/girona\/wp-json\/wp\/v2\/posts\/8544\/revisions"}],"predecessor-version":[{"id":8547,"href":"https:\/\/serveiseducatius.xtec.cat\/girona\/wp-json\/wp\/v2\/posts\/8544\/revisions\/8547"}],"wp:attachment":[{"href":"https:\/\/serveiseducatius.xtec.cat\/girona\/wp-json\/wp\/v2\/media?parent=8544"}],"wp:term":[{"taxonomy":"category","embeddable":true,"href":"https:\/\/serveiseducatius.xtec.cat\/girona\/wp-json\/wp\/v2\/categories?post=8544"},{"taxonomy":"post_tag","embeddable":true,"href":"https:\/\/serveiseducatius.xtec.cat\/girona\/wp-json\/wp\/v2\/tags?post=8544"}],"curies":[{"name":"wp","href":"https:\/\/api.w.org\/{rel}","templated":true}]}}