{"id":8494,"date":"2022-04-07T11:54:33","date_gmt":"2022-04-07T09:54:33","guid":{"rendered":"https:\/\/serveiseducatius.xtec.cat\/girona\/?p=8494"},"modified":"2022-04-07T11:54:33","modified_gmt":"2022-04-07T09:54:33","slug":"concocatoria-del-premi-nacional-daps","status":"publish","type":"post","link":"https:\/\/serveiseducatius.xtec.cat\/girona\/lic\/concocatoria-del-premi-nacional-daps\/","title":{"rendered":"Concocat\u00f2ria del premi nacional d&#8217;ApS"},"content":{"rendered":"<p><a href=\"https:\/\/serveiseducatius.xtec.cat\/girona\/wp-content\/uploads\/usu2520\/2022\/04\/Captura.png\"><img loading=\"lazy\" decoding=\"async\" class=\"aligncenter size-full wp-image-8495\" src=\"https:\/\/serveiseducatius.xtec.cat\/girona\/wp-content\/uploads\/usu2520\/2022\/04\/Captura.png\" alt=\"\" width=\"282\" height=\"144\" \/><\/a><\/p>\n<p>La Xarxa Espanyola d&#8217;Aprenentatge Servei i la Fundaci\u00f3 Edeb\u00e9, amb la col\u00b7laboraci\u00f3 del Ministeri<br \/>\nd&#8217;Educaci\u00f3 i Formaci\u00f3 Professional, tornen a impulsar la convocat\u00f2ria de car\u00e0cter estatal <a href=\"https:\/\/aprendizajeservicio.com\/\">Premio<\/a><br \/>\n<a href=\"https:\/\/aprendizajeservicio.com\/\">Aprendizaje-Servicio 2022<\/a>, que enguany arriba a la seva setena edici\u00f3, adre\u00e7ada a entitats socials,<br \/>\ncentres d&#8217;educaci\u00f3 Infantil-Prim\u00e0ria, ESO-Batxillerat i Formaci\u00f3 Professional i Ocupacional, que<br \/>\nestiguin desenvolupant pr\u00e0ctiques de aprenentatge servei.<\/p>\n<p>S\u00f3n pr\u00e0ctiques que uneixen \u00e8xit educatiu i comprom\u00eds social. En elles, nens, nenes i joves<br \/>\ns&#8217;impliquen en accions destinades a millorar el seu entorn al mateix temps que enforteixen<br \/>\nconeixements, habilitats, actituds i valors: aprenen tot fent un servei a la comunitat.<\/p>\n<p>\u25aa Plantant arbres, aprenen sobre els boscos i el paisatge, la desforestaci\u00f3, el canvi clim\u00e0tic&#8230;<br \/>\n\u25aa Muntant una campanya de donaci\u00f3 de sang, aprenen sobre els grups sanguinis, els<br \/>\ncomponents de la sang i la seva funci\u00f3 en l&#8217;organisme, les transfusions&#8230;<br \/>\n\u25aa Creant un itinerari tur\u00edstic amb codis QR, aprenen sobre el patrimoni art\u00edstic i urban\u00edstic de la<br \/>\nseva poblaci\u00f3, sobre hist\u00f2ria, sobre tecnologia m\u00f2bil&#8230;<\/p>\n<p>I en totes aquestes experi\u00e8ncies, a m\u00e9s, els nois i noies aprenen esfor\u00e7, organitzaci\u00f3, treball en<br \/>\nequip, presa de decisions, solidaritat, empatia, habilitats comunicatives&#8230;<\/p>\n<p>Des de la <a href=\"https:\/\/aprendizajeservicio.com\/\">web https:\/\/ aprendizajeservicio.com<\/a> s&#8217;accedeix a tota la informaci\u00f3. Els projectes es<br \/>\npoden presentar en catal\u00e0, euskera, gallec i castell\u00e0. Hi ha temps fins al 30 de setembre 2022.<br \/>\nS&#8217;acullen projectes de dos cursos acad\u00e8mics: el 2020-2021 i el 2021-2022.<\/p>\n<p>Donen suport a aquesta iniciativa DKV Assegurances, Fundaci\u00f3 la Caixa, CENEAM (Ministeri de la<br \/>\nTransici\u00f3 Ecol\u00f2gica i Repte Demogr\u00e0fic), OEI (Organizaci\u00f3n de Estados Iberoamericanos), Fundaci\u00f3n Ana<br \/>\nBella, Mullor S.A, Educo, Plena Inclusi\u00f3n, Torresco, Esemtia, Fundaci\u00f3 Princesa de Girona, Esade, Arci<br \/>\nNature, ACES-Andalucia i l&#8217;Ajuntament de Sevilla.<\/p>\n<p>Si coneixeu educadors i educadores implicats en desenvolupar el talent dels nens, nenes i joves al<br \/>\nservei del b\u00e9 com\u00fa&#8230; animeu-los a presentar el seu projecte!<\/p>\n<p><a href=\"https:\/\/serveiseducatius.xtec.cat\/girona\/wp-content\/uploads\/usu2520\/2022\/04\/Captura2.png\"><img loading=\"lazy\" decoding=\"async\" class=\"aligncenter size-full wp-image-8496\" src=\"https:\/\/serveiseducatius.xtec.cat\/girona\/wp-content\/uploads\/usu2520\/2022\/04\/Captura2.png\" alt=\"\" width=\"670\" height=\"108\" srcset=\"https:\/\/serveiseducatius.xtec.cat\/girona\/wp-content\/uploads\/usu2520\/2022\/04\/Captura2.png 670w, https:\/\/serveiseducatius.xtec.cat\/girona\/wp-content\/uploads\/usu2520\/2022\/04\/Captura2-300x48.png 300w\" sizes=\"auto, (max-width: 670px) 100vw, 670px\" \/><\/a><\/p>\n","protected":false},"excerpt":{"rendered":"<p><a href=\"https:\/\/serveiseducatius.xtec.cat\/girona\/wp-content\/uploads\/usu2520\/2022\/04\/Captura.png\"><\/a><br \/>\nLa Xarxa Espanyola d&#8217;Aprenentatge Servei i la Fundaci\u00f3 Edeb\u00e9, amb la col\u00b7laboraci\u00f3 del Ministeri<br \/>\nd&#8217;Educaci\u00f3 i Formaci\u00f3 Professional, tornen a impulsar la convocat\u00f2ria de car\u00e0cter estatal <a href=\"https:\/\/aprendizajeservicio.com\/\">Premio<\/a><br \/>\n<a href=\"https:\/\/aprendizajeservicio.com\/\">Aprendizaje-Servicio 2022<\/a>, que enguany arriba a la seva setena edici\u00f3, adre\u00e7ada a entitats socials,<br \/>\ncentres d&#8217;educaci\u00f3 Infantil-Prim\u00e0ria, ESO-Batxillerat&hellip;  <a href=\"https:\/\/serveiseducatius.xtec.cat\/girona\/lic\/concocatoria-del-premi-nacional-daps\/\" title=\"Read Concocat\u00f2ria del premi nacional d&#8217;ApS\">Llegeix m\u00e9s\u00bb<\/a><\/p>\n","protected":false},"author":5,"featured_media":0,"comment_status":"open","ping_status":"closed","sticky":false,"template":"","format":"standard","meta":{"_bbp_topic_count":0,"_bbp_reply_count":0,"_bbp_total_topic_count":0,"_bbp_total_reply_count":0,"_bbp_voice_count":0,"_bbp_anonymous_reply_count":0,"_bbp_topic_count_hidden":0,"_bbp_reply_count_hidden":0,"_bbp_forum_subforum_count":0,"footnotes":""},"categories":[286],"tags":[401,403,406],"class_list":["post-8494","post","type-post","status-publish","format-standard","hentry","category-lic","tag-aps","tag-servei-comunitari","tag-valors"],"post_mailing_queue_ids":[],"_links":{"self":[{"href":"https:\/\/serveiseducatius.xtec.cat\/girona\/wp-json\/wp\/v2\/posts\/8494","targetHints":{"allow":["GET"]}}],"collection":[{"href":"https:\/\/serveiseducatius.xtec.cat\/girona\/wp-json\/wp\/v2\/posts"}],"about":[{"href":"https:\/\/serveiseducatius.xtec.cat\/girona\/wp-json\/wp\/v2\/types\/post"}],"author":[{"embeddable":true,"href":"https:\/\/serveiseducatius.xtec.cat\/girona\/wp-json\/wp\/v2\/users\/5"}],"replies":[{"embeddable":true,"href":"https:\/\/serveiseducatius.xtec.cat\/girona\/wp-json\/wp\/v2\/comments?post=8494"}],"version-history":[{"count":1,"href":"https:\/\/serveiseducatius.xtec.cat\/girona\/wp-json\/wp\/v2\/posts\/8494\/revisions"}],"predecessor-version":[{"id":8497,"href":"https:\/\/serveiseducatius.xtec.cat\/girona\/wp-json\/wp\/v2\/posts\/8494\/revisions\/8497"}],"wp:attachment":[{"href":"https:\/\/serveiseducatius.xtec.cat\/girona\/wp-json\/wp\/v2\/media?parent=8494"}],"wp:term":[{"taxonomy":"category","embeddable":true,"href":"https:\/\/serveiseducatius.xtec.cat\/girona\/wp-json\/wp\/v2\/categories?post=8494"},{"taxonomy":"post_tag","embeddable":true,"href":"https:\/\/serveiseducatius.xtec.cat\/girona\/wp-json\/wp\/v2\/tags?post=8494"}],"curies":[{"name":"wp","href":"https:\/\/api.w.org\/{rel}","templated":true}]}}