{"id":8484,"date":"2022-04-05T18:10:58","date_gmt":"2022-04-05T16:10:58","guid":{"rendered":"https:\/\/serveiseducatius.xtec.cat\/girona\/?p=8484"},"modified":"2022-04-05T18:10:58","modified_gmt":"2022-04-05T16:10:58","slug":"ii-concurs-de-videos-i-mems-humoristics","status":"publish","type":"post","link":"https:\/\/serveiseducatius.xtec.cat\/girona\/lic\/ii-concurs-de-videos-i-mems-humoristics\/","title":{"rendered":"II Concurs de V\u00eddeos i Mems Humor\u00edstics"},"content":{"rendered":"<p><a href=\"https:\/\/www.festivalcomic.cat\/2022\/index.php\/concurs\"><img loading=\"lazy\" decoding=\"async\" class=\"aligncenter size-full wp-image-8485\" src=\"https:\/\/serveiseducatius.xtec.cat\/girona\/wp-content\/uploads\/usu2520\/2022\/04\/2022-04-05_18-08-45.png\" alt=\"\" width=\"602\" height=\"131\" srcset=\"https:\/\/serveiseducatius.xtec.cat\/girona\/wp-content\/uploads\/usu2520\/2022\/04\/2022-04-05_18-08-45.png 602w, https:\/\/serveiseducatius.xtec.cat\/girona\/wp-content\/uploads\/usu2520\/2022\/04\/2022-04-05_18-08-45-300x65.png 300w\" sizes=\"auto, (max-width: 602px) 100vw, 602px\" \/><\/a><\/p>\n<p>Properament es celebrar\u00e0 el <strong><a href=\"https:\/\/www.festivalcomic.cat\/2022\/index.php\/concurs\" data-saferedirecturl=\"https:\/\/www.google.com\/url?q=https:\/\/www.festivalcomic.cat\/2022\/index.php\/concurs&amp;source=gmail&amp;ust=1649259558131000&amp;usg=AOvVaw2yzIxbNesn2hA6b6SpXaMC\">II Concurs de V\u00eddeos i Mems Humor\u00edstics<\/a><\/strong>, organitzat pel Festival C\u00f2mic Figueres amb el suport de la Secretaria de Pol\u00edtica Ling\u00fc\u00edstica i la col\u00b7laboraci\u00f3 del Consorci per\u00a0 a la Normalitzaci\u00f3 Ling\u00fc\u00edstica.<\/p>\n<p><strong>Fins al 13 d\u2019abril<\/strong> s\u2019hi poden presentar v\u00eddeos, mems o tuits humor\u00edstics en catal\u00e0 o aran\u00e8s, que seran valorats per un jurat format, entre d\u2019altres, per alguns dels influenciadors m\u00e9s coneguts del moment.<\/p>\n<p>Trobareu les bases de participaci\u00f3 <a href=\"https:\/\/www.festivalcomic.cat\/2022\/concursComic22-bases_de_participacio.pdf\" data-saferedirecturl=\"https:\/\/www.google.com\/url?q=https:\/\/www.festivalcomic.cat\/2022\/concursComic22-bases_de_participacio.pdf&amp;source=gmail&amp;ust=1649259558131000&amp;usg=AOvVaw2HfGucEBjqwSgiXCqn54yI\"> aqu\u00ed<\/a>. Veureu que enguany hi ha un apartat especialment dedicat a centres educatius.<\/p>\n<p><a href=\"https:\/\/serveiseducatius.xtec.cat\/girona\/wp-content\/uploads\/usu2520\/2022\/04\/2022-04-05_18-08-25.png\"><img loading=\"lazy\" decoding=\"async\" class=\"aligncenter size-full wp-image-8486\" src=\"https:\/\/serveiseducatius.xtec.cat\/girona\/wp-content\/uploads\/usu2520\/2022\/04\/2022-04-05_18-08-25.png\" alt=\"\" width=\"230\" height=\"119\" \/><\/a><\/p>\n","protected":false},"excerpt":{"rendered":"<p><a href=\"https:\/\/www.festivalcomic.cat\/2022\/index.php\/concurs\"><\/a><br \/>\nProperament es celebrar\u00e0 el <a href=\"https:\/\/www.festivalcomic.cat\/2022\/index.php\/concurs\" data-saferedirecturl=\"https:\/\/www.google.com\/url?q=https:\/\/www.festivalcomic.cat\/2022\/index.php\/concurs&amp;source=gmail&amp;ust=1649259558131000&amp;usg=AOvVaw2yzIxbNesn2hA6b6SpXaMC\">II Concurs de V\u00eddeos i Mems Humor\u00edstics<\/a>, organitzat pel Festival C\u00f2mic Figueres amb el suport de la Secretaria de Pol\u00edtica Ling\u00fc\u00edstica i la col\u00b7laboraci\u00f3 del Consorci per\u00a0 a la Normalitzaci\u00f3 Ling\u00fc\u00edstica.<br \/>\nFins al 13 d\u2019abril s\u2019hi poden presentar v\u00eddeos,&hellip;  <a href=\"https:\/\/serveiseducatius.xtec.cat\/girona\/lic\/ii-concurs-de-videos-i-mems-humoristics\/\" title=\"Read II Concurs de V\u00eddeos i Mems Humor\u00edstics\">Llegeix m\u00e9s\u00bb<\/a><\/p>\n","protected":false},"author":5,"featured_media":0,"comment_status":"open","ping_status":"closed","sticky":false,"template":"","format":"standard","meta":{"_bbp_topic_count":0,"_bbp_reply_count":0,"_bbp_total_topic_count":0,"_bbp_total_reply_count":0,"_bbp_voice_count":0,"_bbp_anonymous_reply_count":0,"_bbp_topic_count_hidden":0,"_bbp_reply_count_hidden":0,"_bbp_forum_subforum_count":0,"footnotes":""},"categories":[286],"tags":[392,393,391,394,395],"class_list":["post-8484","post","type-post","status-publish","format-standard","hentry","category-lic","tag-catala","tag-festival-comic","tag-humor","tag-parlem-en-catala","tag-riem-en-catala"],"post_mailing_queue_ids":[],"_links":{"self":[{"href":"https:\/\/serveiseducatius.xtec.cat\/girona\/wp-json\/wp\/v2\/posts\/8484","targetHints":{"allow":["GET"]}}],"collection":[{"href":"https:\/\/serveiseducatius.xtec.cat\/girona\/wp-json\/wp\/v2\/posts"}],"about":[{"href":"https:\/\/serveiseducatius.xtec.cat\/girona\/wp-json\/wp\/v2\/types\/post"}],"author":[{"embeddable":true,"href":"https:\/\/serveiseducatius.xtec.cat\/girona\/wp-json\/wp\/v2\/users\/5"}],"replies":[{"embeddable":true,"href":"https:\/\/serveiseducatius.xtec.cat\/girona\/wp-json\/wp\/v2\/comments?post=8484"}],"version-history":[{"count":1,"href":"https:\/\/serveiseducatius.xtec.cat\/girona\/wp-json\/wp\/v2\/posts\/8484\/revisions"}],"predecessor-version":[{"id":8487,"href":"https:\/\/serveiseducatius.xtec.cat\/girona\/wp-json\/wp\/v2\/posts\/8484\/revisions\/8487"}],"wp:attachment":[{"href":"https:\/\/serveiseducatius.xtec.cat\/girona\/wp-json\/wp\/v2\/media?parent=8484"}],"wp:term":[{"taxonomy":"category","embeddable":true,"href":"https:\/\/serveiseducatius.xtec.cat\/girona\/wp-json\/wp\/v2\/categories?post=8484"},{"taxonomy":"post_tag","embeddable":true,"href":"https:\/\/serveiseducatius.xtec.cat\/girona\/wp-json\/wp\/v2\/tags?post=8484"}],"curies":[{"name":"wp","href":"https:\/\/api.w.org\/{rel}","templated":true}]}}