{"id":8466,"date":"2022-02-17T17:13:20","date_gmt":"2022-02-17T16:13:20","guid":{"rendered":"https:\/\/serveiseducatius.xtec.cat\/girona\/?p=8466"},"modified":"2022-02-17T17:14:37","modified_gmt":"2022-02-17T16:14:37","slug":"parelles-linguistiques-als-centres-educatius-del-baix-emporda-seguint-el-model-del-voluntariat-per-la-llengua-del-consorci-per-a-la-normalitzacio-linguistica","status":"publish","type":"post","link":"https:\/\/serveiseducatius.xtec.cat\/girona\/lic\/parelles-linguistiques-als-centres-educatius-del-baix-emporda-seguint-el-model-del-voluntariat-per-la-llengua-del-consorci-per-a-la-normalitzacio-linguistica\/","title":{"rendered":"Parelles ling\u00fc\u00edstiques als centres educatius del Baix Empord\u00e0 seguint el model del Voluntariat per la llengua del Consorci per a la Normalitzaci\u00f3 Ling\u00fc\u00edstica"},"content":{"rendered":"<figure class=\"figure wp-caption aligncenter\"><a href=\"https:\/\/serveiseducatius.xtec.cat\/girona\/wp-content\/uploads\/usu2520\/2022\/02\/2022-02-17_17-07-44.png\"><img loading=\"lazy\" decoding=\"async\" class=\"wp-image-8467 size-full\" src=\"https:\/\/serveiseducatius.xtec.cat\/girona\/wp-content\/uploads\/usu2520\/2022\/02\/2022-02-17_17-07-44.png\" alt=\"\" width=\"309\" height=\"229\" srcset=\"https:\/\/serveiseducatius.xtec.cat\/girona\/wp-content\/uploads\/usu2520\/2022\/02\/2022-02-17_17-07-44.png 309w, https:\/\/serveiseducatius.xtec.cat\/girona\/wp-content\/uploads\/usu2520\/2022\/02\/2022-02-17_17-07-44-300x222.png 300w\" sizes=\"auto, (max-width: 309px) 100vw, 309px\" \/><\/a><figcaption class=\"wp-caption-text\">Guies de conversa de l&#8217;Institut Puig Cargol de Sant Antoni de Calonge<\/figcaption><\/figure>\n<p>&nbsp;<\/p>\n<p>Aquesta entrada \u00e9s un resum de l\u2019article que vam publicar amb l\u2019Anna Fuentes, coordinadora ling\u00fc\u00edstica (CLIC), de l\u2019Institut Puig Cargol de Sant Antoni de Calonge a la <a href=\"https:\/\/raco.cat\/index.php\/resercle\/article\/view\/393194\/488041\">revista Resercle n\u00famero 2<\/a>.<\/p>\n<p>L&#8217;experi\u00e8ncia consisteix a adaptar l&#8217;activitat de parelles ling\u00fc\u00edstiques ideada pel Consorci per a la Normalitzaci\u00f3 Ling\u00fc\u00edstica en el marc del Voluntariat per la Llengua per portar-la a terme amb l&#8217;alumnat nouvingut i els voluntaris dels centres de prim\u00e0ria i secund\u00e0ria participants. Es tracta d&#8217;una activitat complement\u00e0ria al treball d&#8217;aprenentatge de la llengua catalana a les aules d&#8217;acollida o com a suport ling\u00fc\u00edstic.<\/p>\n<p>A l\u2019article trobareu tota la informaci\u00f3 sobre com s\u2019estructura l\u2019activitat, tant a prim\u00e0ria com a secund\u00e0ria, els municipis que hi han participat, els materials que s\u2019utilitzen per trencar el gel, el cas concret de l\u2019Institut Puig Cargol i una mica de valoraci\u00f3 de punts forts i algun de feble.<\/p>\n<p>Tot i que el pes m\u00e9s important de l\u2019activitat recau en el centre educatiu, on CLICs i tutores d\u2019AA en s\u00f3n sovint les responsables que vetllen perqu\u00e8 tot rutlli, volem remarcar i agrair el treball d\u2019altres professionals implicades, com les t\u00e8cniques dels diferents ajuntaments i les assessores del Consorci per a la Normalitzaci\u00f3 Ling\u00fc\u00edstica (CPNL), que participen sobretot en els actes d\u2019inauguraci\u00f3 i cloenda..<\/p>\n<p>Vinculem aquesta activitat als PEE del municipi i quan hi ha m\u00e9s d\u2019un centre que organitza parelles ling\u00fc\u00edstiques, portem a terme una cloenda conjunta en algun espai municipal. En aquests actes, podem veure l\u2019amistat que s\u2019ha creat entre els participants, que sovint expliquen com han viscut l\u2019experi\u00e8ncia i s\u2019animen a preparar, per la trobada, petits festivals amb actuacions de tota mena.<\/p>\n<p>Pensem que les parelles ling\u00fc\u00edstiques s\u00f3n una eina fonamental per crear vincles i promoure l\u2019aprenentatge i l\u2019\u00fas de la llengua catalana als centres educatius. En aquest sentit us convidem a llegir l\u2019article i, si us hi animeu, a organitzar l\u2019activitat al vostre centre<\/p>\n<p>Aix\u00ed doncs, nom\u00e9s ens queda expressar un desig: per molts anys a les parelles\u00a0 ling\u00fc\u00edstiques als centres educatius!<\/p>\n<p>&nbsp;<\/p>\n<p>Marta Silvestre<\/p>\n<p>Assessora LIC Baix Empord\u00e0<\/p>\n<p>msilvest@xtec.cat<\/p>\n<p>&nbsp;<\/p>\n","protected":false},"excerpt":{"rendered":"<p><a href=\"https:\/\/serveiseducatius.xtec.cat\/girona\/wp-content\/uploads\/usu2520\/2022\/02\/2022-02-17_17-07-44.png\"><\/a>Guies de conversa de l&#8217;Institut Puig Cargol de Sant Antoni de Calonge<br \/>\n&nbsp;<br \/>\nAquesta entrada \u00e9s un resum de l\u2019article que vam publicar amb l\u2019Anna Fuentes, coordinadora ling\u00fc\u00edstica (CLIC), de l\u2019Institut Puig Cargol de Sant Antoni de Calonge a la <a href=\"https:\/\/raco.cat\/index.php\/resercle\/article\/view\/393194\/488041\">revista Resercle n\u00famero 2<\/a>.<br \/>\nL&#8217;experi\u00e8ncia consisteix&hellip;  <a href=\"https:\/\/serveiseducatius.xtec.cat\/girona\/lic\/parelles-linguistiques-als-centres-educatius-del-baix-emporda-seguint-el-model-del-voluntariat-per-la-llengua-del-consorci-per-a-la-normalitzacio-linguistica\/\" title=\"Read Parelles ling\u00fc\u00edstiques als centres educatius del Baix Empord\u00e0 seguint el model del Voluntariat per la llengua del Consorci per a la Normalitzaci\u00f3 Ling\u00fc\u00edstica\">Llegeix m\u00e9s\u00bb<\/a><\/p>\n","protected":false},"author":5,"featured_media":0,"comment_status":"open","ping_status":"closed","sticky":false,"template":"","format":"standard","meta":{"_bbp_topic_count":0,"_bbp_reply_count":0,"_bbp_total_topic_count":0,"_bbp_total_reply_count":0,"_bbp_voice_count":0,"_bbp_anonymous_reply_count":0,"_bbp_topic_count_hidden":0,"_bbp_reply_count_hidden":0,"_bbp_forum_subforum_count":0,"footnotes":""},"categories":[286],"tags":[381,382,380,378,379],"class_list":["post-8466","post","type-post","status-publish","format-standard","hentry","category-lic","tag-diversitat","tag-lic-baix-emporda","tag-llengua","tag-parelles-linguistiques","tag-revista-recercles"],"post_mailing_queue_ids":[],"_links":{"self":[{"href":"https:\/\/serveiseducatius.xtec.cat\/girona\/wp-json\/wp\/v2\/posts\/8466","targetHints":{"allow":["GET"]}}],"collection":[{"href":"https:\/\/serveiseducatius.xtec.cat\/girona\/wp-json\/wp\/v2\/posts"}],"about":[{"href":"https:\/\/serveiseducatius.xtec.cat\/girona\/wp-json\/wp\/v2\/types\/post"}],"author":[{"embeddable":true,"href":"https:\/\/serveiseducatius.xtec.cat\/girona\/wp-json\/wp\/v2\/users\/5"}],"replies":[{"embeddable":true,"href":"https:\/\/serveiseducatius.xtec.cat\/girona\/wp-json\/wp\/v2\/comments?post=8466"}],"version-history":[{"count":2,"href":"https:\/\/serveiseducatius.xtec.cat\/girona\/wp-json\/wp\/v2\/posts\/8466\/revisions"}],"predecessor-version":[{"id":8469,"href":"https:\/\/serveiseducatius.xtec.cat\/girona\/wp-json\/wp\/v2\/posts\/8466\/revisions\/8469"}],"wp:attachment":[{"href":"https:\/\/serveiseducatius.xtec.cat\/girona\/wp-json\/wp\/v2\/media?parent=8466"}],"wp:term":[{"taxonomy":"category","embeddable":true,"href":"https:\/\/serveiseducatius.xtec.cat\/girona\/wp-json\/wp\/v2\/categories?post=8466"},{"taxonomy":"post_tag","embeddable":true,"href":"https:\/\/serveiseducatius.xtec.cat\/girona\/wp-json\/wp\/v2\/tags?post=8466"}],"curies":[{"name":"wp","href":"https:\/\/api.w.org\/{rel}","templated":true}]}}