{"id":8447,"date":"2022-01-17T19:14:51","date_gmt":"2022-01-17T18:14:51","guid":{"rendered":"https:\/\/serveiseducatius.xtec.cat\/girona\/?p=8447"},"modified":"2022-01-17T19:16:20","modified_gmt":"2022-01-17T18:16:20","slug":"oralitat-nou-recurs-educatiu-per-al-foment-de-les-habilitats-orals","status":"publish","type":"post","link":"https:\/\/serveiseducatius.xtec.cat\/girona\/lic\/oralitat-nou-recurs-educatiu-per-al-foment-de-les-habilitats-orals\/","title":{"rendered":"Oralitat: nou recurs educatiu per al foment de les habilitats orals"},"content":{"rendered":"<p><a href=\"https:\/\/serveiseducatius.xtec.cat\/girona\/wp-content\/uploads\/usu2520\/2022\/01\/2022-01-17_19-10-07.png\"><img loading=\"lazy\" decoding=\"async\" class=\"aligncenter size-large wp-image-8448\" src=\"https:\/\/serveiseducatius.xtec.cat\/girona\/wp-content\/uploads\/usu2520\/2022\/01\/2022-01-17_19-10-07-1024x199.png\" alt=\"\" width=\"1024\" height=\"199\" srcset=\"https:\/\/serveiseducatius.xtec.cat\/girona\/wp-content\/uploads\/usu2520\/2022\/01\/2022-01-17_19-10-07-1024x199.png 1024w, https:\/\/serveiseducatius.xtec.cat\/girona\/wp-content\/uploads\/usu2520\/2022\/01\/2022-01-17_19-10-07-300x58.png 300w, https:\/\/serveiseducatius.xtec.cat\/girona\/wp-content\/uploads\/usu2520\/2022\/01\/2022-01-17_19-10-07-768x149.png 768w, https:\/\/serveiseducatius.xtec.cat\/girona\/wp-content\/uploads\/usu2520\/2022\/01\/2022-01-17_19-10-07.png 1462w\" sizes=\"auto, (max-width: 1024px) 100vw, 1024px\" \/><\/a><\/p>\n<p><a href=\"http:\/\/oralitat.upf.edu\"><strong>ORALITAT<\/strong> <\/a>\u00e9s un nou recurs educatiu per al foment de les habilitats orals. Ha estat finan\u00e7at amb un projecte RECERCAIXA i ha estat produ\u00eft en col\u00b7laboraci\u00f3 amb el programa\u00a0<a href=\"http:\/\/xtec.gencat.cat\/ca\/projectes\/llengua-oral\/tenim-la-paraula\/\"><em>Tenim la Paraula<\/em>,\u00a0del Departament d&#8217;Educaci\u00f3 de la Generalitat\u00a0de Catalunya<\/a>, i amb el suport del CLIK.<\/p>\n<p>Es tracta d&#8217;una eina multiling\u00fce (catal\u00e0, castell\u00e0 i angl\u00e8s) que permet apropar els darrers coneixements sobre l&#8217;ensenyament de les habilitats orals a la comunitat educativa.<\/p>\n<p>El web ofereix dos cursos en l\u00ednia:<\/p>\n<ul>\n<li>Apr\u00e8n a parlar en p\u00fablic (curs per adquirir t\u00e8cniques per parlar en p\u00fablic)<\/li>\n<li>Presenta oralment un treball acad\u00e8mic (curs format per deu consells pr\u00e0ctics per preparar la part oral d&#8217;un treball acad\u00e8mic), que contenen v\u00eddeos breus de part de 19 experts en habilitats orals i una s\u00e8rie d&#8217;exercicis autoavaluables.<\/li>\n<\/ul>\n<p>A m\u00e9s, el web cont\u00e9 un apartat dedicat a consells per a la doc\u00e8ncia, anomenat Caixa d&#8217;Eines Docents en qu\u00e8 diversos experts comparteixen eines per incorporar les habilitats orals a l&#8217;aula, i un altre, la Maleta d&#8217;Experi\u00e8ncies, on docents de secund\u00e0ria comparteixen experi\u00e8ncies engrescadores amb l&#8217;oralitat com a eix central.<\/p>\n<p>A continuaci\u00f3, podeu veure el v\u00eddeo introductori,<\/p>\n<div dir=\"ltr\">\n<div dir=\"ltr\">\n<div>\n<p>&nbsp;<\/p>\n<p><a href=\"https:\/\/www.youtube.com\/watch?v=MUWqC_HQvBI&amp;t=3s\"><img loading=\"lazy\" decoding=\"async\" class=\"aligncenter size-full wp-image-8449\" src=\"https:\/\/serveiseducatius.xtec.cat\/girona\/wp-content\/uploads\/usu2520\/2022\/01\/2022-01-17_19-12-18.png\" alt=\"\" width=\"606\" height=\"298\" srcset=\"https:\/\/serveiseducatius.xtec.cat\/girona\/wp-content\/uploads\/usu2520\/2022\/01\/2022-01-17_19-12-18.png 606w, https:\/\/serveiseducatius.xtec.cat\/girona\/wp-content\/uploads\/usu2520\/2022\/01\/2022-01-17_19-12-18-300x148.png 300w\" sizes=\"auto, (max-width: 606px) 100vw, 606px\" \/><\/a><\/p>\n<\/div>\n<\/div>\n<\/div>\n","protected":false},"excerpt":{"rendered":"<p><a href=\"https:\/\/serveiseducatius.xtec.cat\/girona\/wp-content\/uploads\/usu2520\/2022\/01\/2022-01-17_19-10-07.png\"><\/a><br \/>\n<a href=\"http:\/\/oralitat.upf.edu\">ORALITAT <\/a>\u00e9s un nou recurs educatiu per al foment de les habilitats orals. Ha estat finan\u00e7at amb un projecte RECERCAIXA i ha estat produ\u00eft en col\u00b7laboraci\u00f3 amb el programa\u00a0<a href=\"http:\/\/xtec.gencat.cat\/ca\/projectes\/llengua-oral\/tenim-la-paraula\/\">Tenim la Paraula,\u00a0del Departament d&#8217;Educaci\u00f3 de la Generalitat\u00a0de Catalunya<\/a>, i amb el suport del&hellip;  <a href=\"https:\/\/serveiseducatius.xtec.cat\/girona\/lic\/oralitat-nou-recurs-educatiu-per-al-foment-de-les-habilitats-orals\/\" title=\"Read Oralitat: nou recurs educatiu per al foment de les habilitats orals\">Llegeix m\u00e9s\u00bb<\/a><\/p>\n","protected":false},"author":5,"featured_media":0,"comment_status":"open","ping_status":"closed","sticky":false,"template":"","format":"standard","meta":{"_bbp_topic_count":0,"_bbp_reply_count":0,"_bbp_total_topic_count":0,"_bbp_total_reply_count":0,"_bbp_voice_count":0,"_bbp_anonymous_reply_count":0,"_bbp_topic_count_hidden":0,"_bbp_reply_count_hidden":0,"_bbp_forum_subforum_count":0,"footnotes":""},"categories":[286],"tags":[345,371,370,361],"class_list":["post-8447","post","type-post","status-publish","format-standard","hentry","category-lic","tag-llengua-oral","tag-llengues","tag-oralitat","tag-tenim-la-paraula"],"post_mailing_queue_ids":[],"_links":{"self":[{"href":"https:\/\/serveiseducatius.xtec.cat\/girona\/wp-json\/wp\/v2\/posts\/8447","targetHints":{"allow":["GET"]}}],"collection":[{"href":"https:\/\/serveiseducatius.xtec.cat\/girona\/wp-json\/wp\/v2\/posts"}],"about":[{"href":"https:\/\/serveiseducatius.xtec.cat\/girona\/wp-json\/wp\/v2\/types\/post"}],"author":[{"embeddable":true,"href":"https:\/\/serveiseducatius.xtec.cat\/girona\/wp-json\/wp\/v2\/users\/5"}],"replies":[{"embeddable":true,"href":"https:\/\/serveiseducatius.xtec.cat\/girona\/wp-json\/wp\/v2\/comments?post=8447"}],"version-history":[{"count":3,"href":"https:\/\/serveiseducatius.xtec.cat\/girona\/wp-json\/wp\/v2\/posts\/8447\/revisions"}],"predecessor-version":[{"id":8451,"href":"https:\/\/serveiseducatius.xtec.cat\/girona\/wp-json\/wp\/v2\/posts\/8447\/revisions\/8451"}],"wp:attachment":[{"href":"https:\/\/serveiseducatius.xtec.cat\/girona\/wp-json\/wp\/v2\/media?parent=8447"}],"wp:term":[{"taxonomy":"category","embeddable":true,"href":"https:\/\/serveiseducatius.xtec.cat\/girona\/wp-json\/wp\/v2\/categories?post=8447"},{"taxonomy":"post_tag","embeddable":true,"href":"https:\/\/serveiseducatius.xtec.cat\/girona\/wp-json\/wp\/v2\/tags?post=8447"}],"curies":[{"name":"wp","href":"https:\/\/api.w.org\/{rel}","templated":true}]}}