{"id":8440,"date":"2022-01-12T13:20:42","date_gmt":"2022-01-12T12:20:42","guid":{"rendered":"https:\/\/serveiseducatius.xtec.cat\/girona\/?p=8440"},"modified":"2022-01-12T13:20:42","modified_gmt":"2022-01-12T12:20:42","slug":"cicle-de-conferencies","status":"publish","type":"post","link":"https:\/\/serveiseducatius.xtec.cat\/girona\/lic\/cicle-de-conferencies\/","title":{"rendered":"Cicle de confer\u00e8ncies"},"content":{"rendered":"<p><a href=\"https:\/\/serveiseducatius.xtec.cat\/girona\/wp-content\/uploads\/usu2520\/2022\/01\/Captura-1.png\"><img loading=\"lazy\" decoding=\"async\" class=\"aligncenter wp-image-8441 size-full\" src=\"https:\/\/serveiseducatius.xtec.cat\/girona\/wp-content\/uploads\/usu2520\/2022\/01\/Captura-1.png\" alt=\"\" width=\"780\" height=\"428\" srcset=\"https:\/\/serveiseducatius.xtec.cat\/girona\/wp-content\/uploads\/usu2520\/2022\/01\/Captura-1.png 780w, https:\/\/serveiseducatius.xtec.cat\/girona\/wp-content\/uploads\/usu2520\/2022\/01\/Captura-1-300x165.png 300w, https:\/\/serveiseducatius.xtec.cat\/girona\/wp-content\/uploads\/usu2520\/2022\/01\/Captura-1-768x421.png 768w\" sizes=\"auto, (max-width: 780px) 100vw, 780px\" \/><\/a><\/p>\n<p>Dijous dia 13 de gener comen\u00e7a el cicle de confer\u00e8ncies lligat a <a href=\"https:\/\/educacio.gencat.cat\/ca\/inici\/nota-premsa\/20211028-exposicio-escola-publica\">l\u2019exposici\u00f3 Portes obertes a l\u2019escola p\u00fablic<\/a>a, iniciativa del Departament d\u2019Educaci\u00f3.<\/p>\n<p>El cicle comen\u00e7ar\u00e0 amb la professora, ling\u00fcista i escriptora <a href=\"https:\/\/twitter.com\/CarmeJunyent?ref_src=twsrc%5Egoogle%7Ctwcamp%5Eserp%7Ctwgr%5Eauthor\">Carme Junyent<\/a>, que oferir\u00e0 una pon\u00e8ncia sota el t\u00edtol <em>L&#8217;escola davant la diversitat ling\u00fc\u00edstica,<\/em> amb la qual analitzar\u00e0 la situaci\u00f3 de la llengua catalana. Ser\u00e0 a partir de les 18h a la sala d\u2019actes del Palau Robert.<\/p>\n<p>El cicle de confer\u00e8ncies continuar\u00e0 amb pon\u00e8ncies de,<\/p>\n<p><a href=\"https:\/\/twitter.com\/yayo_herrero\">Yayo Herrero<\/a> (Societat i escola, 3 de febrer),<\/p>\n<p><a href=\"https:\/\/www.eldiario.es\/autores\/xavier_martinez-celorrio\/\">Xavier Mart\u00ednez Celorio<\/a> (Professorat i funci\u00f3 p\u00fablica, 24 de febrer),<\/p>\n<p><a href=\"https:\/\/twitter.com\/c_magro?lang=ca\">Carlos Magro<\/a> (Curr\u00edculum, 10 de mar\u00e7)<\/p>\n<p><a href=\"https:\/\/twitter.com\/ainatarabini\">Aina Tarabini<\/a> (Segregaci\u00f3 escolar, 31 de mar\u00e7).<\/p>\n<p>Totes les sessions seran obertes i de lliure acc\u00e9s, amb les limitacions que, en cada moment, dictin les autoritats sanit\u00e0ries (a dia d\u2019avui, 70% de l\u2019aforament, 98 places, mascareta, gel hidroalcoh\u00f2lic i dist\u00e0ncia). Caldr\u00e0 inscriure-s\u2019hi a l\u2019adre\u00e7a de correu conferencies.educacio@gencat.cat.<\/p>\n<p>Tamb\u00e9 es podran seguir de forma telem\u00e0tica mitjan\u00e7ant el <a href=\"https:\/\/www.youtube.com\/channel\/UCw2J43idK-mO5EZ1SvqgqCw\">canal YouTube del Departament d\u2019Educaci\u00f3.\u00a0<\/a><\/p>\n<p>&nbsp;<\/p>\n","protected":false},"excerpt":{"rendered":"<p><a href=\"https:\/\/serveiseducatius.xtec.cat\/girona\/wp-content\/uploads\/usu2520\/2022\/01\/Captura-1.png\"><\/a><br \/>\nDijous dia 13 de gener comen\u00e7a el cicle de confer\u00e8ncies lligat a <a href=\"https:\/\/educacio.gencat.cat\/ca\/inici\/nota-premsa\/20211028-exposicio-escola-publica\">l\u2019exposici\u00f3 Portes obertes a l\u2019escola p\u00fablic<\/a>a, iniciativa del Departament d\u2019Educaci\u00f3.<br \/>\nEl cicle comen\u00e7ar\u00e0 amb la professora, ling\u00fcista i escriptora <a href=\"https:\/\/twitter.com\/CarmeJunyent?ref_src=twsrc%5Egoogle%7Ctwcamp%5Eserp%7Ctwgr%5Eauthor\">Carme Junyent<\/a>, que oferir\u00e0 una pon\u00e8ncia sota el t\u00edtol L&#8217;escola davant la&hellip;  <a href=\"https:\/\/serveiseducatius.xtec.cat\/girona\/lic\/cicle-de-conferencies\/\" title=\"Read Cicle de confer\u00e8ncies\">Llegeix m\u00e9s\u00bb<\/a><\/p>\n","protected":false},"author":5,"featured_media":0,"comment_status":"open","ping_status":"closed","sticky":false,"template":"","format":"standard","meta":{"_bbp_topic_count":0,"_bbp_reply_count":0,"_bbp_total_topic_count":0,"_bbp_total_reply_count":0,"_bbp_voice_count":0,"_bbp_anonymous_reply_count":0,"_bbp_topic_count_hidden":0,"_bbp_reply_count_hidden":0,"_bbp_forum_subforum_count":0,"footnotes":""},"categories":[286],"tags":[365,366,364,362,369,363,368,367],"class_list":["post-8440","post","type-post","status-publish","format-standard","hentry","category-lic","tag-aina-tarabini","tag-carlos-magro","tag-carme-junyent","tag-cicle-conferencies","tag-educacio","tag-escola-publica","tag-xavier-martinez","tag-yayo-herrore"],"post_mailing_queue_ids":[],"_links":{"self":[{"href":"https:\/\/serveiseducatius.xtec.cat\/girona\/wp-json\/wp\/v2\/posts\/8440","targetHints":{"allow":["GET"]}}],"collection":[{"href":"https:\/\/serveiseducatius.xtec.cat\/girona\/wp-json\/wp\/v2\/posts"}],"about":[{"href":"https:\/\/serveiseducatius.xtec.cat\/girona\/wp-json\/wp\/v2\/types\/post"}],"author":[{"embeddable":true,"href":"https:\/\/serveiseducatius.xtec.cat\/girona\/wp-json\/wp\/v2\/users\/5"}],"replies":[{"embeddable":true,"href":"https:\/\/serveiseducatius.xtec.cat\/girona\/wp-json\/wp\/v2\/comments?post=8440"}],"version-history":[{"count":1,"href":"https:\/\/serveiseducatius.xtec.cat\/girona\/wp-json\/wp\/v2\/posts\/8440\/revisions"}],"predecessor-version":[{"id":8442,"href":"https:\/\/serveiseducatius.xtec.cat\/girona\/wp-json\/wp\/v2\/posts\/8440\/revisions\/8442"}],"wp:attachment":[{"href":"https:\/\/serveiseducatius.xtec.cat\/girona\/wp-json\/wp\/v2\/media?parent=8440"}],"wp:term":[{"taxonomy":"category","embeddable":true,"href":"https:\/\/serveiseducatius.xtec.cat\/girona\/wp-json\/wp\/v2\/categories?post=8440"},{"taxonomy":"post_tag","embeddable":true,"href":"https:\/\/serveiseducatius.xtec.cat\/girona\/wp-json\/wp\/v2\/tags?post=8440"}],"curies":[{"name":"wp","href":"https:\/\/api.w.org\/{rel}","templated":true}]}}