{"id":8426,"date":"2022-01-10T16:25:23","date_gmt":"2022-01-10T15:25:23","guid":{"rendered":"https:\/\/serveiseducatius.xtec.cat\/girona\/?p=8426"},"modified":"2022-01-10T17:11:36","modified_gmt":"2022-01-10T16:11:36","slug":"ex-libris-vols-aprende-a-recitar","status":"publish","type":"post","link":"https:\/\/serveiseducatius.xtec.cat\/girona\/lic\/ex-libris-vols-aprende-a-recitar\/","title":{"rendered":"Ex libris. Vols aprende a recitar?"},"content":{"rendered":"<p dir=\"ltr\"><a href=\"https:\/\/serveiseducatius.xtec.cat\/girona\/wp-content\/uploads\/usu2520\/2022\/01\/7886.png\"><img loading=\"lazy\" decoding=\"async\" class=\"aligncenter wp-image-8427 size-medium\" src=\"https:\/\/serveiseducatius.xtec.cat\/girona\/wp-content\/uploads\/usu2520\/2022\/01\/7886-300x300.png\" alt=\"\" width=\"300\" height=\"300\" srcset=\"https:\/\/serveiseducatius.xtec.cat\/girona\/wp-content\/uploads\/usu2520\/2022\/01\/7886-300x300.png 300w, https:\/\/serveiseducatius.xtec.cat\/girona\/wp-content\/uploads\/usu2520\/2022\/01\/7886-150x150.png 150w, https:\/\/serveiseducatius.xtec.cat\/girona\/wp-content\/uploads\/usu2520\/2022\/01\/7886.png 600w\" sizes=\"auto, (max-width: 300px) 100vw, 300px\" \/><\/a><\/p>\n<p dir=\"ltr\">Ex libris \u00e9s una jornada de literatura catalana adre\u00e7ada als alumnes de primer i segon curs de batxillerat. De nou us proposem un concurs de recitaci\u00f3 basat en les lectures prescriptives de batxillerat, tant de la mat\u00e8ria de Llengua catalana i literatura com de les mat\u00e8ries de Literatura catalana i de Literatura universal. Amb aquest concurs es pret\u00e9n promoure l\u2019aprenentatge competencial de la llengua a partir de textos literaris.<\/p>\n<p dir=\"ltr\">Ex libris convida els alumnes de batxillerat a participar en un concurs de recitaci\u00f3 de textos prescriptius de batxillerat de poesia, prosa i teatre.<\/p>\n<p dir=\"ltr\">El per\u00edode d\u2019inscripci\u00f3 es tancar\u00e0 el 31 de mar\u00e7 de 2022. Des de l\u2019ICE s\u2019enviar\u00e0 un correu als centres de secund\u00e0ria de l\u2019\u00e0rea d\u2019influ\u00e8ncia de la UdG amb la informaci\u00f3 del concurs i les bases. Els docents dels instituts que hi vulguin participar s\u2019hauran d\u2019inscriure abans del 3 de febrer.<\/p>\n<p dir=\"ltr\">Ex libris consta d\u2019una fase formativa per als docents i d&#8217;una fase de concurs.<\/p>\n<p dir=\"ltr\">La fase formativa constar\u00e0 de tres sessions presencials: el <strong>10 i 17 de febrer<\/strong> a c\u00e0rrec de <strong>Rosa Vilanova<\/strong> i el 2<strong>4 de febrer<\/strong> a c\u00e0rrec de <strong>Josep Pedrals\u00a0<\/strong>per a docents al mes de febrer i la fase de concurs tindr\u00e0 lloc entre l\u20191 i el 31 de mar\u00e7.<\/p>\n<p dir=\"ltr\">Per a m\u00e9s informaci\u00f3, tant del concurs, com de l&#8217;acci\u00f3 formativa adre\u00e7ada al professorat de batxillerat podeu ade\u00e7ar-vos a ice@udg.edu.<\/p>\n<div><\/div>\n","protected":false},"excerpt":{"rendered":"<p><a href=\"https:\/\/serveiseducatius.xtec.cat\/girona\/wp-content\/uploads\/usu2520\/2022\/01\/7886.png\"><\/a><br \/>\nEx libris \u00e9s una jornada de literatura catalana adre\u00e7ada als alumnes de primer i segon curs de batxillerat. De nou us proposem un concurs de recitaci\u00f3 basat en les lectures prescriptives de batxillerat, tant de la mat\u00e8ria de Llengua catalana i literatura com de&hellip;  <a href=\"https:\/\/serveiseducatius.xtec.cat\/girona\/lic\/ex-libris-vols-aprende-a-recitar\/\" title=\"Read Ex libris. Vols aprende a recitar?\">Llegeix m\u00e9s\u00bb<\/a><\/p>\n","protected":false},"author":5,"featured_media":0,"comment_status":"open","ping_status":"closed","sticky":false,"template":"","format":"standard","meta":{"_bbp_topic_count":0,"_bbp_reply_count":0,"_bbp_total_topic_count":0,"_bbp_total_reply_count":0,"_bbp_voice_count":0,"_bbp_anonymous_reply_count":0,"_bbp_topic_count_hidden":0,"_bbp_reply_count_hidden":0,"_bbp_forum_subforum_count":0,"footnotes":""},"categories":[286],"tags":[355,353,352,354,349,350,351],"class_list":["post-8426","post","type-post","status-publish","format-standard","hentry","category-lic","tag-batxillerat","tag-ex-libris","tag-josep-pedrals","tag-literatura-catalana","tag-poesia","tag-recitar","tag-rosa-vilanova"],"post_mailing_queue_ids":[],"_links":{"self":[{"href":"https:\/\/serveiseducatius.xtec.cat\/girona\/wp-json\/wp\/v2\/posts\/8426","targetHints":{"allow":["GET"]}}],"collection":[{"href":"https:\/\/serveiseducatius.xtec.cat\/girona\/wp-json\/wp\/v2\/posts"}],"about":[{"href":"https:\/\/serveiseducatius.xtec.cat\/girona\/wp-json\/wp\/v2\/types\/post"}],"author":[{"embeddable":true,"href":"https:\/\/serveiseducatius.xtec.cat\/girona\/wp-json\/wp\/v2\/users\/5"}],"replies":[{"embeddable":true,"href":"https:\/\/serveiseducatius.xtec.cat\/girona\/wp-json\/wp\/v2\/comments?post=8426"}],"version-history":[{"count":2,"href":"https:\/\/serveiseducatius.xtec.cat\/girona\/wp-json\/wp\/v2\/posts\/8426\/revisions"}],"predecessor-version":[{"id":8429,"href":"https:\/\/serveiseducatius.xtec.cat\/girona\/wp-json\/wp\/v2\/posts\/8426\/revisions\/8429"}],"wp:attachment":[{"href":"https:\/\/serveiseducatius.xtec.cat\/girona\/wp-json\/wp\/v2\/media?parent=8426"}],"wp:term":[{"taxonomy":"category","embeddable":true,"href":"https:\/\/serveiseducatius.xtec.cat\/girona\/wp-json\/wp\/v2\/categories?post=8426"},{"taxonomy":"post_tag","embeddable":true,"href":"https:\/\/serveiseducatius.xtec.cat\/girona\/wp-json\/wp\/v2\/tags?post=8426"}],"curies":[{"name":"wp","href":"https:\/\/api.w.org\/{rel}","templated":true}]}}