{"id":8420,"date":"2021-12-16T12:35:49","date_gmt":"2021-12-16T11:35:49","guid":{"rendered":"https:\/\/serveiseducatius.xtec.cat\/girona\/?p=8420"},"modified":"2021-12-16T14:14:35","modified_gmt":"2021-12-16T13:14:35","slug":"vull-catala-recurs-daprenentatge-per-a-laula-dacollida-des-de-la-radio","status":"publish","type":"post","link":"https:\/\/serveiseducatius.xtec.cat\/girona\/lic\/vull-catala-recurs-daprenentatge-per-a-laula-dacollida-des-de-la-radio\/","title":{"rendered":"Vull catal\u00e0: recurs d&#8217;aprenentatge per a l&#8217;Aula d&#8217;Acollida des de la r\u00e0dio"},"content":{"rendered":"<p>&nbsp;<\/p>\n<p><a href=\"https:\/\/serveiseducatius.xtec.cat\/girona\/wp-content\/uploads\/usu2520\/2021\/12\/Captura.png\"><img loading=\"lazy\" decoding=\"async\" class=\"aligncenter wp-image-8421\" src=\"https:\/\/serveiseducatius.xtec.cat\/girona\/wp-content\/uploads\/usu2520\/2021\/12\/Captura.png\" alt=\"\" width=\"200\" height=\"167\" \/>aula d&#8217;acollida,<\/a>Us volem informar que s&#8217;ha creat la secci\u00f3 <strong>&#8220;Vull Catal\u00e0&#8221; <\/strong>del programa de r\u00e0dio &#8220;R\u00e0dio Escola a R\u00e0dio Salt&#8221;. La secci\u00f3 est\u00e0 feta per l&#8217;alumnat de les Aules d\u2019Acollida de Salt que ensenyen i aprenen catal\u00e0.<\/p>\n<p>El programa s&#8217;emet per R\u00e0dio Salt 97.7 cada divendres a les 11:30, els dissabtes a les 13h i els diumenges a les 17h. Tamb\u00e9 podeu baixar-vos els programes a trav\u00e9s de la web o nom\u00e9s el fitxer de cada lli\u00e7\u00f3 a: <a href=\"http:\/\/radioescolasalt977.viladesalt.cat\/seccions\/vull-catala\">http:\/\/radioescolasalt977.viladesalt.cat\/seccions\/vull-catala<\/a><\/p>\n<p>A cada lli\u00e7\u00f3 es proposa als oients un repte ling\u00fc\u00edstic. Es poden respondre en format &#8220;text&#8221; o en format &#8220;\u00e0udio&#8221; a trav\u00e9s de la seg\u00fcent formulari: <a href=\"http:\/\/radioescolasalt977.viladesalt.cat\/seccions\/vull-catala-participa\">http:\/\/radioescolasalt977.viladesalt.cat\/seccions\/vull-catala-participa<\/a><\/p>\n<p>Quan siguin \u00e0udios els podrem emetre als programes successius, i en tots els casos registrem les respostes en una mena de concurs.<\/p>\n<p>Podeu seguir les respostes a: <a href=\"http:\/\/radioescolasalt977.viladesalt.cat\/seccions\/vc-respostes\">http:\/\/radioescolasalt977.viladesalt.cat\/seccions\/vc-respostes<\/a><\/p>\n<p>Des de r\u00e0dio Salt ofereixen aquest recurs amb molta il\u00b7lusi\u00f3. Per a l&#8217;alumnat suposa un refor\u00e7 a l&#8217;aprenentatge i una motivaci\u00f3 extraordin\u00e0ria per a l&#8217;\u00fas del catal\u00e0, que pot obrir les portes al catal\u00e0 als radioients (metodologia d&#8217;Aprenentatge Servei).<\/p>\n<p>&nbsp;<\/p>\n<p>Us animem a participar-hi<\/p>\n<p>&nbsp;<\/p>\n","protected":false},"excerpt":{"rendered":"<p>&nbsp;<br \/>\n<a href=\"https:\/\/serveiseducatius.xtec.cat\/girona\/wp-content\/uploads\/usu2520\/2021\/12\/Captura.png\">aula d&#8217;acollida,<\/a>Us volem informar que s&#8217;ha creat la secci\u00f3 &#8220;Vull Catal\u00e0&#8221; del programa de r\u00e0dio &#8220;R\u00e0dio Escola a R\u00e0dio Salt&#8221;. La secci\u00f3 est\u00e0 feta per l&#8217;alumnat de les Aules d\u2019Acollida de Salt que ensenyen i aprenen catal\u00e0.<br \/>\nEl programa s&#8217;emet per R\u00e0dio Salt 97.7 cada&hellip;  <a href=\"https:\/\/serveiseducatius.xtec.cat\/girona\/lic\/vull-catala-recurs-daprenentatge-per-a-laula-dacollida-des-de-la-radio\/\" title=\"Read Vull catal\u00e0: recurs d&#8217;aprenentatge per a l&#8217;Aula d&#8217;Acollida des de la r\u00e0dio\">Llegeix m\u00e9s\u00bb<\/a><\/p>\n","protected":false},"author":5,"featured_media":0,"comment_status":"open","ping_status":"closed","sticky":false,"template":"","format":"standard","meta":{"_bbp_topic_count":0,"_bbp_reply_count":0,"_bbp_total_topic_count":0,"_bbp_total_reply_count":0,"_bbp_voice_count":0,"_bbp_anonymous_reply_count":0,"_bbp_topic_count_hidden":0,"_bbp_reply_count_hidden":0,"_bbp_forum_subforum_count":0,"footnotes":""},"categories":[286],"tags":[347,346,345,348],"class_list":["post-8420","post","type-post","status-publish","format-standard","hentry","category-lic","tag-aprendre-catala","tag-aula-dacollida","tag-llengua-oral","tag-radio-salt"],"post_mailing_queue_ids":[],"_links":{"self":[{"href":"https:\/\/serveiseducatius.xtec.cat\/girona\/wp-json\/wp\/v2\/posts\/8420","targetHints":{"allow":["GET"]}}],"collection":[{"href":"https:\/\/serveiseducatius.xtec.cat\/girona\/wp-json\/wp\/v2\/posts"}],"about":[{"href":"https:\/\/serveiseducatius.xtec.cat\/girona\/wp-json\/wp\/v2\/types\/post"}],"author":[{"embeddable":true,"href":"https:\/\/serveiseducatius.xtec.cat\/girona\/wp-json\/wp\/v2\/users\/5"}],"replies":[{"embeddable":true,"href":"https:\/\/serveiseducatius.xtec.cat\/girona\/wp-json\/wp\/v2\/comments?post=8420"}],"version-history":[{"count":1,"href":"https:\/\/serveiseducatius.xtec.cat\/girona\/wp-json\/wp\/v2\/posts\/8420\/revisions"}],"predecessor-version":[{"id":8422,"href":"https:\/\/serveiseducatius.xtec.cat\/girona\/wp-json\/wp\/v2\/posts\/8420\/revisions\/8422"}],"wp:attachment":[{"href":"https:\/\/serveiseducatius.xtec.cat\/girona\/wp-json\/wp\/v2\/media?parent=8420"}],"wp:term":[{"taxonomy":"category","embeddable":true,"href":"https:\/\/serveiseducatius.xtec.cat\/girona\/wp-json\/wp\/v2\/categories?post=8420"},{"taxonomy":"post_tag","embeddable":true,"href":"https:\/\/serveiseducatius.xtec.cat\/girona\/wp-json\/wp\/v2\/tags?post=8420"}],"curies":[{"name":"wp","href":"https:\/\/api.w.org\/{rel}","templated":true}]}}