{"id":8373,"date":"2025-09-17T08:00:33","date_gmt":"2025-09-17T06:00:33","guid":{"rendered":"https:\/\/serveiseducatius.xtec.cat\/girona\/?p=8373"},"modified":"2025-09-17T09:35:24","modified_gmt":"2025-09-17T07:35:24","slug":"jornada-formativa-sobre-inclusio-dalumnat-amb-caracteristiques-especifiques-a-lescola-ordinaria-curs-25-26","status":"publish","type":"post","link":"https:\/\/serveiseducatius.xtec.cat\/girona\/portada\/jornada-formativa-sobre-inclusio-dalumnat-amb-caracteristiques-especifiques-a-lescola-ordinaria-curs-25-26\/","title":{"rendered":"Jornada formativa sobre inclusi\u00f3 d&#8217;alumnat amb caracter\u00edstiques espec\u00edfiques a l&#8217;escola ordin\u00e0ria. Curs 25-26"},"content":{"rendered":"<p><strong>Sessi\u00f3 general:<\/strong><\/p>\n<ul>\n<li>Aules inclusives, com ens hi afrontem?. <a href=\"https:\/\/drive.google.com\/file\/d\/1wBLgbB2vHgzYfydkr1frotnkXlD4hogd\/view?usp=sharing\">Presentaci\u00f3<\/a><\/li>\n<\/ul>\n<p><strong>Sessions espec\u00edfiques:<\/strong><\/p>\n<ul>\n<li>Auditiva (CREDA). \u00a0<a href=\"https:\/\/drive.google.com\/file\/d\/1oYMqXf4nVeC6pbha0AIt2PExfmuGf-Ks\/view?usp=sharing\">Videoconfer\u00e8ncia<\/a>.<\/li>\n<li>Visual (CREDEV) . <a href=\"https:\/\/drive.google.com\/file\/d\/1i09b5Bip0lalfZ1dHSRHZBl9rnB6Mprv\/view?usp=sharing\">Videoconfer\u00e8ncia<\/a>.<\/li>\n<li>Alumnes amb dificultats motrius. <a href=\"https:\/\/drive.google.com\/file\/d\/18qErOn48eelaKT0NO2Zl8pbFlU2wCieU\/view?usp=sharing\">Videoconfer\u00e8ncia.<\/a><\/li>\n<li>TEA &#8211; trastorns de l&#8217;espectre autista (CRETDIC). \u00a0<a href=\"https:\/\/drive.google.com\/file\/d\/1FLMXaXu5mSD9ayCvYzYTwabiLc8y_a14\/view?usp=sharing\">Videoconfer\u00e8ncia<\/a>.<\/li>\n<li>DRC &#8211; Dificultats de regulaci\u00f3 de la conducta (CRETDIC). <a href=\"https:\/\/drive.google.com\/file\/d\/1ROD2B44dEzJvEuc8unGauyTAHo3QfrLD\/view?usp=sharing\">Videoconfer\u00e8ncia.<\/a><\/li>\n<\/ul>\n<p>&nbsp;<\/p>\n<p>Us compartim l&#8217;enlla\u00e7 al nou document publicat sobre orientacions per planificar resposta educativa als alumnes amb TEA:\u00a0<a href=\"https:\/\/educacio.gencat.cat\/ca\/departament\/publicacions\/colleccions\/inclusio\/tea\/\"><span style=\"font-weight: 400;\">Comprendre i acompanyar l&#8217;alumnat amb trastorn de l&#8217;espectre autista<\/span><\/a><span style=\"font-weight: 400;\">.<\/span><\/p>\n<p><!--a=1--><\/p>\n<p><!--a=1--><\/p>\n<p><!--a=1--><\/p>\n<p><!--a=1--><\/p>\n<p><!--a=1--><\/p>\n<p><!--a=1--><\/p>\n<p><!--a=1--><\/p>\n","protected":false},"excerpt":{"rendered":"<p>Sessi\u00f3 general:<\/p>\n<ul>\n<li>Aules inclusives, com ens hi afrontem?. <a href=\"https:\/\/drive.google.com\/file\/d\/1wBLgbB2vHgzYfydkr1frotnkXlD4hogd\/view?usp=sharing\">Presentaci\u00f3<\/a><\/li>\n<\/ul>\n<p>Sessions espec\u00edfiques:<\/p>\n<ul>\n<li>Auditiva (CREDA). \u00a0<a href=\"https:\/\/drive.google.com\/file\/d\/1oYMqXf4nVeC6pbha0AIt2PExfmuGf-Ks\/view?usp=sharing\">Videoconfer\u00e8ncia<\/a>.<\/li>\n<li>Visual (CREDEV) . <a href=\"https:\/\/drive.google.com\/file\/d\/1i09b5Bip0lalfZ1dHSRHZBl9rnB6Mprv\/view?usp=sharing\">Videoconfer\u00e8ncia<\/a>.<\/li>\n<li>Alumnes amb dificultats motrius. <a href=\"https:\/\/drive.google.com\/file\/d\/18qErOn48eelaKT0NO2Zl8pbFlU2wCieU\/view?usp=sharing\">Videoconfer\u00e8ncia.<\/a><\/li>\n<li>TEA &#8211; trastorns de l&#8217;espectre autista (CRETDIC). \u00a0<a href=\"https:\/\/drive.google.com\/file\/d\/1FLMXaXu5mSD9ayCvYzYTwabiLc8y_a14\/view?usp=sharing\">Videoconfer\u00e8ncia<\/a>.<\/li>\n<li>DRC &#8211; Dificultats de regulaci\u00f3 de la conducta (CRETDIC). <a href=\"https:\/\/drive.google.com\/file\/d\/1ROD2B44dEzJvEuc8unGauyTAHo3QfrLD\/view?usp=sharing\">Videoconfer\u00e8ncia.<\/a><\/li>\n<\/ul>\n<p>&nbsp;<br \/>\nUs compartim l&#8217;enlla\u00e7 al nou document&hellip;  <a href=\"https:\/\/serveiseducatius.xtec.cat\/girona\/portada\/jornada-formativa-sobre-inclusio-dalumnat-amb-caracteristiques-especifiques-a-lescola-ordinaria-curs-25-26\/\" title=\"Read Jornada formativa sobre inclusi\u00f3 d&#8217;alumnat amb caracter\u00edstiques espec\u00edfiques a l&#8217;escola ordin\u00e0ria. Curs 25-26\">Llegeix m\u00e9s\u00bb<\/a><\/p>\n","protected":false},"author":13,"featured_media":8785,"comment_status":"open","ping_status":"closed","sticky":false,"template":"","format":"standard","meta":{"_bbp_topic_count":0,"_bbp_reply_count":0,"_bbp_total_topic_count":0,"_bbp_total_reply_count":0,"_bbp_voice_count":0,"_bbp_anonymous_reply_count":0,"_bbp_topic_count_hidden":0,"_bbp_reply_count_hidden":0,"_bbp_forum_subforum_count":0,"footnotes":""},"categories":[285],"tags":[301],"class_list":["post-8373","post","type-post","status-publish","format-standard","has-post-thumbnail","hentry","category-portada","tag-inclusio"],"post_mailing_queue_ids":[],"_links":{"self":[{"href":"https:\/\/serveiseducatius.xtec.cat\/girona\/wp-json\/wp\/v2\/posts\/8373","targetHints":{"allow":["GET"]}}],"collection":[{"href":"https:\/\/serveiseducatius.xtec.cat\/girona\/wp-json\/wp\/v2\/posts"}],"about":[{"href":"https:\/\/serveiseducatius.xtec.cat\/girona\/wp-json\/wp\/v2\/types\/post"}],"author":[{"embeddable":true,"href":"https:\/\/serveiseducatius.xtec.cat\/girona\/wp-json\/wp\/v2\/users\/13"}],"replies":[{"embeddable":true,"href":"https:\/\/serveiseducatius.xtec.cat\/girona\/wp-json\/wp\/v2\/comments?post=8373"}],"version-history":[{"count":7,"href":"https:\/\/serveiseducatius.xtec.cat\/girona\/wp-json\/wp\/v2\/posts\/8373\/revisions"}],"predecessor-version":[{"id":8836,"href":"https:\/\/serveiseducatius.xtec.cat\/girona\/wp-json\/wp\/v2\/posts\/8373\/revisions\/8836"}],"wp:featuredmedia":[{"embeddable":true,"href":"https:\/\/serveiseducatius.xtec.cat\/girona\/wp-json\/wp\/v2\/media\/8785"}],"wp:attachment":[{"href":"https:\/\/serveiseducatius.xtec.cat\/girona\/wp-json\/wp\/v2\/media?parent=8373"}],"wp:term":[{"taxonomy":"category","embeddable":true,"href":"https:\/\/serveiseducatius.xtec.cat\/girona\/wp-json\/wp\/v2\/categories?post=8373"},{"taxonomy":"post_tag","embeddable":true,"href":"https:\/\/serveiseducatius.xtec.cat\/girona\/wp-json\/wp\/v2\/tags?post=8373"}],"curies":[{"name":"wp","href":"https:\/\/api.w.org\/{rel}","templated":true}]}}