{"id":7505,"date":"2026-09-04T11:01:09","date_gmt":"2026-09-04T09:01:09","guid":{"rendered":"https:\/\/serveiseducatius.xtec.cat\/garrotxa\/?p=7505"},"modified":"2026-09-04T11:03:13","modified_gmt":"2026-09-04T09:03:13","slug":"llegim-i-escrivim-en-parella","status":"publish","type":"post","link":"https:\/\/serveiseducatius.xtec.cat\/garrotxa\/general\/llegim-i-escrivim-en-parella\/","title":{"rendered":"Llegim i escrivim en parella"},"content":{"rendered":"\n<p><em>Llegim i escrivim en parella<\/em>\u00a0parteix d\u2019una experi\u00e8ncia exitosa pr\u00e8via: el programa\u00a0<em>Llegim en parella<\/em>, amb m\u00e9s de 10 anys de treball, nombroses xarxes de professorat, centenars de fam\u00edlies i milers d\u2019alumnes que hi participen amb l\u2019objectiu de millorar la comprensi\u00f3 lectora.<br>El programa\u00a0<em>Llegim i escrivim en parella<\/em>\u00a0es basa en la tutoria entre iguals, \u00e9s a dir, parelles d\u2019alumnes que aprenen a trav\u00e9s d\u2019una activitat estructurada. D\u2019una banda, el tutor apr\u00e8n, perqu\u00e8 ensenyar pot ser una bona manera d\u2019aprendre. I, d\u2019altra banda, el tutorat tamb\u00e9 apr\u00e8n, perqu\u00e8 rep l\u2019ajuda ajustada i permanent del seu company tutor. El programa combina la tutoria entre estudiants i la tutoria familiar.<br>Els objectius del programa s\u00f3n la millora de la compet\u00e8ncia lectora, especialment la comprensi\u00f3 lectora, i la compet\u00e8ncia d\u2019expressi\u00f3 escrita, espec\u00edficament en el proc\u00e9s de composici\u00f3 de textos.<\/p>\n\n\n\n<h2 class=\"wp-block-heading\">DESCRIPCI\u00d3 DEL PROGRAMA<\/h2>\n\n\n\n<p>En aquest <a href=\"http:\/\/youtube.com\/watch?v=52YMEZmmDvU&amp;time_continue=2&amp;source_ve_path=NzY3NTg&amp;embeds_referring_euri=https%3A%2F%2Fwebs.uab.cat%2F\">v\u00eddeo<\/a>, enregistrat el 2024, s\u2019hi explica el desenvolupament del programa; la proposta concreta de sessions de formaci\u00f3 pot variar a cada curs.<\/p>\n\n\n\n<figure class=\"wp-block-image aligncenter size-full\"><a class=\"youtube.com\/watch?v=52YMEZmmDvU&amp;time_continue=2&amp;source_ve_path=NzY3NTg&amp;embeds_referring_euri=https%3A%2F%2Fwebs.uab.cat%2F\" href=\"https:\/\/www.youtube.com\/watch?v=52YMEZmmDvU&amp;t=2s\" target=\"_blank\" rel=\"youtube.com\/watch?v=52YMEZmmDvU&amp;time_continue=2&amp;source_ve_path=NzY3NTg&amp;embeds_referring_euri=https%3A%2F%2Fwebs.uab.cat%2F\"><img loading=\"lazy\" decoding=\"async\" width=\"701\" height=\"395\" src=\"https:\/\/serveiseducatius.xtec.cat\/garrotxa\/wp-content\/uploads\/usu774\/2026\/09\/image-5.png\" alt=\"\" class=\"wp-image-7506\" srcset=\"https:\/\/serveiseducatius.xtec.cat\/garrotxa\/wp-content\/uploads\/usu774\/2026\/09\/image-5.png 701w, https:\/\/serveiseducatius.xtec.cat\/garrotxa\/wp-content\/uploads\/usu774\/2026\/09\/image-5-300x169.png 300w\" sizes=\"auto, (max-width: 701px) 100vw, 701px\" \/><\/a><\/figure>\n\n\n\n<p>El programa comen\u00e7a amb un proc\u00e9s d\u2019informaci\u00f3 i formaci\u00f3 inicial dels agents involucrats en el seu desenvolupament a l\u2019aula (alumnat i fam\u00edlies). En aquesta formaci\u00f3 inicial, es donen a con\u00e8ixer els objectius, els fonaments conceptuals i les caracter\u00edstiques del desenvolupament del programa, i es fa la presentaci\u00f3 dels materials.<\/p>\n\n\n\n<p>En segon lloc, i despr\u00e9s d\u2019una prova inicial de comprensi\u00f3 lectora i una d\u2019expressi\u00f3 escrita, el professorat fa les parelles de treball, tenint en compte els nivells de compet\u00e8ncia de l\u2019alumnat i altres aspectes psicosocials.<\/p>\n\n\n\n<p>Seguidament, durant dotze setmanes, a ra\u00f3 de dues sessions per setmana, es desenvolupa el programa a les aules, seguint l\u2019estructura d\u2019interacci\u00f3 que marca el full d\u2019activitats. El full d\u2019activitats es compon d\u2019un text d\u2019una font original precedit d\u2019unes preguntes per a activar coneixements previs, fer hip\u00f2tesis, etc. A continuaci\u00f3 del text, hi tenim les preguntes de comprensi\u00f3 lectora en els seus tres nivells de dificultat (literals, d\u2019infer\u00e8ncia i d\u2019opini\u00f3 cr\u00edtica) i d\u2019una tasca d\u2019escriptura, que especifica l\u2019\u00fas que en farem dels textos escrits per l\u2019alumnat, aix\u00ed com el destinatari.<\/p>\n\n\n\n<p>Cap al final del programa, es proposa als tutors que pensin en els temes que agraden als tutorats, per tal de triar un text i elaborar ells mateixos un full d\u2019activitats.<\/p>\n\n\n\n<p>L\u2019avaluaci\u00f3 es duu a terme a partir de diversos elements:<\/p>\n\n\n\n<ul class=\"wp-block-list\">\n<li>Avaluaci\u00f3 inicial i final sobre comprensi\u00f3 lectora i expressi\u00f3 escrita.<\/li>\n\n\n\n<li>Pauta d\u2019autoavaluaci\u00f3 en parella.<\/li>\n\n\n\n<li>Portafolis o carpeta d\u2019aprenentatge de l\u2019alumnat.<\/li>\n\n\n\n<li>Fulls d\u2019activitats elaborats per l\u2019alumnat tutor.<\/li>\n\n\n\n<li>Registre d\u2019observacions del professorat.<\/li>\n\n\n\n<li>Diari de sessions familiars.<\/li>\n<\/ul>\n\n\n\n<figure class=\"wp-block-image aligncenter\"><a href=\"https:\/\/www.canal10.cat\/video\/10564-actual-comarques-parelles-de-lectura\" target=\"_blank\" rel=\"noreferrer noopener\"><img decoding=\"async\" src=\"https:\/\/webs.uab.cat\/grai\/wp-content\/uploads\/sites\/353\/2025\/12\/Escala.png\" alt=\"\" class=\"wp-image-3692\"\/><\/a><figcaption class=\"wp-element-caption\">Reportatge de la televisi\u00f3 local Canal 10 Empord\u00e0 sobre l\u2019experi\u00e8ncia de Llegim en parella a l\u2019escola Esculapi de l\u2019Escala. Molt interessant veure com es desenvolupa aquest programa per a la millora de la comprensi\u00f3 lectora en catal\u00e0 i com els alumnes actuen de tutors de lectura de les seves fam\u00edlies i membres de la comunitat.<\/figcaption><\/figure>\n\n\n\n<h2 class=\"wp-block-heading\">MOSTRA DE MATERIALS<\/h2>\n\n\n\n<figure class=\"wp-block-table\"><table class=\"has-fixed-layout\"><tbody><tr><td><strong>Llegim en parella<\/strong><\/td><td><strong>Llegim i escrivim en parella<\/strong><\/td><\/tr><tr><td>Cicle inicial (1r i 2n):&nbsp;<a rel=\"noreferrer noopener\" href=\"https:\/\/webs.uab.cat\/grai\/wp-content\/uploads\/sites\/353\/2023\/06\/Acudit.pdf\" target=\"_blank\">Acudit<\/a>.<br>Cicle mitj\u00e0 (3r i 4t):&nbsp;<a rel=\"noreferrer noopener\" href=\"https:\/\/webs.uab.cat\/grai\/wp-content\/uploads\/sites\/353\/2023\/06\/La-tempesta.pdf\" target=\"_blank\">La tempesta<\/a>.<br>Cicle superior (5\u00e8 i 6\u00e8):&nbsp;<a rel=\"noreferrer noopener\" href=\"https:\/\/webs.uab.cat\/grai\/wp-content\/uploads\/sites\/353\/2023\/06\/Qui-va-inventar-el-despertador.pdf\" target=\"_blank\">Qui va inventar el despertador<\/a>.<br>1r cicle d\u2019ESO (1r i 2n d\u2019ESO):&nbsp;<a rel=\"noreferrer noopener\" href=\"https:\/\/webs.uab.cat\/grai\/wp-content\/uploads\/sites\/353\/2023\/06\/Whitney-Houston.pdf\" target=\"_blank\">Whitney Houston<\/a>.<\/td><td>Cicle mitj\u00e0 (3r i 4t):&nbsp;<a rel=\"noreferrer noopener\" href=\"https:\/\/webs.uab.cat\/grai\/wp-content\/uploads\/sites\/353\/2023\/06\/03-Tinc-allergia_CAT.pdf\" target=\"_blank\">Tinc al\u00b7l\u00e8rgia.<\/a><br>Cicle superior (5\u00e8 i 6\u00e8):&nbsp;<a rel=\"noreferrer noopener\" href=\"https:\/\/webs.uab.cat\/grai\/wp-content\/uploads\/sites\/353\/2023\/06\/03-Fi.pdf\" target=\"_blank\">Fi<\/a>.<br>ESO:&nbsp;<a rel=\"noreferrer noopener\" href=\"https:\/\/webs.uab.cat\/grai\/wp-content\/uploads\/sites\/353\/2023\/06\/01-La-del-tercer-segona.pdf\" target=\"_blank\">La del tercer segona<\/a>.<\/td><\/tr><\/tbody><\/table><\/figure>\n\n\n\n<p><a href=\"https:\/\/webs.uab.cat\/grai\/llegim-en-parella-0\/\" target=\"_blank\" rel=\"noreferrer noopener\">M\u00e9s informaci\u00f3.<\/a><\/p>\n\n\n\n<p><\/p>\n","protected":false},"excerpt":{"rendered":"<p>Llegim i escrivim en parella\u00a0parteix d\u2019una experi\u00e8ncia exitosa pr\u00e8via: el programa\u00a0Llegim en parella, amb m\u00e9s de 10 anys de treball, nombroses xarxes de professorat, centenars de fam\u00edlies i milers d\u2019alumnes que hi participen amb l\u2019objectiu de millorar la comprensi\u00f3 lectora.El programa\u00a0Llegim i escrivim en parella\u00a0es basa en la tutoria entre iguals, \u00e9s a dir, parelles [&hellip;]<\/p>\n","protected":false},"author":1,"featured_media":7506,"comment_status":"closed","ping_status":"open","sticky":false,"template":"","format":"standard","meta":{"_bbp_topic_count":0,"_bbp_reply_count":0,"_bbp_total_topic_count":0,"_bbp_total_reply_count":0,"_bbp_voice_count":0,"_bbp_anonymous_reply_count":0,"_bbp_topic_count_hidden":0,"_bbp_reply_count_hidden":0,"_bbp_forum_subforum_count":0,"site-sidebar-layout":"default","site-content-layout":"","ast-site-content-layout":"default","site-content-style":"default","site-sidebar-style":"default","ast-global-header-display":"","ast-banner-title-visibility":"","ast-main-header-display":"","ast-hfb-above-header-display":"","ast-hfb-below-header-display":"","ast-hfb-mobile-header-display":"","site-post-title":"","ast-breadcrumbs-content":"","ast-featured-img":"","footer-sml-layout":"","theme-transparent-header-meta":"","adv-header-id-meta":"","stick-header-meta":"","header-above-stick-meta":"","header-main-stick-meta":"","header-below-stick-meta":"","astra-migrate-meta-layouts":"set","ast-page-background-enabled":"default","ast-page-background-meta":{"desktop":{"background-color":"var(--ast-global-color-5)","background-image":"","background-repeat":"repeat","background-position":"center center","background-size":"auto","background-attachment":"scroll","background-type":"","background-media":"","overlay-type":"","overlay-color":"","overlay-opacity":"","overlay-gradient":""},"tablet":{"background-color":"","background-image":"","background-repeat":"repeat","background-position":"center center","background-size":"auto","background-attachment":"scroll","background-type":"","background-media":"","overlay-type":"","overlay-color":"","overlay-opacity":"","overlay-gradient":""},"mobile":{"background-color":"","background-image":"","background-repeat":"repeat","background-position":"center center","background-size":"auto","background-attachment":"scroll","background-type":"","background-media":"","overlay-type":"","overlay-color":"","overlay-opacity":"","overlay-gradient":""}},"ast-content-background-meta":{"desktop":{"background-color":"var(--ast-global-color-4)","background-image":"","background-repeat":"repeat","background-position":"center center","background-size":"auto","background-attachment":"scroll","background-type":"","background-media":"","overlay-type":"","overlay-color":"","overlay-opacity":"","overlay-gradient":""},"tablet":{"background-color":"var(--ast-global-color-4)","background-image":"","background-repeat":"repeat","background-position":"center center","background-size":"auto","background-attachment":"scroll","background-type":"","background-media":"","overlay-type":"","overlay-color":"","overlay-opacity":"","overlay-gradient":""},"mobile":{"background-color":"var(--ast-global-color-4)","background-image":"","background-repeat":"repeat","background-position":"center center","background-size":"auto","background-attachment":"scroll","background-type":"","background-media":"","overlay-type":"","overlay-color":"","overlay-opacity":"","overlay-gradient":""}},"footnotes":""},"categories":[1],"tags":[],"class_list":["post-7505","post","type-post","status-publish","format-standard","has-post-thumbnail","hentry","category-general"],"post_mailing_queue_ids":[],"_links":{"self":[{"href":"https:\/\/serveiseducatius.xtec.cat\/garrotxa\/wp-json\/wp\/v2\/posts\/7505","targetHints":{"allow":["GET"]}}],"collection":[{"href":"https:\/\/serveiseducatius.xtec.cat\/garrotxa\/wp-json\/wp\/v2\/posts"}],"about":[{"href":"https:\/\/serveiseducatius.xtec.cat\/garrotxa\/wp-json\/wp\/v2\/types\/post"}],"author":[{"embeddable":true,"href":"https:\/\/serveiseducatius.xtec.cat\/garrotxa\/wp-json\/wp\/v2\/users\/1"}],"replies":[{"embeddable":true,"href":"https:\/\/serveiseducatius.xtec.cat\/garrotxa\/wp-json\/wp\/v2\/comments?post=7505"}],"version-history":[{"count":3,"href":"https:\/\/serveiseducatius.xtec.cat\/garrotxa\/wp-json\/wp\/v2\/posts\/7505\/revisions"}],"predecessor-version":[{"id":7509,"href":"https:\/\/serveiseducatius.xtec.cat\/garrotxa\/wp-json\/wp\/v2\/posts\/7505\/revisions\/7509"}],"wp:featuredmedia":[{"embeddable":true,"href":"https:\/\/serveiseducatius.xtec.cat\/garrotxa\/wp-json\/wp\/v2\/media\/7506"}],"wp:attachment":[{"href":"https:\/\/serveiseducatius.xtec.cat\/garrotxa\/wp-json\/wp\/v2\/media?parent=7505"}],"wp:term":[{"taxonomy":"category","embeddable":true,"href":"https:\/\/serveiseducatius.xtec.cat\/garrotxa\/wp-json\/wp\/v2\/categories?post=7505"},{"taxonomy":"post_tag","embeddable":true,"href":"https:\/\/serveiseducatius.xtec.cat\/garrotxa\/wp-json\/wp\/v2\/tags?post=7505"}],"curies":[{"name":"wp","href":"https:\/\/api.w.org\/{rel}","templated":true}]}}