{"id":7500,"date":"2026-09-04T09:04:19","date_gmt":"2026-09-04T07:04:19","guid":{"rendered":"https:\/\/serveiseducatius.xtec.cat\/garrotxa\/?p=7500"},"modified":"2026-09-04T09:04:20","modified_gmt":"2026-09-04T07:04:20","slug":"ioga-i-educacio","status":"publish","type":"post","link":"https:\/\/serveiseducatius.xtec.cat\/garrotxa\/general\/ioga-i-educacio\/","title":{"rendered":"IOGA I EDUCACI\u00d3"},"content":{"rendered":"\n<p>Dijous 24 de setembre, a les 17:30 hores, a l&#8217;espai Casa Sabater a Girona, tindr\u00e0 lloc la xerrada sobre<strong> Ioga i educaci\u00f3, una mirada integradora<\/strong> a c\u00e0rrec de la professora de ioga i docent, Dolors Garcia. En aquesta xerrada s&#8217;exploraran els camins del ioga i la seva\u00a0<strong>aplicaci\u00f3 en l\u2019\u00e0mbit educatiu<\/strong>\u00a0a trav\u00e9s d\u2019una mirada integradora, ja que ofereix recursos per fomentar la consci\u00e8ncia corporal, l\u2019atenci\u00f3 plena, la regulaci\u00f3 emocional i l\u2019autoconeixement, aspectes importants en els processos d\u2019aprenentatge i desenvolupament personal.<\/p>\n\n\n\n<p>Es compartiran&nbsp;<strong>exemples<\/strong>&nbsp;concrets per aplicar a l\u2019\u00e0mbit educatiu.<\/p>\n\n\n\n<p>La proposta s\u2019adre\u00e7a a&nbsp;<strong>professionals de l\u2019educaci\u00f3<\/strong>,&nbsp;<strong>fam\u00edlies<\/strong>&nbsp;i persones interessades en con\u00e8ixer noves perspectives pedag\u00f2giques que ajudin a desenvolupar el nostre potencial intern.<\/p>\n\n\n\n<p>\u00a0Data: 24\/09<br>\u00a0Horari: 17:30h a 18:45h<br>\u00a0Lloc: Espai Casa Sabater<br>\u00a0Entrada gratu\u00efta<br>\u00a0Ponent: Dolors Garcia<\/p>\n\n\n\n<p>\u00a0La<a href=\"https:\/\/espaicasasabater.com\/event\/dijous-24-de-setembre-ioga-i-educacio-amb-dolors-garcia\/\" target=\"_blank\" rel=\"noreferrer noopener\"> inscripci\u00f3<\/a> \u00e9s obligat\u00f2ria.<\/p>\n\n\n\n<figure class=\"wp-block-image aligncenter size-full\"><a href=\"https:\/\/serveiseducatius.xtec.cat\/garrotxa\/wp-content\/uploads\/usu774\/2026\/09\/image-3.png\"><img loading=\"lazy\" decoding=\"async\" width=\"819\" height=\"1024\" src=\"https:\/\/serveiseducatius.xtec.cat\/garrotxa\/wp-content\/uploads\/usu774\/2026\/09\/image-3.png\" alt=\"\" class=\"wp-image-7501\" srcset=\"https:\/\/serveiseducatius.xtec.cat\/garrotxa\/wp-content\/uploads\/usu774\/2026\/09\/image-3.png 819w, https:\/\/serveiseducatius.xtec.cat\/garrotxa\/wp-content\/uploads\/usu774\/2026\/09\/image-3-240x300.png 240w, https:\/\/serveiseducatius.xtec.cat\/garrotxa\/wp-content\/uploads\/usu774\/2026\/09\/image-3-768x960.png 768w\" sizes=\"auto, (max-width: 819px) 100vw, 819px\" \/><\/a><\/figure>\n\n\n\n<p><\/p>\n","protected":false},"excerpt":{"rendered":"<p>Dijous 24 de setembre, a les 17:30 hores, a l&#8217;espai Casa Sabater a Girona, tindr\u00e0 lloc la xerrada sobre Ioga i educaci\u00f3, una mirada integradora a c\u00e0rrec de la professora de ioga i docent, Dolors Garcia. En aquesta xerrada s&#8217;exploraran els camins del ioga i la seva\u00a0aplicaci\u00f3 en l\u2019\u00e0mbit educatiu\u00a0a trav\u00e9s d\u2019una mirada integradora, ja [&hellip;]<\/p>\n","protected":false},"author":1,"featured_media":7501,"comment_status":"closed","ping_status":"open","sticky":false,"template":"","format":"standard","meta":{"_bbp_topic_count":0,"_bbp_reply_count":0,"_bbp_total_topic_count":0,"_bbp_total_reply_count":0,"_bbp_voice_count":0,"_bbp_anonymous_reply_count":0,"_bbp_topic_count_hidden":0,"_bbp_reply_count_hidden":0,"_bbp_forum_subforum_count":0,"site-sidebar-layout":"default","site-content-layout":"","ast-site-content-layout":"default","site-content-style":"default","site-sidebar-style":"default","ast-global-header-display":"","ast-banner-title-visibility":"","ast-main-header-display":"","ast-hfb-above-header-display":"","ast-hfb-below-header-display":"","ast-hfb-mobile-header-display":"","site-post-title":"","ast-breadcrumbs-content":"","ast-featured-img":"","footer-sml-layout":"","theme-transparent-header-meta":"","adv-header-id-meta":"","stick-header-meta":"","header-above-stick-meta":"","header-main-stick-meta":"","header-below-stick-meta":"","astra-migrate-meta-layouts":"set","ast-page-background-enabled":"default","ast-page-background-meta":{"desktop":{"background-color":"var(--ast-global-color-5)","background-image":"","background-repeat":"repeat","background-position":"center center","background-size":"auto","background-attachment":"scroll","background-type":"","background-media":"","overlay-type":"","overlay-color":"","overlay-opacity":"","overlay-gradient":""},"tablet":{"background-color":"","background-image":"","background-repeat":"repeat","background-position":"center center","background-size":"auto","background-attachment":"scroll","background-type":"","background-media":"","overlay-type":"","overlay-color":"","overlay-opacity":"","overlay-gradient":""},"mobile":{"background-color":"","background-image":"","background-repeat":"repeat","background-position":"center center","background-size":"auto","background-attachment":"scroll","background-type":"","background-media":"","overlay-type":"","overlay-color":"","overlay-opacity":"","overlay-gradient":""}},"ast-content-background-meta":{"desktop":{"background-color":"var(--ast-global-color-4)","background-image":"","background-repeat":"repeat","background-position":"center center","background-size":"auto","background-attachment":"scroll","background-type":"","background-media":"","overlay-type":"","overlay-color":"","overlay-opacity":"","overlay-gradient":""},"tablet":{"background-color":"var(--ast-global-color-4)","background-image":"","background-repeat":"repeat","background-position":"center center","background-size":"auto","background-attachment":"scroll","background-type":"","background-media":"","overlay-type":"","overlay-color":"","overlay-opacity":"","overlay-gradient":""},"mobile":{"background-color":"var(--ast-global-color-4)","background-image":"","background-repeat":"repeat","background-position":"center center","background-size":"auto","background-attachment":"scroll","background-type":"","background-media":"","overlay-type":"","overlay-color":"","overlay-opacity":"","overlay-gradient":""}},"footnotes":""},"categories":[1],"tags":[],"class_list":["post-7500","post","type-post","status-publish","format-standard","has-post-thumbnail","hentry","category-general"],"post_mailing_queue_ids":[],"_links":{"self":[{"href":"https:\/\/serveiseducatius.xtec.cat\/garrotxa\/wp-json\/wp\/v2\/posts\/7500","targetHints":{"allow":["GET"]}}],"collection":[{"href":"https:\/\/serveiseducatius.xtec.cat\/garrotxa\/wp-json\/wp\/v2\/posts"}],"about":[{"href":"https:\/\/serveiseducatius.xtec.cat\/garrotxa\/wp-json\/wp\/v2\/types\/post"}],"author":[{"embeddable":true,"href":"https:\/\/serveiseducatius.xtec.cat\/garrotxa\/wp-json\/wp\/v2\/users\/1"}],"replies":[{"embeddable":true,"href":"https:\/\/serveiseducatius.xtec.cat\/garrotxa\/wp-json\/wp\/v2\/comments?post=7500"}],"version-history":[{"count":1,"href":"https:\/\/serveiseducatius.xtec.cat\/garrotxa\/wp-json\/wp\/v2\/posts\/7500\/revisions"}],"predecessor-version":[{"id":7502,"href":"https:\/\/serveiseducatius.xtec.cat\/garrotxa\/wp-json\/wp\/v2\/posts\/7500\/revisions\/7502"}],"wp:featuredmedia":[{"embeddable":true,"href":"https:\/\/serveiseducatius.xtec.cat\/garrotxa\/wp-json\/wp\/v2\/media\/7501"}],"wp:attachment":[{"href":"https:\/\/serveiseducatius.xtec.cat\/garrotxa\/wp-json\/wp\/v2\/media?parent=7500"}],"wp:term":[{"taxonomy":"category","embeddable":true,"href":"https:\/\/serveiseducatius.xtec.cat\/garrotxa\/wp-json\/wp\/v2\/categories?post=7500"},{"taxonomy":"post_tag","embeddable":true,"href":"https:\/\/serveiseducatius.xtec.cat\/garrotxa\/wp-json\/wp\/v2\/tags?post=7500"}],"curies":[{"name":"wp","href":"https:\/\/api.w.org\/{rel}","templated":true}]}}