{"id":7499,"date":"2026-09-04T09:55:45","date_gmt":"2026-09-04T07:55:45","guid":{"rendered":"https:\/\/serveiseducatius.xtec.cat\/garrotxa\/?p=7499"},"modified":"2026-09-04T09:55:45","modified_gmt":"2026-09-04T07:55:45","slug":"experts-a-laula-xerrades-per-a-centres-de-secundaria","status":"publish","type":"post","link":"https:\/\/serveiseducatius.xtec.cat\/garrotxa\/general\/experts-a-laula-xerrades-per-a-centres-de-secundaria\/","title":{"rendered":"Experts a l&#8217;aula: xerrades per a centres de secund\u00e0ria"},"content":{"rendered":"\n<p>La Universitat de Girona posa a disposici\u00f3 dels centres de secund\u00e0ria un recull de xerrades divulgatives impartides per personal investigador de la UdG, amb l\u2019objectiu d\u2019apropar el coneixement universitari a l\u2019aula.<\/p>\n\n\n\n<p>Les sessions aborden tem\u00e0tiques actuals i diverses \u2014des de ci\u00e8ncia i tecnologia fins a humanitats i ci\u00e8ncies socials\u2014, i s\u00f3n una oportunitat perqu\u00e8 l\u2019alumnat conegui de primera m\u00e0 qu\u00e8 s\u2019investiga avui dia i com es construeix el coneixement des de la universitat.<\/p>\n\n\n\n<p>Les xerrades s\u00f3n&nbsp;<strong>gratu\u00eftes<\/strong>&nbsp;i estan adre\u00e7ades a centres de secund\u00e0ria d&#8217;<strong>ESO<\/strong>,&nbsp;<strong>Batxillerat, CFGM i CFGS<\/strong>. S&#8217;ofereixen&nbsp;en format&nbsp;<strong>presencial o en l\u00ednia<\/strong>, segons la disponibilitat del ponent.<\/p>\n\n\n\n<h3 class=\"wp-block-heading\">Condicions per a sol\u00b7licitar les confer\u00e8ncies<\/h3>\n\n\n\n<ul class=\"wp-block-list\">\n<li>La sol\u00b7licitud s\u2019ha de fer a trav\u00e9s del formulari.<\/li>\n\n\n\n<li>Cal proposar\u00a0<strong>tres dates i horaris\u00a0<\/strong>diferents.<\/li>\n\n\n\n<li>Tant si s\u2019accepta una de les propostes com si el ponent en proposa de noves, la comunicaci\u00f3 es far\u00e0 per correu electr\u00f2nic entre el centre i el ponent.<\/li>\n<\/ul>\n\n\n\n<h3 class=\"wp-block-heading\">Calendari<\/h3>\n\n\n\n<ul class=\"wp-block-list\">\n<li><strong>Per\u00edode d&#8217;inscripci\u00f3:<\/strong>\u00a0del 7\/09\/2026\u00a0al 31\/03\/2027<\/li>\n\n\n\n<li><strong>Per\u00edode d\u2019impartici\u00f3:<\/strong>\u00a0de l\u20191\/10\/2026\u00a0al 30\/04\/2027<\/li>\n<\/ul>\n\n\n\n<p>Despr\u00e9s de la confer\u00e8ncia, el centre rebr\u00e0 una&nbsp;<strong>enquesta de valoraci\u00f3<\/strong>&nbsp;per compartir la seva opini\u00f3 sobre el contingut, la presentaci\u00f3 i l\u2019impacte de l\u2019activitat.<\/p>\n\n\n\n<p><a href=\"https:\/\/www.udg.edu\/ca\/investiga\/udgdivulga\/divulgacio-i-foment-de-vocacions-cientifiques\/un-dia-en-la-recerca-a-la-udg\/inscripcio-centres\" target=\"_blank\" rel=\"noreferrer noopener\">Inscripci\u00f3 a les xerrades.<\/a><\/p>\n\n\n\n<p><a href=\"https:\/\/www.udg.edu\/ca\/investiga\/udgdivulga\/divulgacio-i-foment-de-vocacions-cientifiques\/un-dia-en-la-recerca-a-la-udg\/investigadors\" target=\"_blank\" rel=\"noreferrer noopener\">Consulteu els investigadors\/res.<\/a><\/p>\n\n\n\n<figure class=\"wp-block-image size-full\"><a href=\"https:\/\/serveiseducatius.xtec.cat\/garrotxa\/wp-content\/uploads\/usu774\/2026\/09\/image-4.png\"><img loading=\"lazy\" decoding=\"async\" width=\"860\" height=\"224\" src=\"https:\/\/serveiseducatius.xtec.cat\/garrotxa\/wp-content\/uploads\/usu774\/2026\/09\/image-4.png\" alt=\"\" class=\"wp-image-7503\" srcset=\"https:\/\/serveiseducatius.xtec.cat\/garrotxa\/wp-content\/uploads\/usu774\/2026\/09\/image-4.png 860w, https:\/\/serveiseducatius.xtec.cat\/garrotxa\/wp-content\/uploads\/usu774\/2026\/09\/image-4-300x78.png 300w, https:\/\/serveiseducatius.xtec.cat\/garrotxa\/wp-content\/uploads\/usu774\/2026\/09\/image-4-768x200.png 768w\" sizes=\"auto, (max-width: 860px) 100vw, 860px\" \/><\/a><\/figure>\n","protected":false},"excerpt":{"rendered":"<p>La Universitat de Girona posa a disposici\u00f3 dels centres de secund\u00e0ria un recull de xerrades divulgatives impartides per personal investigador de la UdG, amb l\u2019objectiu d\u2019apropar el coneixement universitari a l\u2019aula. Les sessions aborden tem\u00e0tiques actuals i diverses \u2014des de ci\u00e8ncia i tecnologia fins a humanitats i ci\u00e8ncies socials\u2014, i s\u00f3n una oportunitat perqu\u00e8 l\u2019alumnat [&hellip;]<\/p>\n","protected":false},"author":1,"featured_media":7503,"comment_status":"closed","ping_status":"open","sticky":false,"template":"","format":"standard","meta":{"_bbp_topic_count":0,"_bbp_reply_count":0,"_bbp_total_topic_count":0,"_bbp_total_reply_count":0,"_bbp_voice_count":0,"_bbp_anonymous_reply_count":0,"_bbp_topic_count_hidden":0,"_bbp_reply_count_hidden":0,"_bbp_forum_subforum_count":0,"site-sidebar-layout":"default","site-content-layout":"","ast-site-content-layout":"default","site-content-style":"default","site-sidebar-style":"default","ast-global-header-display":"","ast-banner-title-visibility":"","ast-main-header-display":"","ast-hfb-above-header-display":"","ast-hfb-below-header-display":"","ast-hfb-mobile-header-display":"","site-post-title":"","ast-breadcrumbs-content":"","ast-featured-img":"","footer-sml-layout":"","theme-transparent-header-meta":"","adv-header-id-meta":"","stick-header-meta":"","header-above-stick-meta":"","header-main-stick-meta":"","header-below-stick-meta":"","astra-migrate-meta-layouts":"set","ast-page-background-enabled":"default","ast-page-background-meta":{"desktop":{"background-color":"var(--ast-global-color-5)","background-image":"","background-repeat":"repeat","background-position":"center center","background-size":"auto","background-attachment":"scroll","background-type":"","background-media":"","overlay-type":"","overlay-color":"","overlay-opacity":"","overlay-gradient":""},"tablet":{"background-color":"","background-image":"","background-repeat":"repeat","background-position":"center center","background-size":"auto","background-attachment":"scroll","background-type":"","background-media":"","overlay-type":"","overlay-color":"","overlay-opacity":"","overlay-gradient":""},"mobile":{"background-color":"","background-image":"","background-repeat":"repeat","background-position":"center center","background-size":"auto","background-attachment":"scroll","background-type":"","background-media":"","overlay-type":"","overlay-color":"","overlay-opacity":"","overlay-gradient":""}},"ast-content-background-meta":{"desktop":{"background-color":"var(--ast-global-color-4)","background-image":"","background-repeat":"repeat","background-position":"center center","background-size":"auto","background-attachment":"scroll","background-type":"","background-media":"","overlay-type":"","overlay-color":"","overlay-opacity":"","overlay-gradient":""},"tablet":{"background-color":"var(--ast-global-color-4)","background-image":"","background-repeat":"repeat","background-position":"center center","background-size":"auto","background-attachment":"scroll","background-type":"","background-media":"","overlay-type":"","overlay-color":"","overlay-opacity":"","overlay-gradient":""},"mobile":{"background-color":"var(--ast-global-color-4)","background-image":"","background-repeat":"repeat","background-position":"center center","background-size":"auto","background-attachment":"scroll","background-type":"","background-media":"","overlay-type":"","overlay-color":"","overlay-opacity":"","overlay-gradient":""}},"footnotes":""},"categories":[1],"tags":[],"class_list":["post-7499","post","type-post","status-publish","format-standard","has-post-thumbnail","hentry","category-general"],"post_mailing_queue_ids":[],"_links":{"self":[{"href":"https:\/\/serveiseducatius.xtec.cat\/garrotxa\/wp-json\/wp\/v2\/posts\/7499","targetHints":{"allow":["GET"]}}],"collection":[{"href":"https:\/\/serveiseducatius.xtec.cat\/garrotxa\/wp-json\/wp\/v2\/posts"}],"about":[{"href":"https:\/\/serveiseducatius.xtec.cat\/garrotxa\/wp-json\/wp\/v2\/types\/post"}],"author":[{"embeddable":true,"href":"https:\/\/serveiseducatius.xtec.cat\/garrotxa\/wp-json\/wp\/v2\/users\/1"}],"replies":[{"embeddable":true,"href":"https:\/\/serveiseducatius.xtec.cat\/garrotxa\/wp-json\/wp\/v2\/comments?post=7499"}],"version-history":[{"count":1,"href":"https:\/\/serveiseducatius.xtec.cat\/garrotxa\/wp-json\/wp\/v2\/posts\/7499\/revisions"}],"predecessor-version":[{"id":7504,"href":"https:\/\/serveiseducatius.xtec.cat\/garrotxa\/wp-json\/wp\/v2\/posts\/7499\/revisions\/7504"}],"wp:featuredmedia":[{"embeddable":true,"href":"https:\/\/serveiseducatius.xtec.cat\/garrotxa\/wp-json\/wp\/v2\/media\/7503"}],"wp:attachment":[{"href":"https:\/\/serveiseducatius.xtec.cat\/garrotxa\/wp-json\/wp\/v2\/media?parent=7499"}],"wp:term":[{"taxonomy":"category","embeddable":true,"href":"https:\/\/serveiseducatius.xtec.cat\/garrotxa\/wp-json\/wp\/v2\/categories?post=7499"},{"taxonomy":"post_tag","embeddable":true,"href":"https:\/\/serveiseducatius.xtec.cat\/garrotxa\/wp-json\/wp\/v2\/tags?post=7499"}],"curies":[{"name":"wp","href":"https:\/\/api.w.org\/{rel}","templated":true}]}}