{"id":7496,"date":"2026-09-04T08:57:11","date_gmt":"2026-09-04T06:57:11","guid":{"rendered":"https:\/\/serveiseducatius.xtec.cat\/garrotxa\/?p=7496"},"modified":"2026-09-04T08:57:12","modified_gmt":"2026-09-04T06:57:12","slug":"programa-educatiu-sobre-contaminacio-acustica-i-luminica-per-al-curs-2026-2027","status":"publish","type":"post","link":"https:\/\/serveiseducatius.xtec.cat\/garrotxa\/general\/programa-educatiu-sobre-contaminacio-acustica-i-luminica-per-al-curs-2026-2027\/","title":{"rendered":"Programa educatiu sobre contaminaci\u00f3 ac\u00fastica i lum\u00ednica per al curs 2026-2027"},"content":{"rendered":"\n<p>Adre\u00e7at als centre d&#8217;educaci\u00f3 prim\u00e0ria i secund\u00e0ria.<\/p>\n\n\n\n<p>La proposta convida l\u2019alumnat a explorar els sons, la llum i l\u2019energia i a comprendre\u2019n la import\u00e0ncia i l\u2019impacte en la salut, el benestar i l\u2019entorn.<\/p>\n\n\n\n<p>El programa ofereix&nbsp;&nbsp;<strong>sis activitats educatives<\/strong>, quatre de les quals centrades en la prevenci\u00f3 de la contaminaci\u00f3 ac\u00fastica, adaptades a diferents nivells i a la diversitat de l\u2019aula.<br>Les activitats, gratu\u00eftes,&nbsp; compten amb l\u2019acompanyament d\u2019una persona educadora, materials did\u00e0ctics i manipulatius, i aparells de mesura reglamentaris.<\/p>\n\n\n\n<p>A m\u00e9s, el programa incorpora la proposta d\u2019<strong>aprenentatge i servei (ApS)<\/strong>&nbsp;sobre prevenci\u00f3 de la contaminaci\u00f3 ac\u00fastica en equipaments p\u00fablics, actualitzada el 2026 amb noves eines educatives i metodologia de ci\u00e8ncia ciutadana.<br>El Servei ofereix suport al professorat i a l\u2019alumnat durant el desenvolupament del projecte, aix\u00ed com son\u00f2metres i eines per a la interpretaci\u00f3 de les dades ac\u00fastiques.<\/p>\n\n\n\n<p><strong>Inscripcions obertes a partir del dia 1 de setembre al\u00a0<a href=\"https:\/\/docs.google.com\/forms\/d\/1cR1pC2dlPYM1S7rbJUaIPRUES29f-yGoWDDMkzSk5XI\/viewform?edit_requested=true\" target=\"_blank\" rel=\"noreferrer noopener\">formulari<\/a>\u00a0adjunt.<\/strong><\/p>\n\n\n\n<p><a href=\"https:\/\/mediambient.gencat.cat\/web\/.content\/home\/actualitat\/2026\/Cataleg_d_activitats_26-27.pdf\" target=\"_blank\" rel=\"noreferrer noopener\">Cat\u00e0leg d&#8217;activitats<\/a>.<\/p>\n\n\n\n<figure class=\"wp-block-image aligncenter size-full\"><a href=\"https:\/\/serveiseducatius.xtec.cat\/garrotxa\/wp-content\/uploads\/usu774\/2026\/09\/image-2.png\"><img loading=\"lazy\" decoding=\"async\" width=\"450\" height=\"295\" src=\"https:\/\/serveiseducatius.xtec.cat\/garrotxa\/wp-content\/uploads\/usu774\/2026\/09\/image-2.png\" alt=\"\" class=\"wp-image-7497\" srcset=\"https:\/\/serveiseducatius.xtec.cat\/garrotxa\/wp-content\/uploads\/usu774\/2026\/09\/image-2.png 450w, https:\/\/serveiseducatius.xtec.cat\/garrotxa\/wp-content\/uploads\/usu774\/2026\/09\/image-2-300x197.png 300w\" sizes=\"auto, (max-width: 450px) 100vw, 450px\" \/><\/a><\/figure>\n","protected":false},"excerpt":{"rendered":"<p>Adre\u00e7at als centre d&#8217;educaci\u00f3 prim\u00e0ria i secund\u00e0ria. La proposta convida l\u2019alumnat a explorar els sons, la llum i l\u2019energia i a comprendre\u2019n la import\u00e0ncia i l\u2019impacte en la salut, el benestar i l\u2019entorn. El programa ofereix&nbsp;&nbsp;sis activitats educatives, quatre de les quals centrades en la prevenci\u00f3 de la contaminaci\u00f3 ac\u00fastica, adaptades a diferents nivells i [&hellip;]<\/p>\n","protected":false},"author":1,"featured_media":7497,"comment_status":"closed","ping_status":"open","sticky":false,"template":"","format":"standard","meta":{"_bbp_topic_count":0,"_bbp_reply_count":0,"_bbp_total_topic_count":0,"_bbp_total_reply_count":0,"_bbp_voice_count":0,"_bbp_anonymous_reply_count":0,"_bbp_topic_count_hidden":0,"_bbp_reply_count_hidden":0,"_bbp_forum_subforum_count":0,"site-sidebar-layout":"default","site-content-layout":"","ast-site-content-layout":"default","site-content-style":"default","site-sidebar-style":"default","ast-global-header-display":"","ast-banner-title-visibility":"","ast-main-header-display":"","ast-hfb-above-header-display":"","ast-hfb-below-header-display":"","ast-hfb-mobile-header-display":"","site-post-title":"","ast-breadcrumbs-content":"","ast-featured-img":"","footer-sml-layout":"","theme-transparent-header-meta":"","adv-header-id-meta":"","stick-header-meta":"","header-above-stick-meta":"","header-main-stick-meta":"","header-below-stick-meta":"","astra-migrate-meta-layouts":"set","ast-page-background-enabled":"default","ast-page-background-meta":{"desktop":{"background-color":"var(--ast-global-color-5)","background-image":"","background-repeat":"repeat","background-position":"center center","background-size":"auto","background-attachment":"scroll","background-type":"","background-media":"","overlay-type":"","overlay-color":"","overlay-opacity":"","overlay-gradient":""},"tablet":{"background-color":"","background-image":"","background-repeat":"repeat","background-position":"center center","background-size":"auto","background-attachment":"scroll","background-type":"","background-media":"","overlay-type":"","overlay-color":"","overlay-opacity":"","overlay-gradient":""},"mobile":{"background-color":"","background-image":"","background-repeat":"repeat","background-position":"center center","background-size":"auto","background-attachment":"scroll","background-type":"","background-media":"","overlay-type":"","overlay-color":"","overlay-opacity":"","overlay-gradient":""}},"ast-content-background-meta":{"desktop":{"background-color":"var(--ast-global-color-4)","background-image":"","background-repeat":"repeat","background-position":"center center","background-size":"auto","background-attachment":"scroll","background-type":"","background-media":"","overlay-type":"","overlay-color":"","overlay-opacity":"","overlay-gradient":""},"tablet":{"background-color":"var(--ast-global-color-4)","background-image":"","background-repeat":"repeat","background-position":"center center","background-size":"auto","background-attachment":"scroll","background-type":"","background-media":"","overlay-type":"","overlay-color":"","overlay-opacity":"","overlay-gradient":""},"mobile":{"background-color":"var(--ast-global-color-4)","background-image":"","background-repeat":"repeat","background-position":"center center","background-size":"auto","background-attachment":"scroll","background-type":"","background-media":"","overlay-type":"","overlay-color":"","overlay-opacity":"","overlay-gradient":""}},"footnotes":""},"categories":[1],"tags":[],"class_list":["post-7496","post","type-post","status-publish","format-standard","has-post-thumbnail","hentry","category-general"],"post_mailing_queue_ids":[],"_links":{"self":[{"href":"https:\/\/serveiseducatius.xtec.cat\/garrotxa\/wp-json\/wp\/v2\/posts\/7496","targetHints":{"allow":["GET"]}}],"collection":[{"href":"https:\/\/serveiseducatius.xtec.cat\/garrotxa\/wp-json\/wp\/v2\/posts"}],"about":[{"href":"https:\/\/serveiseducatius.xtec.cat\/garrotxa\/wp-json\/wp\/v2\/types\/post"}],"author":[{"embeddable":true,"href":"https:\/\/serveiseducatius.xtec.cat\/garrotxa\/wp-json\/wp\/v2\/users\/1"}],"replies":[{"embeddable":true,"href":"https:\/\/serveiseducatius.xtec.cat\/garrotxa\/wp-json\/wp\/v2\/comments?post=7496"}],"version-history":[{"count":1,"href":"https:\/\/serveiseducatius.xtec.cat\/garrotxa\/wp-json\/wp\/v2\/posts\/7496\/revisions"}],"predecessor-version":[{"id":7498,"href":"https:\/\/serveiseducatius.xtec.cat\/garrotxa\/wp-json\/wp\/v2\/posts\/7496\/revisions\/7498"}],"wp:featuredmedia":[{"embeddable":true,"href":"https:\/\/serveiseducatius.xtec.cat\/garrotxa\/wp-json\/wp\/v2\/media\/7497"}],"wp:attachment":[{"href":"https:\/\/serveiseducatius.xtec.cat\/garrotxa\/wp-json\/wp\/v2\/media?parent=7496"}],"wp:term":[{"taxonomy":"category","embeddable":true,"href":"https:\/\/serveiseducatius.xtec.cat\/garrotxa\/wp-json\/wp\/v2\/categories?post=7496"},{"taxonomy":"post_tag","embeddable":true,"href":"https:\/\/serveiseducatius.xtec.cat\/garrotxa\/wp-json\/wp\/v2\/tags?post=7496"}],"curies":[{"name":"wp","href":"https:\/\/api.w.org\/{rel}","templated":true}]}}