{"id":7492,"date":"2026-09-04T08:46:59","date_gmt":"2026-09-04T06:46:59","guid":{"rendered":"https:\/\/serveiseducatius.xtec.cat\/garrotxa\/?p=7492"},"modified":"2026-09-04T08:46:59","modified_gmt":"2026-09-04T06:46:59","slug":"inscripcions-formacio-en-linia-de-prevencio-de-lassetjament-escolar","status":"publish","type":"post","link":"https:\/\/serveiseducatius.xtec.cat\/garrotxa\/general\/inscripcions-formacio-en-linia-de-prevencio-de-lassetjament-escolar\/","title":{"rendered":"Inscripcions formaci\u00f3 en l\u00ednia de prevenci\u00f3 de l&#8217;assetjament escolar"},"content":{"rendered":"\n<p>Compartim amb vosaltres el <strong>programa formatiu per a la prevenci\u00f3 de l&#8217;assetjament escolar en format en l\u00ednia que consta de dos cursos. <\/strong>Els cursos compten amb el suport d&#8217;un tutor o tutora que far\u00e0 l&#8217;acompanyament de les tasques entregades de forma personalitzada i \u00e9s en <strong>format as\u00edncron<\/strong>. <\/p>\n\n\n\n<p>El <strong>primer curs <em>Prevenci\u00f3 de l&#8217;assetjament escolar: Sensibilitzaci\u00f3 i observaci\u00f3 conscient<\/em><\/strong>, \u00e9s un curs introductori sobre el concepte d&#8217;assetjament, la difer\u00e8ncia entre conflicte, viol\u00e8ncia i agressivitat, i entre dues de les tres estrat\u00e8gies preventives que s\u00f3n la sensibilitzaci\u00f3 i l\u2019observaci\u00f3 conscient.<\/p>\n\n\n\n<figure class=\"wp-block-image size-large\"><a href=\"https:\/\/serveiseducatius.xtec.cat\/garrotxa\/wp-content\/uploads\/usu774\/2026\/09\/image.png\"><img loading=\"lazy\" decoding=\"async\" width=\"1024\" height=\"576\" src=\"https:\/\/serveiseducatius.xtec.cat\/garrotxa\/wp-content\/uploads\/usu774\/2026\/09\/image-1024x576.png\" alt=\"\" class=\"wp-image-7493\" srcset=\"https:\/\/serveiseducatius.xtec.cat\/garrotxa\/wp-content\/uploads\/usu774\/2026\/09\/image-1024x576.png 1024w, https:\/\/serveiseducatius.xtec.cat\/garrotxa\/wp-content\/uploads\/usu774\/2026\/09\/image-300x169.png 300w, https:\/\/serveiseducatius.xtec.cat\/garrotxa\/wp-content\/uploads\/usu774\/2026\/09\/image-768x432.png 768w, https:\/\/serveiseducatius.xtec.cat\/garrotxa\/wp-content\/uploads\/usu774\/2026\/09\/image-1536x864.png 1536w, https:\/\/serveiseducatius.xtec.cat\/garrotxa\/wp-content\/uploads\/usu774\/2026\/09\/image.png 1920w\" sizes=\"auto, (max-width: 1024px) 100vw, 1024px\" \/><\/a><\/figure>\n\n\n\n<p><strong>Inscripcions:<\/strong><strong> <\/strong>del 4 al 20 de setembre de 2026<\/p>\n\n\n\n<p><strong>Dates del curs: <\/strong>20\/10\/2026 fins a 17\/11\/2026<\/p>\n\n\n\n<p><strong>Hores:<\/strong> 20h<\/p>\n\n\n\n<p><strong>Codi activitat:<\/strong> 9002000517<\/p>\n\n\n\n<p><strong>Enlla\u00e7 a la inscripci\u00f3: <\/strong><a href=\"https:\/\/aplicacions.gestioeducativa.gencat.cat\/ords\/pls\/soloas\/inscripcionsnp?codi=9002000517&amp;curs=2026-2027\" target=\"_blank\" rel=\"noreferrer noopener\"><strong>Prevenci\u00f3 de l&#8217;assetjament escolar: sensibilitzaci\u00f3 i observaci\u00f3 conscient.<\/strong><\/a><br><\/p>\n\n\n\n<p><strong>Segon curs <em>Prevenci\u00f3 de l&#8217;assetjament escolar: Provenci\u00f3<\/em>,\u00a0 <\/strong>que permetr\u00e0 reflexionar sobre el concepte de provenci\u00f3, com aplicar-la en la creaci\u00f3 i formaci\u00f3 de grups i la import\u00e0ncia del desenvolupament de l&#8217;educaci\u00f3 socioemocional, situant la <strong>provenci\u00f3<\/strong> com una de les estrat\u00e8gies preventives m\u00e9s importants. <strong>Per a inscriure\u2019t a aquest segon curs recomanem haver cursat el primer<\/strong>.<br><\/p>\n\n\n\n<figure class=\"wp-block-image size-large\"><a href=\"https:\/\/serveiseducatius.xtec.cat\/garrotxa\/wp-content\/uploads\/usu774\/2026\/09\/image-1.png\"><img loading=\"lazy\" decoding=\"async\" width=\"1024\" height=\"576\" src=\"https:\/\/serveiseducatius.xtec.cat\/garrotxa\/wp-content\/uploads\/usu774\/2026\/09\/image-1-1024x576.png\" alt=\"\" class=\"wp-image-7494\" srcset=\"https:\/\/serveiseducatius.xtec.cat\/garrotxa\/wp-content\/uploads\/usu774\/2026\/09\/image-1-1024x576.png 1024w, https:\/\/serveiseducatius.xtec.cat\/garrotxa\/wp-content\/uploads\/usu774\/2026\/09\/image-1-300x169.png 300w, https:\/\/serveiseducatius.xtec.cat\/garrotxa\/wp-content\/uploads\/usu774\/2026\/09\/image-1-768x432.png 768w, https:\/\/serveiseducatius.xtec.cat\/garrotxa\/wp-content\/uploads\/usu774\/2026\/09\/image-1-1536x864.png 1536w, https:\/\/serveiseducatius.xtec.cat\/garrotxa\/wp-content\/uploads\/usu774\/2026\/09\/image-1.png 1920w\" sizes=\"auto, (max-width: 1024px) 100vw, 1024px\" \/><\/a><\/figure>\n\n\n\n<p><strong>Inscripcions: <\/strong>del 4 al 20 de setembre de 2026<\/p>\n\n\n\n<p><strong>Dates del curs: <\/strong>20\/10\/2026 fins a 01\/12\/2026<\/p>\n\n\n\n<p><strong>Hores:<\/strong> 30 h<\/p>\n\n\n\n<p><strong>Codi activitat:<\/strong> 9003000517<\/p>\n\n\n\n<p><strong>Enlla\u00e7 a la inscripci\u00f3: <\/strong><a href=\"https:\/\/aplicacions.gestioeducativa.gencat.cat\/ords\/pls\/soloas\/inscripcionsnp?codi=9003000517&amp;curs=2026-2027\" target=\"_blank\" rel=\"noreferrer noopener\"><strong>Prevenci\u00f3 de l&#8217;assetjament escolar: provenci\u00f3<\/strong>.<\/a><\/p>\n\n\n\n<p><\/p>\n","protected":false},"excerpt":{"rendered":"<p>Compartim amb vosaltres el programa formatiu per a la prevenci\u00f3 de l&#8217;assetjament escolar en format en l\u00ednia que consta de dos cursos. Els cursos compten amb el suport d&#8217;un tutor o tutora que far\u00e0 l&#8217;acompanyament de les tasques entregades de forma personalitzada i \u00e9s en format as\u00edncron. El primer curs Prevenci\u00f3 de l&#8217;assetjament escolar: Sensibilitzaci\u00f3 [&hellip;]<\/p>\n","protected":false},"author":1,"featured_media":7493,"comment_status":"closed","ping_status":"open","sticky":false,"template":"","format":"standard","meta":{"_bbp_topic_count":0,"_bbp_reply_count":0,"_bbp_total_topic_count":0,"_bbp_total_reply_count":0,"_bbp_voice_count":0,"_bbp_anonymous_reply_count":0,"_bbp_topic_count_hidden":0,"_bbp_reply_count_hidden":0,"_bbp_forum_subforum_count":0,"site-sidebar-layout":"default","site-content-layout":"","ast-site-content-layout":"default","site-content-style":"default","site-sidebar-style":"default","ast-global-header-display":"","ast-banner-title-visibility":"","ast-main-header-display":"","ast-hfb-above-header-display":"","ast-hfb-below-header-display":"","ast-hfb-mobile-header-display":"","site-post-title":"","ast-breadcrumbs-content":"","ast-featured-img":"","footer-sml-layout":"","theme-transparent-header-meta":"","adv-header-id-meta":"","stick-header-meta":"","header-above-stick-meta":"","header-main-stick-meta":"","header-below-stick-meta":"","astra-migrate-meta-layouts":"set","ast-page-background-enabled":"default","ast-page-background-meta":{"desktop":{"background-color":"var(--ast-global-color-5)","background-image":"","background-repeat":"repeat","background-position":"center center","background-size":"auto","background-attachment":"scroll","background-type":"","background-media":"","overlay-type":"","overlay-color":"","overlay-opacity":"","overlay-gradient":""},"tablet":{"background-color":"","background-image":"","background-repeat":"repeat","background-position":"center center","background-size":"auto","background-attachment":"scroll","background-type":"","background-media":"","overlay-type":"","overlay-color":"","overlay-opacity":"","overlay-gradient":""},"mobile":{"background-color":"","background-image":"","background-repeat":"repeat","background-position":"center center","background-size":"auto","background-attachment":"scroll","background-type":"","background-media":"","overlay-type":"","overlay-color":"","overlay-opacity":"","overlay-gradient":""}},"ast-content-background-meta":{"desktop":{"background-color":"var(--ast-global-color-4)","background-image":"","background-repeat":"repeat","background-position":"center center","background-size":"auto","background-attachment":"scroll","background-type":"","background-media":"","overlay-type":"","overlay-color":"","overlay-opacity":"","overlay-gradient":""},"tablet":{"background-color":"var(--ast-global-color-4)","background-image":"","background-repeat":"repeat","background-position":"center center","background-size":"auto","background-attachment":"scroll","background-type":"","background-media":"","overlay-type":"","overlay-color":"","overlay-opacity":"","overlay-gradient":""},"mobile":{"background-color":"var(--ast-global-color-4)","background-image":"","background-repeat":"repeat","background-position":"center center","background-size":"auto","background-attachment":"scroll","background-type":"","background-media":"","overlay-type":"","overlay-color":"","overlay-opacity":"","overlay-gradient":""}},"footnotes":""},"categories":[1],"tags":[],"class_list":["post-7492","post","type-post","status-publish","format-standard","has-post-thumbnail","hentry","category-general"],"post_mailing_queue_ids":[],"_links":{"self":[{"href":"https:\/\/serveiseducatius.xtec.cat\/garrotxa\/wp-json\/wp\/v2\/posts\/7492","targetHints":{"allow":["GET"]}}],"collection":[{"href":"https:\/\/serveiseducatius.xtec.cat\/garrotxa\/wp-json\/wp\/v2\/posts"}],"about":[{"href":"https:\/\/serveiseducatius.xtec.cat\/garrotxa\/wp-json\/wp\/v2\/types\/post"}],"author":[{"embeddable":true,"href":"https:\/\/serveiseducatius.xtec.cat\/garrotxa\/wp-json\/wp\/v2\/users\/1"}],"replies":[{"embeddable":true,"href":"https:\/\/serveiseducatius.xtec.cat\/garrotxa\/wp-json\/wp\/v2\/comments?post=7492"}],"version-history":[{"count":1,"href":"https:\/\/serveiseducatius.xtec.cat\/garrotxa\/wp-json\/wp\/v2\/posts\/7492\/revisions"}],"predecessor-version":[{"id":7495,"href":"https:\/\/serveiseducatius.xtec.cat\/garrotxa\/wp-json\/wp\/v2\/posts\/7492\/revisions\/7495"}],"wp:featuredmedia":[{"embeddable":true,"href":"https:\/\/serveiseducatius.xtec.cat\/garrotxa\/wp-json\/wp\/v2\/media\/7493"}],"wp:attachment":[{"href":"https:\/\/serveiseducatius.xtec.cat\/garrotxa\/wp-json\/wp\/v2\/media?parent=7492"}],"wp:term":[{"taxonomy":"category","embeddable":true,"href":"https:\/\/serveiseducatius.xtec.cat\/garrotxa\/wp-json\/wp\/v2\/categories?post=7492"},{"taxonomy":"post_tag","embeddable":true,"href":"https:\/\/serveiseducatius.xtec.cat\/garrotxa\/wp-json\/wp\/v2\/tags?post=7492"}],"curies":[{"name":"wp","href":"https:\/\/api.w.org\/{rel}","templated":true}]}}