{"id":7472,"date":"2026-07-15T09:43:50","date_gmt":"2026-07-15T07:43:50","guid":{"rendered":"https:\/\/serveiseducatius.xtec.cat\/garrotxa\/?p=7472"},"modified":"2026-07-15T09:43:51","modified_gmt":"2026-07-15T07:43:51","slug":"ruta-verdaguer-a-folgueroles-gratuita-per-a-docents","status":"publish","type":"post","link":"https:\/\/serveiseducatius.xtec.cat\/garrotxa\/general\/ruta-verdaguer-a-folgueroles-gratuita-per-a-docents\/","title":{"rendered":"Ruta\u00a0Verdaguer\u00a0a Folgueroles gratu\u00efta\u00a0per\u00a0a\u00a0docents"},"content":{"rendered":"\n<p>El pr\u00f2xim\u00a0<strong>dijous 30 de juliol, a les 9:30 h<\/strong>, oferirem una\u00a0<strong>Ruta\u00a0Verdaguer\u00a0a Folgueroles gratu\u00efta\u00a0per\u00a0a\u00a0docents<\/strong>.<\/p>\n\n\n\n<p>L&#8217;activitat est\u00e0 adre\u00e7ada a&nbsp;docents&nbsp;de prim\u00e0ria i secund\u00e0ria, perqu\u00e8 ens volem preguntar&nbsp;quina pres\u00e8ncia t\u00e9&nbsp;Verdaguer&nbsp;a les aules? Com s&#8217;ensenya? De quins recursos disposem? Aprofitarem aquesta&nbsp;rutaper&nbsp;mostrar una tria de les activitats pedag\u00f2giques a la Casa Museu&nbsp;Verdaguer, mentre fem el&nbsp;recorregut que inclou la visita a la Casa Museu, i segueix&nbsp;per&nbsp;diversos punts del nucli vinculats amb la vida i l&#8217;obra de l&#8217;autor.<\/p>\n\n\n\n<p>Trobareu tota la informaci\u00f3 al seg\u00fcent&nbsp;<a href=\"https:\/\/www.verdaguer.cat\/agenda\/rutes-verdaguer-a-folgueroles-cicle-de-rutes-literaries-destiu\/421?source=home\" target=\"_blank\" rel=\"noreferrer noopener\">enlla\u00e7<\/a><\/p>\n\n\n\n<figure class=\"wp-block-image size-full\"><a href=\"https:\/\/serveiseducatius.xtec.cat\/garrotxa\/wp-content\/uploads\/usu774\/2026\/07\/image-4.png\"><img loading=\"lazy\" decoding=\"async\" width=\"831\" height=\"397\" src=\"https:\/\/serveiseducatius.xtec.cat\/garrotxa\/wp-content\/uploads\/usu774\/2026\/07\/image-4.png\" alt=\"\" class=\"wp-image-7473\" srcset=\"https:\/\/serveiseducatius.xtec.cat\/garrotxa\/wp-content\/uploads\/usu774\/2026\/07\/image-4.png 831w, https:\/\/serveiseducatius.xtec.cat\/garrotxa\/wp-content\/uploads\/usu774\/2026\/07\/image-4-300x143.png 300w, https:\/\/serveiseducatius.xtec.cat\/garrotxa\/wp-content\/uploads\/usu774\/2026\/07\/image-4-768x367.png 768w\" sizes=\"auto, (max-width: 831px) 100vw, 831px\" \/><\/a><\/figure>\n","protected":false},"excerpt":{"rendered":"<p>El pr\u00f2xim\u00a0dijous 30 de juliol, a les 9:30 h, oferirem una\u00a0Ruta\u00a0Verdaguer\u00a0a Folgueroles gratu\u00efta\u00a0per\u00a0a\u00a0docents. L&#8217;activitat est\u00e0 adre\u00e7ada a&nbsp;docents&nbsp;de prim\u00e0ria i secund\u00e0ria, perqu\u00e8 ens volem preguntar&nbsp;quina pres\u00e8ncia t\u00e9&nbsp;Verdaguer&nbsp;a les aules? Com s&#8217;ensenya? De quins recursos disposem? Aprofitarem aquesta&nbsp;rutaper&nbsp;mostrar una tria de les activitats pedag\u00f2giques a la Casa Museu&nbsp;Verdaguer, mentre fem el&nbsp;recorregut que inclou la visita a la [&hellip;]<\/p>\n","protected":false},"author":1,"featured_media":7473,"comment_status":"closed","ping_status":"open","sticky":false,"template":"","format":"standard","meta":{"_bbp_topic_count":0,"_bbp_reply_count":0,"_bbp_total_topic_count":0,"_bbp_total_reply_count":0,"_bbp_voice_count":0,"_bbp_anonymous_reply_count":0,"_bbp_topic_count_hidden":0,"_bbp_reply_count_hidden":0,"_bbp_forum_subforum_count":0,"site-sidebar-layout":"default","site-content-layout":"","ast-site-content-layout":"default","site-content-style":"default","site-sidebar-style":"default","ast-global-header-display":"","ast-banner-title-visibility":"","ast-main-header-display":"","ast-hfb-above-header-display":"","ast-hfb-below-header-display":"","ast-hfb-mobile-header-display":"","site-post-title":"","ast-breadcrumbs-content":"","ast-featured-img":"","footer-sml-layout":"","theme-transparent-header-meta":"","adv-header-id-meta":"","stick-header-meta":"","header-above-stick-meta":"","header-main-stick-meta":"","header-below-stick-meta":"","astra-migrate-meta-layouts":"set","ast-page-background-enabled":"default","ast-page-background-meta":{"desktop":{"background-color":"var(--ast-global-color-5)","background-image":"","background-repeat":"repeat","background-position":"center center","background-size":"auto","background-attachment":"scroll","background-type":"","background-media":"","overlay-type":"","overlay-color":"","overlay-opacity":"","overlay-gradient":""},"tablet":{"background-color":"","background-image":"","background-repeat":"repeat","background-position":"center center","background-size":"auto","background-attachment":"scroll","background-type":"","background-media":"","overlay-type":"","overlay-color":"","overlay-opacity":"","overlay-gradient":""},"mobile":{"background-color":"","background-image":"","background-repeat":"repeat","background-position":"center center","background-size":"auto","background-attachment":"scroll","background-type":"","background-media":"","overlay-type":"","overlay-color":"","overlay-opacity":"","overlay-gradient":""}},"ast-content-background-meta":{"desktop":{"background-color":"var(--ast-global-color-4)","background-image":"","background-repeat":"repeat","background-position":"center center","background-size":"auto","background-attachment":"scroll","background-type":"","background-media":"","overlay-type":"","overlay-color":"","overlay-opacity":"","overlay-gradient":""},"tablet":{"background-color":"var(--ast-global-color-4)","background-image":"","background-repeat":"repeat","background-position":"center center","background-size":"auto","background-attachment":"scroll","background-type":"","background-media":"","overlay-type":"","overlay-color":"","overlay-opacity":"","overlay-gradient":""},"mobile":{"background-color":"var(--ast-global-color-4)","background-image":"","background-repeat":"repeat","background-position":"center center","background-size":"auto","background-attachment":"scroll","background-type":"","background-media":"","overlay-type":"","overlay-color":"","overlay-opacity":"","overlay-gradient":""}},"footnotes":""},"categories":[1],"tags":[],"class_list":["post-7472","post","type-post","status-publish","format-standard","has-post-thumbnail","hentry","category-general"],"post_mailing_queue_ids":[],"_links":{"self":[{"href":"https:\/\/serveiseducatius.xtec.cat\/garrotxa\/wp-json\/wp\/v2\/posts\/7472","targetHints":{"allow":["GET"]}}],"collection":[{"href":"https:\/\/serveiseducatius.xtec.cat\/garrotxa\/wp-json\/wp\/v2\/posts"}],"about":[{"href":"https:\/\/serveiseducatius.xtec.cat\/garrotxa\/wp-json\/wp\/v2\/types\/post"}],"author":[{"embeddable":true,"href":"https:\/\/serveiseducatius.xtec.cat\/garrotxa\/wp-json\/wp\/v2\/users\/1"}],"replies":[{"embeddable":true,"href":"https:\/\/serveiseducatius.xtec.cat\/garrotxa\/wp-json\/wp\/v2\/comments?post=7472"}],"version-history":[{"count":1,"href":"https:\/\/serveiseducatius.xtec.cat\/garrotxa\/wp-json\/wp\/v2\/posts\/7472\/revisions"}],"predecessor-version":[{"id":7474,"href":"https:\/\/serveiseducatius.xtec.cat\/garrotxa\/wp-json\/wp\/v2\/posts\/7472\/revisions\/7474"}],"wp:featuredmedia":[{"embeddable":true,"href":"https:\/\/serveiseducatius.xtec.cat\/garrotxa\/wp-json\/wp\/v2\/media\/7473"}],"wp:attachment":[{"href":"https:\/\/serveiseducatius.xtec.cat\/garrotxa\/wp-json\/wp\/v2\/media?parent=7472"}],"wp:term":[{"taxonomy":"category","embeddable":true,"href":"https:\/\/serveiseducatius.xtec.cat\/garrotxa\/wp-json\/wp\/v2\/categories?post=7472"},{"taxonomy":"post_tag","embeddable":true,"href":"https:\/\/serveiseducatius.xtec.cat\/garrotxa\/wp-json\/wp\/v2\/tags?post=7472"}],"curies":[{"name":"wp","href":"https:\/\/api.w.org\/{rel}","templated":true}]}}