{"id":7095,"date":"2026-04-20T14:28:55","date_gmt":"2026-04-20T12:28:55","guid":{"rendered":"https:\/\/serveiseducatius.xtec.cat\/garrotxa\/?p=7095"},"modified":"2026-04-20T14:28:55","modified_gmt":"2026-04-20T12:28:55","slug":"descobreix-la-primavera-al-parc-natural-de-la-zona-volcanica-de-la-garrotxa","status":"publish","type":"post","link":"https:\/\/serveiseducatius.xtec.cat\/garrotxa\/general\/descobreix-la-primavera-al-parc-natural-de-la-zona-volcanica-de-la-garrotxa\/","title":{"rendered":"Descobreix la primavera al Parc Natural de la Zona Volc\u00e0nica de la Garrotxa"},"content":{"rendered":"\n<p>Vols estar al dia de tot el que passa al Parc? Et recomanem que no perdis de vista les seccions d\u2019<a href=\"https:\/\/www.google.com\/search?q=enlla%C3%A7\" rel=\"noreferrer noopener\" target=\"_blank\"><strong>Actualitat<\/strong><\/a>&nbsp;i&nbsp;<a href=\"https:\/\/www.google.com\/search?q=enlla%C3%A7\" rel=\"noreferrer noopener\" target=\"_blank\"><strong>Agenda d&#8217;activitats<\/strong><\/a>&nbsp;del nostre web. \u00c9s all\u00e0 on bull tota la informaci\u00f3 que despr\u00e9s compartim a Instagram, Facebook i X.<\/p>\n\n\n\n<p>Aquesta primavera arriba plena de propostes:<\/p>\n\n\n\n<ul class=\"wp-block-list\">\n<li><img decoding=\"async\" src=\"https:\/\/fonts.gstatic.com\/s\/e\/notoemoji\/17.0\/2728\/32.png\" alt=\"\u2728\">\u00a0<strong>Novetat destacada:<\/strong>\u00a0Estrenem el programa\u00a0<strong>&#8220;<\/strong><a href=\"https:\/\/parcsnaturals.gencat.cat\/ca\/detalls\/Noticia\/20260426-visites-amb-valors\" target=\"_blank\" rel=\"noreferrer noopener\"><strong>Visites amb valors<\/strong><\/a><strong>&#8220;<\/strong>\u00a0durant els mesos d\u2019abril, maig i juny. No te\u2019l perdis!<\/li>\n\n\n\n<li><img decoding=\"async\" src=\"https:\/\/fonts.gstatic.com\/s\/e\/notoemoji\/17.0\/1f4da\/32.png\" alt=\"\ud83d\udcda\">\u00a0<a href=\"https:\/\/parcsnaturals.gencat.cat\/ca\/detalls\/Activitat_Agenda\/biblio-tallers-herbes\" target=\"_blank\" rel=\"noreferrer noopener\"><strong>Setmana de la Natura a les biblioteques<\/strong><\/a><strong>:<\/strong>\u00a0Tallers sobre herbes remeieres i el lir\u00f3 gris a tota la comarca. Activitats per a infants&#8230; i per als que ja no ho s\u00f3n tant!<\/li>\n\n\n\n<li><img decoding=\"async\" src=\"https:\/\/fonts.gstatic.com\/s\/e\/notoemoji\/17.0\/1f690\/32.png\" alt=\"\ud83d\ude90\">\u00a0<strong>Cultura en moviment:<\/strong>\u00a0No et perdis les\u00a0<strong>bibliom\u00f2bils<\/strong>\u00a0a\u00a0<a href=\"https:\/\/parcsnaturals.gencat.cat\/ca\/detalls\/Activitat_Agenda\/202604-cantrona\" target=\"_blank\" rel=\"noreferrer noopener\">Can Trona<\/a>\u00a0o a l\u2019<a href=\"https:\/\/parcsnaturals.gencat.cat\/ca\/detalls\/Activitat_Agenda\/202604-biblio-espaicrater\" target=\"_blank\" rel=\"noreferrer noopener\">Espai Cr\u00e0ter<\/a>, fruit de la col\u00b7laboraci\u00f3 amb els agents locals.<\/li>\n\n\n\n<li><img decoding=\"async\" src=\"https:\/\/fonts.gstatic.com\/s\/e\/notoemoji\/17.0\/1f30b\/32.png\" alt=\"\ud83c\udf0b\">\u00a0<strong>Formaci\u00f3 d&#8217;alt nivell:<\/strong>\u00a0Ja \u00e9s aqu\u00ed el\u00a0<a href=\"https:\/\/parcsnaturals.gencat.cat\/ca\/detalls\/Activitat_Agenda\/ii-curs-vulcanologia\" target=\"_blank\" rel=\"noreferrer noopener\"><strong>II Curs Internacional de Vulcanologia Olot &#8211; La Palma<\/strong><\/a>.<\/li>\n<\/ul>\n\n\n\n<figure class=\"wp-block-image aligncenter size-large\"><a href=\"https:\/\/serveiseducatius.xtec.cat\/garrotxa\/wp-content\/uploads\/usu774\/2026\/04\/image-8.png\"><img loading=\"lazy\" decoding=\"async\" width=\"1024\" height=\"286\" src=\"https:\/\/serveiseducatius.xtec.cat\/garrotxa\/wp-content\/uploads\/usu774\/2026\/04\/image-8-1024x286.png\" alt=\"\" class=\"wp-image-7096\" srcset=\"https:\/\/serveiseducatius.xtec.cat\/garrotxa\/wp-content\/uploads\/usu774\/2026\/04\/image-8-1024x286.png 1024w, https:\/\/serveiseducatius.xtec.cat\/garrotxa\/wp-content\/uploads\/usu774\/2026\/04\/image-8-300x84.png 300w, https:\/\/serveiseducatius.xtec.cat\/garrotxa\/wp-content\/uploads\/usu774\/2026\/04\/image-8-768x215.png 768w, https:\/\/serveiseducatius.xtec.cat\/garrotxa\/wp-content\/uploads\/usu774\/2026\/04\/image-8.png 1034w\" sizes=\"auto, (max-width: 1024px) 100vw, 1024px\" \/><\/a><\/figure>\n","protected":false},"excerpt":{"rendered":"<p>Vols estar al dia de tot el que passa al Parc? Et recomanem que no perdis de vista les seccions d\u2019Actualitat&nbsp;i&nbsp;Agenda d&#8217;activitats&nbsp;del nostre web. \u00c9s all\u00e0 on bull tota la informaci\u00f3 que despr\u00e9s compartim a Instagram, Facebook i X. Aquesta primavera arriba plena de propostes:<\/p>\n","protected":false},"author":1,"featured_media":7097,"comment_status":"closed","ping_status":"open","sticky":false,"template":"","format":"standard","meta":{"_bbp_topic_count":0,"_bbp_reply_count":0,"_bbp_total_topic_count":0,"_bbp_total_reply_count":0,"_bbp_voice_count":0,"_bbp_anonymous_reply_count":0,"_bbp_topic_count_hidden":0,"_bbp_reply_count_hidden":0,"_bbp_forum_subforum_count":0,"site-sidebar-layout":"default","site-content-layout":"","ast-site-content-layout":"default","site-content-style":"default","site-sidebar-style":"default","ast-global-header-display":"","ast-banner-title-visibility":"","ast-main-header-display":"","ast-hfb-above-header-display":"","ast-hfb-below-header-display":"","ast-hfb-mobile-header-display":"","site-post-title":"","ast-breadcrumbs-content":"","ast-featured-img":"","footer-sml-layout":"","theme-transparent-header-meta":"","adv-header-id-meta":"","stick-header-meta":"","header-above-stick-meta":"","header-main-stick-meta":"","header-below-stick-meta":"","astra-migrate-meta-layouts":"set","ast-page-background-enabled":"default","ast-page-background-meta":{"desktop":{"background-color":"var(--ast-global-color-5)","background-image":"","background-repeat":"repeat","background-position":"center center","background-size":"auto","background-attachment":"scroll","background-type":"","background-media":"","overlay-type":"","overlay-color":"","overlay-opacity":"","overlay-gradient":""},"tablet":{"background-color":"","background-image":"","background-repeat":"repeat","background-position":"center center","background-size":"auto","background-attachment":"scroll","background-type":"","background-media":"","overlay-type":"","overlay-color":"","overlay-opacity":"","overlay-gradient":""},"mobile":{"background-color":"","background-image":"","background-repeat":"repeat","background-position":"center center","background-size":"auto","background-attachment":"scroll","background-type":"","background-media":"","overlay-type":"","overlay-color":"","overlay-opacity":"","overlay-gradient":""}},"ast-content-background-meta":{"desktop":{"background-color":"var(--ast-global-color-4)","background-image":"","background-repeat":"repeat","background-position":"center center","background-size":"auto","background-attachment":"scroll","background-type":"","background-media":"","overlay-type":"","overlay-color":"","overlay-opacity":"","overlay-gradient":""},"tablet":{"background-color":"var(--ast-global-color-4)","background-image":"","background-repeat":"repeat","background-position":"center center","background-size":"auto","background-attachment":"scroll","background-type":"","background-media":"","overlay-type":"","overlay-color":"","overlay-opacity":"","overlay-gradient":""},"mobile":{"background-color":"var(--ast-global-color-4)","background-image":"","background-repeat":"repeat","background-position":"center center","background-size":"auto","background-attachment":"scroll","background-type":"","background-media":"","overlay-type":"","overlay-color":"","overlay-opacity":"","overlay-gradient":""}},"footnotes":""},"categories":[1],"tags":[],"class_list":["post-7095","post","type-post","status-publish","format-standard","has-post-thumbnail","hentry","category-general"],"post_mailing_queue_ids":[],"_links":{"self":[{"href":"https:\/\/serveiseducatius.xtec.cat\/garrotxa\/wp-json\/wp\/v2\/posts\/7095","targetHints":{"allow":["GET"]}}],"collection":[{"href":"https:\/\/serveiseducatius.xtec.cat\/garrotxa\/wp-json\/wp\/v2\/posts"}],"about":[{"href":"https:\/\/serveiseducatius.xtec.cat\/garrotxa\/wp-json\/wp\/v2\/types\/post"}],"author":[{"embeddable":true,"href":"https:\/\/serveiseducatius.xtec.cat\/garrotxa\/wp-json\/wp\/v2\/users\/1"}],"replies":[{"embeddable":true,"href":"https:\/\/serveiseducatius.xtec.cat\/garrotxa\/wp-json\/wp\/v2\/comments?post=7095"}],"version-history":[{"count":1,"href":"https:\/\/serveiseducatius.xtec.cat\/garrotxa\/wp-json\/wp\/v2\/posts\/7095\/revisions"}],"predecessor-version":[{"id":7098,"href":"https:\/\/serveiseducatius.xtec.cat\/garrotxa\/wp-json\/wp\/v2\/posts\/7095\/revisions\/7098"}],"wp:featuredmedia":[{"embeddable":true,"href":"https:\/\/serveiseducatius.xtec.cat\/garrotxa\/wp-json\/wp\/v2\/media\/7097"}],"wp:attachment":[{"href":"https:\/\/serveiseducatius.xtec.cat\/garrotxa\/wp-json\/wp\/v2\/media?parent=7095"}],"wp:term":[{"taxonomy":"category","embeddable":true,"href":"https:\/\/serveiseducatius.xtec.cat\/garrotxa\/wp-json\/wp\/v2\/categories?post=7095"},{"taxonomy":"post_tag","embeddable":true,"href":"https:\/\/serveiseducatius.xtec.cat\/garrotxa\/wp-json\/wp\/v2\/tags?post=7095"}],"curies":[{"name":"wp","href":"https:\/\/api.w.org\/{rel}","templated":true}]}}