{"id":6569,"date":"2025-12-01T09:35:27","date_gmt":"2025-12-01T08:35:27","guid":{"rendered":"https:\/\/serveiseducatius.xtec.cat\/garrotxa\/?p=6569"},"modified":"2025-12-01T13:17:02","modified_gmt":"2025-12-01T12:17:02","slug":"xxii-jornades-internacionals-de-recerca-en-didactica-de-les-ciencies-socials-2026","status":"publish","type":"post","link":"https:\/\/serveiseducatius.xtec.cat\/garrotxa\/general\/xxii-jornades-internacionals-de-recerca-en-didactica-de-les-ciencies-socials-2026\/","title":{"rendered":"XXII Jornades Internacionals de Recerca en Did\u00e0ctica de les Ci\u00e8ncies Socials, 2026"},"content":{"rendered":"<p id=\"titol-pagina\" class=\"wp-block-heading\">XXII Jornades Internacionals de Recerca en Did\u00e0ctica de les Ci\u00e8ncies Socials: La Formaci\u00f3 del Pensament Cr\u00edtic en la Societat de la Desinformaci\u00f3<\/p>\n<p><strong>Del 4 al 6 de febrer de 2026, celebrarem les XXII Jornades Internacionals de Recerca en Did\u00e0ctica de les Ci\u00e8ncies Socials a la Facultat de Ci\u00e8ncies de l\u2019Educaci\u00f3 de la Universitat Aut\u00f2noma de Barcelona.<\/strong><\/p>\n<p><a href=\"https:\/\/serveiseducatius.xtec.cat\/garrotxa\/wp-content\/uploads\/usu774\/2025\/12\/Jornades-Recerca-.jpg\"><img loading=\"lazy\" decoding=\"async\" class=\"size-full wp-image-6570 aligncenter\" src=\"https:\/\/serveiseducatius.xtec.cat\/garrotxa\/wp-content\/uploads\/usu774\/2025\/12\/Jornades-Recerca-.jpg\" alt=\"\" width=\"701\" height=\"305\" srcset=\"https:\/\/serveiseducatius.xtec.cat\/garrotxa\/wp-content\/uploads\/usu774\/2025\/12\/Jornades-Recerca-.jpg 701w, https:\/\/serveiseducatius.xtec.cat\/garrotxa\/wp-content\/uploads\/usu774\/2025\/12\/Jornades-Recerca--300x131.jpg 300w\" sizes=\"auto, (max-width: 701px) 100vw, 701px\" \/><\/a><\/p>\n<p>Enguany ens volem centrar en la formaci\u00f3 del Pensament Cr\u00edtic com a un dels principals objectius de la innovaci\u00f3 i la recerca en l\u2019ensenyament i l\u2019aprenentatge de les ci\u00e8ncies socials, per tal de donar resposta a l\u2019actual model de societat, on la desinformaci\u00f3 i les\u00a0<em>not\u00edcies falses<\/em>\u00a0formen part de la nostra vida quotidiana, i s\u00f3n utilitzades per diferents formes de poder per construir els seus relats hegem\u00f2nics i assolir els seus objectius pol\u00edtics, econ\u00f2mics, socials o culturals. La formaci\u00f3 del pensament cr\u00edtic ha de ser inherent a una intervenci\u00f3 social democr\u00e0tica.<\/p>\n<p><strong>Presentaci\u00f3 de comunicacions<\/strong><br \/>\nLes persones que participin en les jornades podran presentar comunicacions en catal\u00e0, castell\u00e0, franc\u00e8s, portugu\u00e8s o angl\u00e8s. Poden ser experi\u00e8ncies d&#8217;aula, innovacions o recerques en relaci\u00f3<br \/>\namb qualsevol nivell educatiu. La presentaci\u00f3 de les comunicacions t\u00e9 com a requisit la inscripci\u00f3 en aquestes.<\/p>\n<p>Caldr\u00e0 enviar un resum de 300 paraules, abans del 18 de desembre de 2025, d&#8217;acord amb el <a href=\"https:\/\/uab-my.sharepoint.com\/:w:\/g\/personal\/1545407_uab_cat\/IQB_2V5V4Df1SpX6EE96c73bASL8Ko9ioFnpz0vYHuVTDxY?rtime=6Fk2IbUw3kg\" target=\"_blank\" rel=\"noopener\">Model de plantilla<\/a>.<br \/>\n<a href=\"https:\/\/docs.google.com\/forms\/d\/e\/1FAIpQLSeuP_js37pZ7V9d9_nKs79-JnSpib75cEb_7Ximy9Pj1vF51A\/viewform\" target=\"_blank\" rel=\"noopener\">Enlla\u00e7<\/a> per a l\u2019enviament de resums.<\/p>\n<p>Anirem actualitzant la informaci\u00f3 al <a href=\"https:\/\/webs.uab.cat\/jornadesdcs\/2025\/07\/16\/xxii-jornades-internacionals-de-recerca-en-didactica-de-les-ciencies-socials\/\" target=\"_blank\" rel=\"noopener\">web<\/a>.<\/p>\n<p><strong>Inscripci\u00f3<\/strong><br \/>\nEl per\u00edode d&#8217;inscripci\u00f3 \u00e9s del <strong>24 de novembre<\/strong> de 2025 <strong>fins al 30 de gener<\/strong> de 2026. <a href=\"https:\/\/docs.google.com\/forms\/d\/e\/1FAIpQLSfRzLLu1Cptt9fiWcoDlC1u4Ur3Bv4dNE1iqpwYTc299EzcQQ\/viewform\" target=\"_blank\" rel=\"noopener\">Enlla\u00e7<\/a> per a la inscripci\u00f3.<\/p>\n","protected":false},"excerpt":{"rendered":"<p>XXII Jornades Internacionals de Recerca en Did\u00e0ctica de les Ci\u00e8ncies Socials: La Formaci\u00f3 del Pensament Cr\u00edtic en la Societat de la Desinformaci\u00f3 Del 4 al 6 de febrer de 2026, celebrarem les XXII Jornades Internacionals de Recerca en Did\u00e0ctica de les Ci\u00e8ncies Socials a la Facultat de Ci\u00e8ncies de l\u2019Educaci\u00f3 de la Universitat Aut\u00f2noma de [&hellip;]<\/p>\n","protected":false},"author":1,"featured_media":6570,"comment_status":"closed","ping_status":"open","sticky":false,"template":"","format":"standard","meta":{"_bbp_topic_count":0,"_bbp_reply_count":0,"_bbp_total_topic_count":0,"_bbp_total_reply_count":0,"_bbp_voice_count":0,"_bbp_anonymous_reply_count":0,"_bbp_topic_count_hidden":0,"_bbp_reply_count_hidden":0,"_bbp_forum_subforum_count":0,"site-sidebar-layout":"default","site-content-layout":"","ast-site-content-layout":"","site-content-style":"default","site-sidebar-style":"default","ast-global-header-display":"","ast-banner-title-visibility":"","ast-main-header-display":"","ast-hfb-above-header-display":"","ast-hfb-below-header-display":"","ast-hfb-mobile-header-display":"","site-post-title":"","ast-breadcrumbs-content":"","ast-featured-img":"","footer-sml-layout":"","theme-transparent-header-meta":"","adv-header-id-meta":"","stick-header-meta":"","header-above-stick-meta":"","header-main-stick-meta":"","header-below-stick-meta":"","astra-migrate-meta-layouts":"default","ast-page-background-enabled":"default","ast-page-background-meta":{"desktop":{"background-color":"var(--ast-global-color-5)","background-image":"","background-repeat":"repeat","background-position":"center center","background-size":"auto","background-attachment":"scroll","background-type":"","background-media":"","overlay-type":"","overlay-color":"","overlay-opacity":"","overlay-gradient":""},"tablet":{"background-color":"","background-image":"","background-repeat":"repeat","background-position":"center center","background-size":"auto","background-attachment":"scroll","background-type":"","background-media":"","overlay-type":"","overlay-color":"","overlay-opacity":"","overlay-gradient":""},"mobile":{"background-color":"","background-image":"","background-repeat":"repeat","background-position":"center center","background-size":"auto","background-attachment":"scroll","background-type":"","background-media":"","overlay-type":"","overlay-color":"","overlay-opacity":"","overlay-gradient":""}},"ast-content-background-meta":{"desktop":{"background-color":"var(--ast-global-color-4)","background-image":"","background-repeat":"repeat","background-position":"center center","background-size":"auto","background-attachment":"scroll","background-type":"","background-media":"","overlay-type":"","overlay-color":"","overlay-opacity":"","overlay-gradient":""},"tablet":{"background-color":"var(--ast-global-color-4)","background-image":"","background-repeat":"repeat","background-position":"center center","background-size":"auto","background-attachment":"scroll","background-type":"","background-media":"","overlay-type":"","overlay-color":"","overlay-opacity":"","overlay-gradient":""},"mobile":{"background-color":"var(--ast-global-color-4)","background-image":"","background-repeat":"repeat","background-position":"center center","background-size":"auto","background-attachment":"scroll","background-type":"","background-media":"","overlay-type":"","overlay-color":"","overlay-opacity":"","overlay-gradient":""}},"footnotes":""},"categories":[1],"tags":[],"class_list":["post-6569","post","type-post","status-publish","format-standard","has-post-thumbnail","hentry","category-general"],"post_mailing_queue_ids":[],"_links":{"self":[{"href":"https:\/\/serveiseducatius.xtec.cat\/garrotxa\/wp-json\/wp\/v2\/posts\/6569","targetHints":{"allow":["GET"]}}],"collection":[{"href":"https:\/\/serveiseducatius.xtec.cat\/garrotxa\/wp-json\/wp\/v2\/posts"}],"about":[{"href":"https:\/\/serveiseducatius.xtec.cat\/garrotxa\/wp-json\/wp\/v2\/types\/post"}],"author":[{"embeddable":true,"href":"https:\/\/serveiseducatius.xtec.cat\/garrotxa\/wp-json\/wp\/v2\/users\/1"}],"replies":[{"embeddable":true,"href":"https:\/\/serveiseducatius.xtec.cat\/garrotxa\/wp-json\/wp\/v2\/comments?post=6569"}],"version-history":[{"count":5,"href":"https:\/\/serveiseducatius.xtec.cat\/garrotxa\/wp-json\/wp\/v2\/posts\/6569\/revisions"}],"predecessor-version":[{"id":6595,"href":"https:\/\/serveiseducatius.xtec.cat\/garrotxa\/wp-json\/wp\/v2\/posts\/6569\/revisions\/6595"}],"wp:featuredmedia":[{"embeddable":true,"href":"https:\/\/serveiseducatius.xtec.cat\/garrotxa\/wp-json\/wp\/v2\/media\/6570"}],"wp:attachment":[{"href":"https:\/\/serveiseducatius.xtec.cat\/garrotxa\/wp-json\/wp\/v2\/media?parent=6569"}],"wp:term":[{"taxonomy":"category","embeddable":true,"href":"https:\/\/serveiseducatius.xtec.cat\/garrotxa\/wp-json\/wp\/v2\/categories?post=6569"},{"taxonomy":"post_tag","embeddable":true,"href":"https:\/\/serveiseducatius.xtec.cat\/garrotxa\/wp-json\/wp\/v2\/tags?post=6569"}],"curies":[{"name":"wp","href":"https:\/\/api.w.org\/{rel}","templated":true}]}}