{"id":6490,"date":"2025-10-27T10:45:50","date_gmt":"2025-10-27T09:45:50","guid":{"rendered":"https:\/\/serveiseducatius.xtec.cat\/garrotxa\/?p=6490"},"modified":"2025-10-27T10:45:50","modified_gmt":"2025-10-27T09:45:50","slug":"jornada-dun-lloc-joc-repensar-lexperiencia-ludica-dinfants-i-joves-en-entorns-rurals","status":"publish","type":"post","link":"https:\/\/serveiseducatius.xtec.cat\/garrotxa\/general\/jornada-dun-lloc-joc-repensar-lexperiencia-ludica-dinfants-i-joves-en-entorns-rurals\/","title":{"rendered":"Jornada &#8220;D&#8217;un lloc joc&#8221;: repensar l&#8217;experi\u00e8ncia l\u00fadica d&#8217;infants i joves en entorns rurals"},"content":{"rendered":"<div class=\"flex col-start-2 col-end-7 text-styles\">\n<p style=\"text-align: center;\"><strong><a href=\"https:\/\/serveiseducatius.xtec.cat\/garrotxa\/wp-content\/uploads\/usu774\/2025\/10\/Dun-lloc-joc.jpg\"><img loading=\"lazy\" decoding=\"async\" class=\"size-full wp-image-6491 aligncenter\" src=\"https:\/\/serveiseducatius.xtec.cat\/garrotxa\/wp-content\/uploads\/usu774\/2025\/10\/Dun-lloc-joc.jpg\" alt=\"\" width=\"981\" height=\"742\" srcset=\"https:\/\/serveiseducatius.xtec.cat\/garrotxa\/wp-content\/uploads\/usu774\/2025\/10\/Dun-lloc-joc.jpg 981w, https:\/\/serveiseducatius.xtec.cat\/garrotxa\/wp-content\/uploads\/usu774\/2025\/10\/Dun-lloc-joc-300x227.jpg 300w, https:\/\/serveiseducatius.xtec.cat\/garrotxa\/wp-content\/uploads\/usu774\/2025\/10\/Dun-lloc-joc-768x581.jpg 768w, https:\/\/serveiseducatius.xtec.cat\/garrotxa\/wp-content\/uploads\/usu774\/2025\/10\/Dun-lloc-joc-200x150.jpg 200w\" sizes=\"auto, (max-width: 981px) 100vw, 981px\" \/><\/a>Repensant l\u2019urbanisme i les pol\u00edtiques locals en favor de les experi\u00e8ncies l\u00fadiques de la inf\u00e0ncia i l\u2019adolesc\u00e8ncia en entorns rurals.<\/strong><\/p>\n<\/div>\n<div class=\"flex col-start-2 col-end-7 text-styles\">\n<p>No et perdis la jornada\u00a0<strong>D\u2019UN LLOC JOC<\/strong>!<\/p>\n<\/div>\n<div class=\"flex col-start-2 col-end-7 text-styles\">\n<p style=\"text-align: justify;\">Una jornada que tindr\u00e0 lloc el<strong>\u00a021 de novembre de 2025 a la Vall d\u2019en Bas (la Garrotxa)<\/strong>\u00a0que convida a repensar com l\u2019urbanisme i les pol\u00edtiques municipals poden afavorir les pr\u00e0ctiques l\u00fadiques de la inf\u00e0ncia i l\u2019adolesc\u00e8ncia en entorns rurals. La jornada neix de l\u2019experi\u00e8ncia d\u2019una investigaci\u00f3 participativa amb infants i adolescents, i vol continuar aquest proc\u00e9s posant en di\u00e0leg recerca, pr\u00e0ctica professional i pol\u00edtica p\u00fablica.<\/p>\n<\/div>\n<div class=\"flex col-start-2 col-end-7 text-styles\" style=\"text-align: justify;\">\n<h2 class=\"wp-block-heading has-text-align-center\"><strong><a href=\"https:\/\/educacio360.cat\/app\/uploads\/2025\/10\/DUN-LLOC-JOC_Cartell_vfinal_Inscripcions.pdf\" target=\"_blank\" rel=\"noreferrer noopener\">CONSULTA EL PROGRAMA<\/a><\/strong><\/h2>\n<\/div>\n<div class=\"flex col-start-2 col-end-7 text-styles\" style=\"text-align: justify;\">\n<p>Un dels moments destacats ser\u00e0 l\u2019aportaci\u00f3 de\u00a0<strong>Maria Chiara Tosi<\/strong>\u00a0i\u00a0<strong>Stefano Munarin<\/strong>, professors d\u2019Urbanisme a la prestigiosa\u00a0<strong>IUAV de Ven\u00e8cia<\/strong>. Compartiran les seves experi\u00e8ncies sobre els espais del welfare i la planificaci\u00f3 urbana en territoris de baixa densitat al V\u00e8neto, aix\u00ed com el concepte del \u201cterritori dels 15 minuts\u201d en bicicleta, que aposta per una vida quotidiana m\u00e9s accessible i cohesionada. Aquests enfocaments innovadors ofereixen inspiraci\u00f3 per als contextos rurals catalans des d\u2019una mirada internacional que connecta joc, urbanisme i just\u00edcia espacial. A partir d\u2019aquesta experi\u00e8ncia internacional reflexionarem amb\u00a0<strong>veus del m\u00f3n local, la salut, la geografia i l\u2019educaci\u00f3<\/strong>, per concretar accions i criteris per incorporar la\u00a0<strong>mirada de la inf\u00e0ncia<\/strong>\u00a0a les pol\u00edtiques p\u00fabliques locals en\u00a0<strong>entorns rurals<\/strong>.<\/p>\n<\/div>\n<div class=\"flex col-start-2 col-end-7 text-styles\" style=\"text-align: justify;\">\n<p>La jornada \u00e9s coorganitzada per l\u2019Ajuntament de la Vall d\u2019en Bas, la Universitat de Girona, el Col\u00b7legi d\u2019Arquitectes de Catalunya i l\u2019Alian\u00e7a Educaci\u00f3 360.<\/p>\n<\/div>\n<div class=\"flex col-start-2 col-end-7 text-styles\" style=\"text-align: justify;\">\n<p><strong>No et quedis fora!\u00a0<\/strong>Reserva la teva pla\u00e7a i forma part d\u2019aquesta conversa transformadora sobre el dret a jugar i el dret a habitar el territori.<\/p>\n<\/div>\n<div class=\"flex col-start-2 col-end-7 text-styles\" style=\"text-align: justify;\">\n<h2 class=\"wp-block-heading has-text-align-center\">\u25a0\u00a0<strong><a href=\"https:\/\/docs.google.com\/forms\/d\/e\/1FAIpQLSdI-fA5S6Dq6035KVXBZYFFcEaj8k6Rw4Y5akXgPwnyCR2klA\/viewform?usp=dialog\" target=\"_blank\" rel=\"noreferrer noopener\">INSCRIU-T&#8217;HI!\u00a0<\/a><\/strong>\u25a0<\/h2>\n<\/div>\n<div class=\"flex col-start-2 col-end-7 text-styles\" style=\"text-align: justify;\">\n<p><strong><em>Quan i on?<\/em><\/strong><\/p>\n<\/div>\n<div class=\"flex col-start-2 col-end-7 text-styles\" style=\"text-align: justify;\">\n<p><strong>Data:<\/strong>\u00a021 de novembre de 2025<\/p>\n<\/div>\n<div class=\"flex col-start-2 col-end-7 text-styles\" style=\"text-align: justify;\">\n<p><strong>Lloc:<\/strong>\u00a0<a href=\"https:\/\/maps.app.goo.gl\/YYRUeNAGXyB5jiCQ9\">CAN TRONA. Centre de Cultura i Natura de La Vall d\u2019en Bas<\/a><\/p>\n<\/div>\n<div class=\"flex col-start-2 col-end-7 text-styles\">\n<p style=\"text-align: justify;\"><strong>Inscripci\u00f3 gratu\u00efta fins a completar aforament.\u00a0<\/strong><\/p>\n<\/div>\n","protected":false},"excerpt":{"rendered":"<p>Repensant l\u2019urbanisme i les pol\u00edtiques locals en favor de les experi\u00e8ncies l\u00fadiques de la inf\u00e0ncia i l\u2019adolesc\u00e8ncia en entorns rurals. No et perdis la jornada\u00a0D\u2019UN LLOC JOC! Una jornada que tindr\u00e0 lloc el\u00a021 de novembre de 2025 a la Vall d\u2019en Bas (la Garrotxa)\u00a0que convida a repensar com l\u2019urbanisme i les pol\u00edtiques municipals poden afavorir [&hellip;]<\/p>\n","protected":false},"author":1,"featured_media":6491,"comment_status":"closed","ping_status":"open","sticky":false,"template":"","format":"standard","meta":{"_bbp_topic_count":0,"_bbp_reply_count":0,"_bbp_total_topic_count":0,"_bbp_total_reply_count":0,"_bbp_voice_count":0,"_bbp_anonymous_reply_count":0,"_bbp_topic_count_hidden":0,"_bbp_reply_count_hidden":0,"_bbp_forum_subforum_count":0,"site-sidebar-layout":"default","site-content-layout":"","ast-site-content-layout":"","site-content-style":"default","site-sidebar-style":"default","ast-global-header-display":"","ast-banner-title-visibility":"","ast-main-header-display":"","ast-hfb-above-header-display":"","ast-hfb-below-header-display":"","ast-hfb-mobile-header-display":"","site-post-title":"","ast-breadcrumbs-content":"","ast-featured-img":"","footer-sml-layout":"","theme-transparent-header-meta":"","adv-header-id-meta":"","stick-header-meta":"","header-above-stick-meta":"","header-main-stick-meta":"","header-below-stick-meta":"","astra-migrate-meta-layouts":"default","ast-page-background-enabled":"default","ast-page-background-meta":{"desktop":{"background-color":"var(--ast-global-color-5)","background-image":"","background-repeat":"repeat","background-position":"center center","background-size":"auto","background-attachment":"scroll","background-type":"","background-media":"","overlay-type":"","overlay-color":"","overlay-opacity":"","overlay-gradient":""},"tablet":{"background-color":"","background-image":"","background-repeat":"repeat","background-position":"center center","background-size":"auto","background-attachment":"scroll","background-type":"","background-media":"","overlay-type":"","overlay-color":"","overlay-opacity":"","overlay-gradient":""},"mobile":{"background-color":"","background-image":"","background-repeat":"repeat","background-position":"center center","background-size":"auto","background-attachment":"scroll","background-type":"","background-media":"","overlay-type":"","overlay-color":"","overlay-opacity":"","overlay-gradient":""}},"ast-content-background-meta":{"desktop":{"background-color":"var(--ast-global-color-4)","background-image":"","background-repeat":"repeat","background-position":"center center","background-size":"auto","background-attachment":"scroll","background-type":"","background-media":"","overlay-type":"","overlay-color":"","overlay-opacity":"","overlay-gradient":""},"tablet":{"background-color":"var(--ast-global-color-4)","background-image":"","background-repeat":"repeat","background-position":"center center","background-size":"auto","background-attachment":"scroll","background-type":"","background-media":"","overlay-type":"","overlay-color":"","overlay-opacity":"","overlay-gradient":""},"mobile":{"background-color":"var(--ast-global-color-4)","background-image":"","background-repeat":"repeat","background-position":"center center","background-size":"auto","background-attachment":"scroll","background-type":"","background-media":"","overlay-type":"","overlay-color":"","overlay-opacity":"","overlay-gradient":""}},"footnotes":""},"categories":[1],"tags":[],"class_list":["post-6490","post","type-post","status-publish","format-standard","has-post-thumbnail","hentry","category-general"],"post_mailing_queue_ids":[],"_links":{"self":[{"href":"https:\/\/serveiseducatius.xtec.cat\/garrotxa\/wp-json\/wp\/v2\/posts\/6490","targetHints":{"allow":["GET"]}}],"collection":[{"href":"https:\/\/serveiseducatius.xtec.cat\/garrotxa\/wp-json\/wp\/v2\/posts"}],"about":[{"href":"https:\/\/serveiseducatius.xtec.cat\/garrotxa\/wp-json\/wp\/v2\/types\/post"}],"author":[{"embeddable":true,"href":"https:\/\/serveiseducatius.xtec.cat\/garrotxa\/wp-json\/wp\/v2\/users\/1"}],"replies":[{"embeddable":true,"href":"https:\/\/serveiseducatius.xtec.cat\/garrotxa\/wp-json\/wp\/v2\/comments?post=6490"}],"version-history":[{"count":1,"href":"https:\/\/serveiseducatius.xtec.cat\/garrotxa\/wp-json\/wp\/v2\/posts\/6490\/revisions"}],"predecessor-version":[{"id":6492,"href":"https:\/\/serveiseducatius.xtec.cat\/garrotxa\/wp-json\/wp\/v2\/posts\/6490\/revisions\/6492"}],"wp:featuredmedia":[{"embeddable":true,"href":"https:\/\/serveiseducatius.xtec.cat\/garrotxa\/wp-json\/wp\/v2\/media\/6491"}],"wp:attachment":[{"href":"https:\/\/serveiseducatius.xtec.cat\/garrotxa\/wp-json\/wp\/v2\/media?parent=6490"}],"wp:term":[{"taxonomy":"category","embeddable":true,"href":"https:\/\/serveiseducatius.xtec.cat\/garrotxa\/wp-json\/wp\/v2\/categories?post=6490"},{"taxonomy":"post_tag","embeddable":true,"href":"https:\/\/serveiseducatius.xtec.cat\/garrotxa\/wp-json\/wp\/v2\/tags?post=6490"}],"curies":[{"name":"wp","href":"https:\/\/api.w.org\/{rel}","templated":true}]}}