{"id":6471,"date":"2025-10-24T09:01:41","date_gmt":"2025-10-24T07:01:41","guid":{"rendered":"https:\/\/serveiseducatius.xtec.cat\/garrotxa\/?p=6471"},"modified":"2025-10-30T12:25:41","modified_gmt":"2025-10-30T11:25:41","slug":"subjectes-o-objectes-la-violencia-contra-les-dones-en-la-historia-de-lart-exposicio-itinerant-guia-didactica-i-formacio","status":"publish","type":"post","link":"https:\/\/serveiseducatius.xtec.cat\/garrotxa\/general\/subjectes-o-objectes-la-violencia-contra-les-dones-en-la-historia-de-lart-exposicio-itinerant-guia-didactica-i-formacio\/","title":{"rendered":"Subjectes o Objectes? La viol\u00e8ncia contra les dones en la hist\u00f2ria de l&#8217;Art. Exposici\u00f3 itinerant. Guia did\u00e0ctica i Formaci\u00f3."},"content":{"rendered":"<p style=\"text-align: center;\"><a href=\"https:\/\/serveiseducatius.xtec.cat\/garrotxa\/wp-content\/uploads\/usu774\/2025\/10\/subjectes-o-objectes.jpg\"><img loading=\"lazy\" decoding=\"async\" class=\"alignnone size-full wp-image-6472\" src=\"https:\/\/serveiseducatius.xtec.cat\/garrotxa\/wp-content\/uploads\/usu774\/2025\/10\/subjectes-o-objectes.jpg\" alt=\"\" width=\"764\" height=\"550\" srcset=\"https:\/\/serveiseducatius.xtec.cat\/garrotxa\/wp-content\/uploads\/usu774\/2025\/10\/subjectes-o-objectes.jpg 764w, https:\/\/serveiseducatius.xtec.cat\/garrotxa\/wp-content\/uploads\/usu774\/2025\/10\/subjectes-o-objectes-300x216.jpg 300w\" sizes=\"auto, (max-width: 764px) 100vw, 764px\" \/><\/a><\/p>\n<p>A partir del 15 de setembre comen\u00e7a la itiner\u00e0ncia als centres educatius que ho heu sol\u00b7licitat l\u2019exposici\u00f3 itinerant\u00a0\u00a0<strong>Subjectes o objectes? La viol\u00e8ncia contra les dones en la Hist\u00f2ria de l\u2019Art.<\/strong><\/p>\n<p>Una exposici\u00f3 itinerant comissariada per la Sra. Ma Llu\u00efsa Faxedas, Doctora en Hist\u00f2ria de l\u2019Art i responsable del projecte d\u2019innovaci\u00f3 docent desenvolupat per estudiants de l\u2019assignatura d\u2019Art i g\u00e8nere de la Universitat de Girona.<\/p>\n<p>Des dels Serveis Territorials d\u2019Educaci\u00f3 de Girona s\u2019ha dissenyat una\u00a0<strong>formaci\u00f3 i una Guia Did\u00e0ctica<\/strong>\u00a0pels docents de secund\u00e0ria i batxillerat:<\/p>\n<p style=\"text-align: justify;\">Guia did\u00e0ctica \u201cIntroducci\u00f3 a la hist\u00f2ria de l\u2019art amb perspectiva feminista\u201d.<br \/>\nText: Saray Espinosa.<br \/>\nCoordinaci\u00f3 i producci\u00f3: Berta Franc\u00e0s Guill\u00e9n \u00b7 laberta \u2013 Comunicaci\u00f3 viva<br \/>\nDisseny i maquetaci\u00f3: Marta Escarr\u00e0 Vallmajor \u00b7 Brinda Studio<br \/>\nAmb la col\u00b7laboraci\u00f3 dels Serveis Educatius i Formaci\u00f3 del Professorat. Serveis Territorials de Girona.<\/p>\n<p style=\"text-align: justify;\">La Guia did\u00e0ctica \u00e9s la base per treballar amb l\u2019alumnat els continguts de l\u2019exposici\u00f3, i per poder anar m\u00e9s enll\u00e0, juntament amb una formaci\u00f3 acreditada de 6 hores pel Departament d\u2019Educaci\u00f3: (1 hora presentaci\u00f3, 2 hores formaci\u00f3 al CRP i 3 hores de treball a casa).<\/p>\n<p style=\"text-align: justify;\">Per tal efecte s\u2019adjunta:<\/p>\n<p style=\"text-align: justify;\">1-Guia did\u00e0ctica:\u00a0<a href=\"https:\/\/serveiseducatius.xtec.cat\/girona\/wp-content\/uploads\/usu2520\/2025\/10\/Introduccio-a-la-historia-de-lart-amb-perspectiva-feminista_-online-3.pdf\" target=\"_blank\" rel=\"noopener\">Introduccio\u0301 a la histo\u0300ria de l\u2019art amb perspectiva feminista online<\/a><\/p>\n<p style=\"text-align: justify;\">2- Manual d\u2019\u00fas r\u00e0pid de la Guia did\u00e0ctica:\u00a0<a href=\"https:\/\/serveiseducatius.xtec.cat\/girona\/wp-content\/uploads\/usu2520\/2025\/09\/Manual-Guia-Didactica.pdf\" target=\"_blank\" rel=\"noopener\">Manual Guia Dida\u0300ctica<\/a><\/p>\n<p style=\"text-align: justify;\">3-<a href=\"https:\/\/drive.google.com\/file\/d\/1Ybwi59dqKTK0B7uApkgE0qgmOdiXaxVO\/view\" target=\"_blank\" rel=\"noopener\">Exposici\u00f3 Itinerant en format PDF<\/a><\/p>\n<p style=\"text-align: justify;\">4- Estructura del treball intern:<\/p>\n<ul>\n<li style=\"text-align: justify;\">HORA \u2013 PRESENTACI\u00d3, 25 de NOVEMBRE de 2025 de 16:00 a 18:00 hores al CRP de la Garrotxa, carrer dels Garganta n\u00fam.13 (Olot).<strong> <a href=\"https:\/\/aplicacions.gestioeducativa.gencat.cat\/ords\/pls\/soloas\/pk_for_mod_ins.p_for_detall_activitat?p_header=Llista%20d%27activitats^pk_for_mod_ins.p_for_cons_activitats?p_crp=504%26p_crp_txt=La%2520Garrotxa.%2520Olot%26p_totes=N%26p_inici=21%26p_excloure_crp_rec=T&amp;p_codi=5040671504&amp;p_curs=2025-2026&amp;p_excloure_crp_rec=T\" target=\"_blank\" rel=\"noopener\">INSCRIPCIONS<\/a><\/strong><\/li>\n<li style=\"text-align: justify;\">2 HORES ACREDITADES DE FORMACI\u00d3 PRESENCIAL ALS CRPS DE CADA COMARCA<\/li>\n<li style=\"text-align: justify;\">3 HORES TREBALL PERSONAL\n<ul>\n<li style=\"text-align: justify;\">Resposta de l\u2019enquesta valoraci\u00f3 (alumnes-recollida de dades i professorat), que trobareu a la Guia Did\u00e0ctica i enviar-la al correu: educaci\u00f3.cultura@gencat.cat i saray.espinosa@icloud.com. Qualsevol indici que detecteu entre el vostre alumnat sobre la viol\u00e8ncia contra la dona que s\u2019hagi originat a partir de l\u2019activitat adjuntem el correu de la Maria Carmen S\u00e1nchez referent de Viol\u00e8ncies del SSTT de Girona: mcarmensanchezp@gencat.cat<\/li>\n<\/ul>\n<\/li>\n<\/ul>\n<p style=\"text-align: justify;\">3-Valoraci\u00f3 personal-reflexi\u00f3: pujar-la al Google Sites: <a href=\"https:\/\/sites.google.com\/xtec.cat\/subjectes-objectes\" target=\"_blank\" rel=\"noopener\">https:\/\/sites.google.com\/xtec.cat\/subjectes-objectes<\/a> (en format POST) juntament amb les activitats que el centre educatiu vulgui mostrar. \u201cQuines possibilitats t\u00e9 l\u2019art per treballar el tema de les viol\u00e8ncies i concretament la viol\u00e8ncia contra la dona?\u201d<\/p>\n<p style=\"text-align: justify;\">5- Itiner\u00e0ncia exposici\u00f3 als centres educatius<\/p>\n<p style=\"text-align: justify;\"><a href=\"https:\/\/serveiseducatius.xtec.cat\/girona\/wp-content\/uploads\/usu2520\/2025\/09\/itinerancia-exposicio1.pdf\" target=\"_blank\" rel=\"noopener\">Itiner\u00e0ncia exposici\u00f3 (1)<\/a><\/p>\n","protected":false},"excerpt":{"rendered":"<p>A partir del 15 de setembre comen\u00e7a la itiner\u00e0ncia als centres educatius que ho heu sol\u00b7licitat l\u2019exposici\u00f3 itinerant\u00a0\u00a0Subjectes o objectes? La viol\u00e8ncia contra les dones en la Hist\u00f2ria de l\u2019Art. Una exposici\u00f3 itinerant comissariada per la Sra. Ma Llu\u00efsa Faxedas, Doctora en Hist\u00f2ria de l\u2019Art i responsable del projecte d\u2019innovaci\u00f3 docent desenvolupat per estudiants de [&hellip;]<\/p>\n","protected":false},"author":1,"featured_media":6472,"comment_status":"closed","ping_status":"open","sticky":false,"template":"","format":"standard","meta":{"_bbp_topic_count":0,"_bbp_reply_count":0,"_bbp_total_topic_count":0,"_bbp_total_reply_count":0,"_bbp_voice_count":0,"_bbp_anonymous_reply_count":0,"_bbp_topic_count_hidden":0,"_bbp_reply_count_hidden":0,"_bbp_forum_subforum_count":0,"site-sidebar-layout":"default","site-content-layout":"","ast-site-content-layout":"","site-content-style":"default","site-sidebar-style":"default","ast-global-header-display":"","ast-banner-title-visibility":"","ast-main-header-display":"","ast-hfb-above-header-display":"","ast-hfb-below-header-display":"","ast-hfb-mobile-header-display":"","site-post-title":"","ast-breadcrumbs-content":"","ast-featured-img":"","footer-sml-layout":"","theme-transparent-header-meta":"","adv-header-id-meta":"","stick-header-meta":"","header-above-stick-meta":"","header-main-stick-meta":"","header-below-stick-meta":"","astra-migrate-meta-layouts":"default","ast-page-background-enabled":"default","ast-page-background-meta":{"desktop":{"background-color":"var(--ast-global-color-5)","background-image":"","background-repeat":"repeat","background-position":"center center","background-size":"auto","background-attachment":"scroll","background-type":"","background-media":"","overlay-type":"","overlay-color":"","overlay-opacity":"","overlay-gradient":""},"tablet":{"background-color":"","background-image":"","background-repeat":"repeat","background-position":"center center","background-size":"auto","background-attachment":"scroll","background-type":"","background-media":"","overlay-type":"","overlay-color":"","overlay-opacity":"","overlay-gradient":""},"mobile":{"background-color":"","background-image":"","background-repeat":"repeat","background-position":"center center","background-size":"auto","background-attachment":"scroll","background-type":"","background-media":"","overlay-type":"","overlay-color":"","overlay-opacity":"","overlay-gradient":""}},"ast-content-background-meta":{"desktop":{"background-color":"var(--ast-global-color-4)","background-image":"","background-repeat":"repeat","background-position":"center center","background-size":"auto","background-attachment":"scroll","background-type":"","background-media":"","overlay-type":"","overlay-color":"","overlay-opacity":"","overlay-gradient":""},"tablet":{"background-color":"var(--ast-global-color-4)","background-image":"","background-repeat":"repeat","background-position":"center center","background-size":"auto","background-attachment":"scroll","background-type":"","background-media":"","overlay-type":"","overlay-color":"","overlay-opacity":"","overlay-gradient":""},"mobile":{"background-color":"var(--ast-global-color-4)","background-image":"","background-repeat":"repeat","background-position":"center center","background-size":"auto","background-attachment":"scroll","background-type":"","background-media":"","overlay-type":"","overlay-color":"","overlay-opacity":"","overlay-gradient":""}},"footnotes":""},"categories":[1],"tags":[],"class_list":["post-6471","post","type-post","status-publish","format-standard","has-post-thumbnail","hentry","category-general"],"post_mailing_queue_ids":[],"_links":{"self":[{"href":"https:\/\/serveiseducatius.xtec.cat\/garrotxa\/wp-json\/wp\/v2\/posts\/6471","targetHints":{"allow":["GET"]}}],"collection":[{"href":"https:\/\/serveiseducatius.xtec.cat\/garrotxa\/wp-json\/wp\/v2\/posts"}],"about":[{"href":"https:\/\/serveiseducatius.xtec.cat\/garrotxa\/wp-json\/wp\/v2\/types\/post"}],"author":[{"embeddable":true,"href":"https:\/\/serveiseducatius.xtec.cat\/garrotxa\/wp-json\/wp\/v2\/users\/1"}],"replies":[{"embeddable":true,"href":"https:\/\/serveiseducatius.xtec.cat\/garrotxa\/wp-json\/wp\/v2\/comments?post=6471"}],"version-history":[{"count":6,"href":"https:\/\/serveiseducatius.xtec.cat\/garrotxa\/wp-json\/wp\/v2\/posts\/6471\/revisions"}],"predecessor-version":[{"id":6510,"href":"https:\/\/serveiseducatius.xtec.cat\/garrotxa\/wp-json\/wp\/v2\/posts\/6471\/revisions\/6510"}],"wp:featuredmedia":[{"embeddable":true,"href":"https:\/\/serveiseducatius.xtec.cat\/garrotxa\/wp-json\/wp\/v2\/media\/6472"}],"wp:attachment":[{"href":"https:\/\/serveiseducatius.xtec.cat\/garrotxa\/wp-json\/wp\/v2\/media?parent=6471"}],"wp:term":[{"taxonomy":"category","embeddable":true,"href":"https:\/\/serveiseducatius.xtec.cat\/garrotxa\/wp-json\/wp\/v2\/categories?post=6471"},{"taxonomy":"post_tag","embeddable":true,"href":"https:\/\/serveiseducatius.xtec.cat\/garrotxa\/wp-json\/wp\/v2\/tags?post=6471"}],"curies":[{"name":"wp","href":"https:\/\/api.w.org\/{rel}","templated":true}]}}