{"id":6337,"date":"2025-09-29T12:07:31","date_gmt":"2025-09-29T10:07:31","guid":{"rendered":"https:\/\/serveiseducatius.xtec.cat\/garrotxa\/?p=6337"},"modified":"2025-09-29T12:07:31","modified_gmt":"2025-09-29T10:07:31","slug":"la-festa-del-cinema-a-lescola-torna-el-festival-de-cinema-de-girona","status":"publish","type":"post","link":"https:\/\/serveiseducatius.xtec.cat\/garrotxa\/general\/la-festa-del-cinema-a-lescola-torna-el-festival-de-cinema-de-girona\/","title":{"rendered":"La festa del cinema a l&#8217;escola! Torna el Festival de Cinema de Girona"},"content":{"rendered":"<p style=\"text-align: center;\"><a href=\"https:\/\/serveiseducatius.xtec.cat\/garrotxa\/wp-content\/uploads\/usu774\/2025\/09\/girona-film-festival.png\"><img loading=\"lazy\" decoding=\"async\" class=\"alignnone size-full wp-image-6338\" src=\"https:\/\/serveiseducatius.xtec.cat\/garrotxa\/wp-content\/uploads\/usu774\/2025\/09\/girona-film-festival.png\" alt=\"\" width=\"1086\" height=\"500\" srcset=\"https:\/\/serveiseducatius.xtec.cat\/garrotxa\/wp-content\/uploads\/usu774\/2025\/09\/girona-film-festival.png 1086w, https:\/\/serveiseducatius.xtec.cat\/garrotxa\/wp-content\/uploads\/usu774\/2025\/09\/girona-film-festival-300x138.png 300w, https:\/\/serveiseducatius.xtec.cat\/garrotxa\/wp-content\/uploads\/usu774\/2025\/09\/girona-film-festival-1024x471.png 1024w, https:\/\/serveiseducatius.xtec.cat\/garrotxa\/wp-content\/uploads\/usu774\/2025\/09\/girona-film-festival-768x354.png 768w\" sizes=\"auto, (max-width: 1086px) 100vw, 1086px\" \/><\/a><\/p>\n<p dir=\"ltr\">Ja est\u00e0\u00a0oberta la inscripci\u00f3\u00a0de grups d&#8217;alumnes a la <strong>37a edici\u00f3 del Festival de Cinema de Girona<\/strong>.<\/p>\n<p dir=\"ltr\">Aquesta edici\u00f3 del Festival a les escoles i instituts ser\u00e0 <strong>exclusivament<\/strong> en\u00a0<strong>streaming<\/strong>, del\u00a0<strong>27 d&#8217;octubre al 6 de novembre<\/strong>.<\/p>\n<p dir=\"ltr\">Una bona oportunitat per muntar per uns dies el cinema a les aules, a la sala d&#8217;actes, al menjador, al gimn\u00e0s, al local social o al cinema del poble o barri, on l\u2019alumnat gaudir\u00e0 amb la projecci\u00f3 de curtmetratges d&#8217;estrena mundial.<\/p>\n<p dir=\"ltr\">Recordeu que el principal objectiu educatiu del projecte \u00e9s que l\u2019alumnat\u00a0actu\u00ef com a jurat del Festival\u00a0en cadascuna de les set categories d&#8217;edat en les quals participi, des d&#8217;educaci\u00f3 Infantil fins a Batxillerat.<\/p>\n<p dir=\"ltr\">Al nostre <a href=\"https:\/\/sites.google.com\/gironafilmfestival.com\/giff-infants-i-joves\" target=\"_blank\" rel=\"noopener\">WEB<\/a> trobareu l&#8217;acc\u00e9s a la inscripci\u00f3, a m\u00e9s de recursos per preparar el Festival al vostre centre (idees, curtmetratges guanyadors d&#8217;altres anys, propostes did\u00e0ctiques adequades a diferents edats, selecci\u00f3 de centenars de curtmetratges de la xarxa&#8230;).<\/p>\n<p dir=\"ltr\">Tamb\u00e9 hi trobareu l\u2019enlla\u00e7 per generar-vos invitacions gratu\u00eftes per l\u2019acte d\u2019inauguraci\u00f3 de la secci\u00f3 Infants i Joves del Festival de Cinema de Girona, obert a la comunitat educativa, que se celebrar\u00e0 a l\u2019auditori Josep Irla de Girona el <strong>divendres 10 d\u2019octubre de 2025<\/strong>.<\/p>\n<ul>\n<li dir=\"ltr\">\n<p dir=\"ltr\" role=\"presentation\">La inscripci\u00f3 gratu\u00efta al projecte per grups d\u2019alumnes romandr\u00e0 oberta fins al <strong>divendres 24 d&#8217;octubre<\/strong>.<\/p>\n<\/li>\n<li dir=\"ltr\">\n<p dir=\"ltr\" role=\"presentation\">La inscripci\u00f3 gratu\u00efta a l\u2019acte d&#8217;inauguraci\u00f3 romandr\u00e0 oberta fins al <strong>dijous 9 d\u2019octubre<\/strong>. Aforament limitat.<\/p>\n<\/li>\n<\/ul>\n<p dir=\"ltr\">Us hi esperem!<\/p>\n<p>&nbsp;<\/p>\n","protected":false},"excerpt":{"rendered":"<p>Ja est\u00e0\u00a0oberta la inscripci\u00f3\u00a0de grups d&#8217;alumnes a la 37a edici\u00f3 del Festival de Cinema de Girona. Aquesta edici\u00f3 del Festival a les escoles i instituts ser\u00e0 exclusivament en\u00a0streaming, del\u00a027 d&#8217;octubre al 6 de novembre. Una bona oportunitat per muntar per uns dies el cinema a les aules, a la sala d&#8217;actes, al menjador, al gimn\u00e0s, [&hellip;]<\/p>\n","protected":false},"author":1,"featured_media":6338,"comment_status":"closed","ping_status":"open","sticky":false,"template":"","format":"standard","meta":{"_bbp_topic_count":0,"_bbp_reply_count":0,"_bbp_total_topic_count":0,"_bbp_total_reply_count":0,"_bbp_voice_count":0,"_bbp_anonymous_reply_count":0,"_bbp_topic_count_hidden":0,"_bbp_reply_count_hidden":0,"_bbp_forum_subforum_count":0,"site-sidebar-layout":"default","site-content-layout":"","ast-site-content-layout":"","site-content-style":"default","site-sidebar-style":"default","ast-global-header-display":"","ast-banner-title-visibility":"","ast-main-header-display":"","ast-hfb-above-header-display":"","ast-hfb-below-header-display":"","ast-hfb-mobile-header-display":"","site-post-title":"","ast-breadcrumbs-content":"","ast-featured-img":"","footer-sml-layout":"","theme-transparent-header-meta":"","adv-header-id-meta":"","stick-header-meta":"","header-above-stick-meta":"","header-main-stick-meta":"","header-below-stick-meta":"","astra-migrate-meta-layouts":"default","ast-page-background-enabled":"default","ast-page-background-meta":{"desktop":{"background-color":"var(--ast-global-color-5)","background-image":"","background-repeat":"repeat","background-position":"center center","background-size":"auto","background-attachment":"scroll","background-type":"","background-media":"","overlay-type":"","overlay-color":"","overlay-opacity":"","overlay-gradient":""},"tablet":{"background-color":"","background-image":"","background-repeat":"repeat","background-position":"center center","background-size":"auto","background-attachment":"scroll","background-type":"","background-media":"","overlay-type":"","overlay-color":"","overlay-opacity":"","overlay-gradient":""},"mobile":{"background-color":"","background-image":"","background-repeat":"repeat","background-position":"center center","background-size":"auto","background-attachment":"scroll","background-type":"","background-media":"","overlay-type":"","overlay-color":"","overlay-opacity":"","overlay-gradient":""}},"ast-content-background-meta":{"desktop":{"background-color":"var(--ast-global-color-4)","background-image":"","background-repeat":"repeat","background-position":"center center","background-size":"auto","background-attachment":"scroll","background-type":"","background-media":"","overlay-type":"","overlay-color":"","overlay-opacity":"","overlay-gradient":""},"tablet":{"background-color":"var(--ast-global-color-4)","background-image":"","background-repeat":"repeat","background-position":"center center","background-size":"auto","background-attachment":"scroll","background-type":"","background-media":"","overlay-type":"","overlay-color":"","overlay-opacity":"","overlay-gradient":""},"mobile":{"background-color":"var(--ast-global-color-4)","background-image":"","background-repeat":"repeat","background-position":"center center","background-size":"auto","background-attachment":"scroll","background-type":"","background-media":"","overlay-type":"","overlay-color":"","overlay-opacity":"","overlay-gradient":""}},"footnotes":""},"categories":[1],"tags":[],"class_list":["post-6337","post","type-post","status-publish","format-standard","has-post-thumbnail","hentry","category-general"],"post_mailing_queue_ids":[],"_links":{"self":[{"href":"https:\/\/serveiseducatius.xtec.cat\/garrotxa\/wp-json\/wp\/v2\/posts\/6337","targetHints":{"allow":["GET"]}}],"collection":[{"href":"https:\/\/serveiseducatius.xtec.cat\/garrotxa\/wp-json\/wp\/v2\/posts"}],"about":[{"href":"https:\/\/serveiseducatius.xtec.cat\/garrotxa\/wp-json\/wp\/v2\/types\/post"}],"author":[{"embeddable":true,"href":"https:\/\/serveiseducatius.xtec.cat\/garrotxa\/wp-json\/wp\/v2\/users\/1"}],"replies":[{"embeddable":true,"href":"https:\/\/serveiseducatius.xtec.cat\/garrotxa\/wp-json\/wp\/v2\/comments?post=6337"}],"version-history":[{"count":1,"href":"https:\/\/serveiseducatius.xtec.cat\/garrotxa\/wp-json\/wp\/v2\/posts\/6337\/revisions"}],"predecessor-version":[{"id":6339,"href":"https:\/\/serveiseducatius.xtec.cat\/garrotxa\/wp-json\/wp\/v2\/posts\/6337\/revisions\/6339"}],"wp:featuredmedia":[{"embeddable":true,"href":"https:\/\/serveiseducatius.xtec.cat\/garrotxa\/wp-json\/wp\/v2\/media\/6338"}],"wp:attachment":[{"href":"https:\/\/serveiseducatius.xtec.cat\/garrotxa\/wp-json\/wp\/v2\/media?parent=6337"}],"wp:term":[{"taxonomy":"category","embeddable":true,"href":"https:\/\/serveiseducatius.xtec.cat\/garrotxa\/wp-json\/wp\/v2\/categories?post=6337"},{"taxonomy":"post_tag","embeddable":true,"href":"https:\/\/serveiseducatius.xtec.cat\/garrotxa\/wp-json\/wp\/v2\/tags?post=6337"}],"curies":[{"name":"wp","href":"https:\/\/api.w.org\/{rel}","templated":true}]}}