{"id":6334,"date":"2025-09-29T11:57:33","date_gmt":"2025-09-29T09:57:33","guid":{"rendered":"https:\/\/serveiseducatius.xtec.cat\/garrotxa\/?p=6334"},"modified":"2025-09-29T11:57:33","modified_gmt":"2025-09-29T09:57:33","slug":"info-setmana-bio-a-lescola-2025-jornades-per-a-professorat-20-doctubre-sta-coloma-de-farners","status":"publish","type":"post","link":"https:\/\/serveiseducatius.xtec.cat\/garrotxa\/general\/info-setmana-bio-a-lescola-2025-jornades-per-a-professorat-20-doctubre-sta-coloma-de-farners\/","title":{"rendered":"INFO Setmana Bio a l&#8217;escola 2025: Jornades per a professorat &#8211; 20 d&#8217;octubre Sta. Coloma de Farners"},"content":{"rendered":"<p style=\"font-weight: 400;\">Jornada per a professorat <em>Engeguem l\u2019hort d\u2019hivern<\/em>\u00a0que estem organitzant des de Fundesplai en el marc de la Setmana Bio a l\u2019escola 2025.<\/p>\n<p style=\"font-weight: 400;\">Es tracta d\u2019una jornada de car\u00e0cter formatiu,\u00a0<strong>oberta als docents de centres de totes les etapes educatives<\/strong>\u00a0que tenen hort escolar o que el volen posar en marxa i volen aprendre i iniciar-se en l\u2019Agroecologia escolar.<\/p>\n<p style=\"font-weight: 400;\">En acabar la jornada, s\u2019entregar\u00e0 planter i llavors ecol\u00f2giques a les docents assistents perqu\u00e8 els centres puguin posar en marxa l\u2019hort d\u2019hivern. L\u2019assist\u00e8ncia \u00e9s gratu\u00efta, per\u00f2 es requereix inscripci\u00f3.<\/p>\n<p style=\"font-weight: 400;\">Us agrairem que feu difusi\u00f3 entre els centres de la vostra comarca. Adjunt trobareu tota la informaci\u00f3, i per si us \u00e9s m\u00e9s pr\u00e0ctic, us deixem aqu\u00ed l\u2019enlla\u00e7 d\u2019inscripci\u00f3.<\/p>\n<p style=\"font-weight: 400;\"><strong>Dilluns 20 d\u2019octubre, de 17.30-20\u202fh, a l\u2019Escola Agr\u00e0ria Forestal de Santa Colom de Farners: <a href=\"https:\/\/forms.office.com\/e\/g6LZ5u0zMi\" data-saferedirecturl=\"https:\/\/www.google.com\/url?q=https:\/\/forms.office.com\/e\/g6LZ5u0zMi&amp;source=gmail&amp;ust=1759215400418000&amp;usg=AOvVaw20AXurs5FoFEN1r8XC-tJi\">INSCRIPCI\u00d3 Jornada Engeguem l\u2019hort d\u2019hivern-20 octubre- Sta. Coloma Farners<\/a><\/strong><\/p>\n<p style=\"font-weight: 400;\">No dubteu a contactar amb nosaltres si vosaltres o algun centre necessita m\u00e9s informaci\u00f3: <a href=\"mailto:setmanabio@fundesplai.org\">setmanabio@fundesplai.org<\/a> (600-025-684).<\/p>\n<p style=\"text-align: center;\"><a href=\"https:\/\/serveiseducatius.xtec.cat\/garrotxa\/wp-content\/uploads\/usu774\/2025\/09\/Engeguem-lhort-dhivern.jpg\"><img loading=\"lazy\" decoding=\"async\" class=\"alignnone size-full wp-image-6335\" src=\"https:\/\/serveiseducatius.xtec.cat\/garrotxa\/wp-content\/uploads\/usu774\/2025\/09\/Engeguem-lhort-dhivern.jpg\" alt=\"\" width=\"587\" height=\"744\" srcset=\"https:\/\/serveiseducatius.xtec.cat\/garrotxa\/wp-content\/uploads\/usu774\/2025\/09\/Engeguem-lhort-dhivern.jpg 587w, https:\/\/serveiseducatius.xtec.cat\/garrotxa\/wp-content\/uploads\/usu774\/2025\/09\/Engeguem-lhort-dhivern-237x300.jpg 237w\" sizes=\"auto, (max-width: 587px) 100vw, 587px\" \/><\/a><\/p>\n","protected":false},"excerpt":{"rendered":"<p>Jornada per a professorat Engeguem l\u2019hort d\u2019hivern\u00a0que estem organitzant des de Fundesplai en el marc de la Setmana Bio a l\u2019escola 2025. Es tracta d\u2019una jornada de car\u00e0cter formatiu,\u00a0oberta als docents de centres de totes les etapes educatives\u00a0que tenen hort escolar o que el volen posar en marxa i volen aprendre i iniciar-se en l\u2019Agroecologia [&hellip;]<\/p>\n","protected":false},"author":1,"featured_media":6335,"comment_status":"closed","ping_status":"open","sticky":false,"template":"","format":"standard","meta":{"_bbp_topic_count":0,"_bbp_reply_count":0,"_bbp_total_topic_count":0,"_bbp_total_reply_count":0,"_bbp_voice_count":0,"_bbp_anonymous_reply_count":0,"_bbp_topic_count_hidden":0,"_bbp_reply_count_hidden":0,"_bbp_forum_subforum_count":0,"site-sidebar-layout":"default","site-content-layout":"","ast-site-content-layout":"","site-content-style":"default","site-sidebar-style":"default","ast-global-header-display":"","ast-banner-title-visibility":"","ast-main-header-display":"","ast-hfb-above-header-display":"","ast-hfb-below-header-display":"","ast-hfb-mobile-header-display":"","site-post-title":"","ast-breadcrumbs-content":"","ast-featured-img":"","footer-sml-layout":"","theme-transparent-header-meta":"","adv-header-id-meta":"","stick-header-meta":"","header-above-stick-meta":"","header-main-stick-meta":"","header-below-stick-meta":"","astra-migrate-meta-layouts":"default","ast-page-background-enabled":"default","ast-page-background-meta":{"desktop":{"background-color":"var(--ast-global-color-5)","background-image":"","background-repeat":"repeat","background-position":"center center","background-size":"auto","background-attachment":"scroll","background-type":"","background-media":"","overlay-type":"","overlay-color":"","overlay-opacity":"","overlay-gradient":""},"tablet":{"background-color":"","background-image":"","background-repeat":"repeat","background-position":"center center","background-size":"auto","background-attachment":"scroll","background-type":"","background-media":"","overlay-type":"","overlay-color":"","overlay-opacity":"","overlay-gradient":""},"mobile":{"background-color":"","background-image":"","background-repeat":"repeat","background-position":"center center","background-size":"auto","background-attachment":"scroll","background-type":"","background-media":"","overlay-type":"","overlay-color":"","overlay-opacity":"","overlay-gradient":""}},"ast-content-background-meta":{"desktop":{"background-color":"var(--ast-global-color-4)","background-image":"","background-repeat":"repeat","background-position":"center center","background-size":"auto","background-attachment":"scroll","background-type":"","background-media":"","overlay-type":"","overlay-color":"","overlay-opacity":"","overlay-gradient":""},"tablet":{"background-color":"var(--ast-global-color-4)","background-image":"","background-repeat":"repeat","background-position":"center center","background-size":"auto","background-attachment":"scroll","background-type":"","background-media":"","overlay-type":"","overlay-color":"","overlay-opacity":"","overlay-gradient":""},"mobile":{"background-color":"var(--ast-global-color-4)","background-image":"","background-repeat":"repeat","background-position":"center center","background-size":"auto","background-attachment":"scroll","background-type":"","background-media":"","overlay-type":"","overlay-color":"","overlay-opacity":"","overlay-gradient":""}},"footnotes":""},"categories":[1],"tags":[],"class_list":["post-6334","post","type-post","status-publish","format-standard","has-post-thumbnail","hentry","category-general"],"post_mailing_queue_ids":[],"_links":{"self":[{"href":"https:\/\/serveiseducatius.xtec.cat\/garrotxa\/wp-json\/wp\/v2\/posts\/6334","targetHints":{"allow":["GET"]}}],"collection":[{"href":"https:\/\/serveiseducatius.xtec.cat\/garrotxa\/wp-json\/wp\/v2\/posts"}],"about":[{"href":"https:\/\/serveiseducatius.xtec.cat\/garrotxa\/wp-json\/wp\/v2\/types\/post"}],"author":[{"embeddable":true,"href":"https:\/\/serveiseducatius.xtec.cat\/garrotxa\/wp-json\/wp\/v2\/users\/1"}],"replies":[{"embeddable":true,"href":"https:\/\/serveiseducatius.xtec.cat\/garrotxa\/wp-json\/wp\/v2\/comments?post=6334"}],"version-history":[{"count":1,"href":"https:\/\/serveiseducatius.xtec.cat\/garrotxa\/wp-json\/wp\/v2\/posts\/6334\/revisions"}],"predecessor-version":[{"id":6336,"href":"https:\/\/serveiseducatius.xtec.cat\/garrotxa\/wp-json\/wp\/v2\/posts\/6334\/revisions\/6336"}],"wp:featuredmedia":[{"embeddable":true,"href":"https:\/\/serveiseducatius.xtec.cat\/garrotxa\/wp-json\/wp\/v2\/media\/6335"}],"wp:attachment":[{"href":"https:\/\/serveiseducatius.xtec.cat\/garrotxa\/wp-json\/wp\/v2\/media?parent=6334"}],"wp:term":[{"taxonomy":"category","embeddable":true,"href":"https:\/\/serveiseducatius.xtec.cat\/garrotxa\/wp-json\/wp\/v2\/categories?post=6334"},{"taxonomy":"post_tag","embeddable":true,"href":"https:\/\/serveiseducatius.xtec.cat\/garrotxa\/wp-json\/wp\/v2\/tags?post=6334"}],"curies":[{"name":"wp","href":"https:\/\/api.w.org\/{rel}","templated":true}]}}