{"id":6271,"date":"2025-09-15T09:52:04","date_gmt":"2025-09-15T07:52:04","guid":{"rendered":"https:\/\/serveiseducatius.xtec.cat\/garrotxa\/?p=6271"},"modified":"2025-09-30T16:19:09","modified_gmt":"2025-09-30T14:19:09","slug":"4a-jornada-deducacio-i-literatura-infantil-i-juvenil-a-la-garrotxa-els-contes-tradicionals","status":"publish","type":"post","link":"https:\/\/serveiseducatius.xtec.cat\/garrotxa\/general\/4a-jornada-deducacio-i-literatura-infantil-i-juvenil-a-la-garrotxa-els-contes-tradicionals\/","title":{"rendered":"4a Jornada d&#8217;educaci\u00f3 i Literatura Infantil i Juvenil a la Garrotxa. Nous mons, contes de sempre."},"content":{"rendered":"<div class=\"m_-677724708405711949u-row-container\">\n<div class=\"m_-677724708405711949u-row\">\n<div>\n<div class=\"m_-677724708405711949u-col m_-677724708405711949u-col-63p83\">\n<div style=\"text-align: justify;\"><\/div>\n<\/div>\n<\/div>\n<\/div>\n<\/div>\n<div class=\"m_-677724708405711949u-row-container\">\n<div class=\"m_-677724708405711949u-row\">\n<div class=\"m_-677724708405711949u-col m_-677724708405711949u-col-100\">\n<p style=\"text-align: justify;\">El\u00a0<strong>dijous 13 de novembre<\/strong> de 17:00 a 20:00 hores a la Sala Magma de l\u2019<a href=\"https:\/\/www.google.com\/maps?rlz=1C1GCEB_enES1107ES1108&amp;um=1&amp;ie=UTF-8&amp;fb=1&amp;gl=es&amp;sa=X&amp;geocode=KQedLoX3y7oSMaIYTr93ktoh&amp;daddr=Carrer+Macarnau,+55,+17800+Olot,+Girona\">Espai Cr\u00e0ter d\u2019Olot<\/a> tindr\u00e0 lloc la <strong>4a Jornada d\u2019Educaci\u00f3 i Literatura Infantil i Juvenil a la Garrotxa<\/strong>, organitzada per l\u2019\u00c0rea de Cultura i Educaci\u00f3 de l\u2019Ajuntament d\u2019Olot, el Pla Educatiu d\u2019Entorn, la biblioteca Mari\u00e0 Vayreda i el Servei Educatiu de la Garrotxa.<\/p>\n<p style=\"text-align: justify;\">Aquest any, la Jornada gira al voltant dels contes cl\u00e0ssics. \u00c9s per aix\u00f2 que comptarem amb una confer\u00e8ncia inaugural a c\u00e0rrec de la <strong>N\u00faria Obiols Suari<\/strong> sobre<strong><em> Qu\u00e8 fem amb els contes de tota la vida? Controv\u00e8rsies i grinyols sobre els continguts dels contes amb la mirada del segle XXI<\/em><\/strong>. A continuaci\u00f3, hi haur\u00e0 berenar i acabarem la Jornada amb una narraci\u00f3 de contes <strong><em>Dins la fosca<\/em><\/strong> a c\u00e0rrec de la <strong>Sherezade Bardaj\u00ed Gonz\u00e1lez.<\/strong><\/p>\n<p>Com sempre, animem al professorat, als mediadors, bibliotecaris, educadors, llibreters i llibreteres, t\u00e8cnics de cultura i educaci\u00f3, i sobretot, a les fam\u00edlies. Tots hi esteu convidats!<\/p>\n<p style=\"text-align: justify;\">A continuaci\u00f3, adjuntem el cartell i el programa amb tota la informaci\u00f3 detallada i els enlla\u00e7os a les inscripcions.<\/p>\n<p>&nbsp;<\/p>\n<\/div>\n<\/div>\n<\/div>\n<p><iframe loading=\"lazy\" src=\"https:\/\/drive.google.com\/file\/d\/1WEVmR-PHQ6YD1ZfNEXDeXbGqM_mW3Iz1\/preview\" width=\"640\" height=\"480\"><\/iframe><\/p>\n","protected":false},"excerpt":{"rendered":"<p>El\u00a0dijous 13 de novembre de 17:00 a 20:00 hores a la Sala Magma de l\u2019Espai Cr\u00e0ter d\u2019Olot tindr\u00e0 lloc la 4a Jornada d\u2019Educaci\u00f3 i Literatura Infantil i Juvenil a la Garrotxa, organitzada per l\u2019\u00c0rea de Cultura i Educaci\u00f3 de l\u2019Ajuntament d\u2019Olot, el Pla Educatiu d\u2019Entorn, la biblioteca Mari\u00e0 Vayreda i el Servei Educatiu de la [&hellip;]<\/p>\n","protected":false},"author":1,"featured_media":6311,"comment_status":"closed","ping_status":"open","sticky":false,"template":"","format":"standard","meta":{"_bbp_topic_count":0,"_bbp_reply_count":0,"_bbp_total_topic_count":0,"_bbp_total_reply_count":0,"_bbp_voice_count":0,"_bbp_anonymous_reply_count":0,"_bbp_topic_count_hidden":0,"_bbp_reply_count_hidden":0,"_bbp_forum_subforum_count":0,"site-sidebar-layout":"default","site-content-layout":"","ast-site-content-layout":"","site-content-style":"default","site-sidebar-style":"default","ast-global-header-display":"","ast-banner-title-visibility":"","ast-main-header-display":"","ast-hfb-above-header-display":"","ast-hfb-below-header-display":"","ast-hfb-mobile-header-display":"","site-post-title":"","ast-breadcrumbs-content":"","ast-featured-img":"","footer-sml-layout":"","theme-transparent-header-meta":"","adv-header-id-meta":"","stick-header-meta":"","header-above-stick-meta":"","header-main-stick-meta":"","header-below-stick-meta":"","astra-migrate-meta-layouts":"default","ast-page-background-enabled":"default","ast-page-background-meta":{"desktop":{"background-color":"var(--ast-global-color-5)","background-image":"","background-repeat":"repeat","background-position":"center center","background-size":"auto","background-attachment":"scroll","background-type":"","background-media":"","overlay-type":"","overlay-color":"","overlay-opacity":"","overlay-gradient":""},"tablet":{"background-color":"","background-image":"","background-repeat":"repeat","background-position":"center center","background-size":"auto","background-attachment":"scroll","background-type":"","background-media":"","overlay-type":"","overlay-color":"","overlay-opacity":"","overlay-gradient":""},"mobile":{"background-color":"","background-image":"","background-repeat":"repeat","background-position":"center center","background-size":"auto","background-attachment":"scroll","background-type":"","background-media":"","overlay-type":"","overlay-color":"","overlay-opacity":"","overlay-gradient":""}},"ast-content-background-meta":{"desktop":{"background-color":"var(--ast-global-color-4)","background-image":"","background-repeat":"repeat","background-position":"center center","background-size":"auto","background-attachment":"scroll","background-type":"","background-media":"","overlay-type":"","overlay-color":"","overlay-opacity":"","overlay-gradient":""},"tablet":{"background-color":"var(--ast-global-color-4)","background-image":"","background-repeat":"repeat","background-position":"center center","background-size":"auto","background-attachment":"scroll","background-type":"","background-media":"","overlay-type":"","overlay-color":"","overlay-opacity":"","overlay-gradient":""},"mobile":{"background-color":"var(--ast-global-color-4)","background-image":"","background-repeat":"repeat","background-position":"center center","background-size":"auto","background-attachment":"scroll","background-type":"","background-media":"","overlay-type":"","overlay-color":"","overlay-opacity":"","overlay-gradient":""}},"footnotes":""},"categories":[1],"tags":[],"class_list":["post-6271","post","type-post","status-publish","format-standard","has-post-thumbnail","hentry","category-general"],"post_mailing_queue_ids":[],"_links":{"self":[{"href":"https:\/\/serveiseducatius.xtec.cat\/garrotxa\/wp-json\/wp\/v2\/posts\/6271","targetHints":{"allow":["GET"]}}],"collection":[{"href":"https:\/\/serveiseducatius.xtec.cat\/garrotxa\/wp-json\/wp\/v2\/posts"}],"about":[{"href":"https:\/\/serveiseducatius.xtec.cat\/garrotxa\/wp-json\/wp\/v2\/types\/post"}],"author":[{"embeddable":true,"href":"https:\/\/serveiseducatius.xtec.cat\/garrotxa\/wp-json\/wp\/v2\/users\/1"}],"replies":[{"embeddable":true,"href":"https:\/\/serveiseducatius.xtec.cat\/garrotxa\/wp-json\/wp\/v2\/comments?post=6271"}],"version-history":[{"count":6,"href":"https:\/\/serveiseducatius.xtec.cat\/garrotxa\/wp-json\/wp\/v2\/posts\/6271\/revisions"}],"predecessor-version":[{"id":6354,"href":"https:\/\/serveiseducatius.xtec.cat\/garrotxa\/wp-json\/wp\/v2\/posts\/6271\/revisions\/6354"}],"wp:featuredmedia":[{"embeddable":true,"href":"https:\/\/serveiseducatius.xtec.cat\/garrotxa\/wp-json\/wp\/v2\/media\/6311"}],"wp:attachment":[{"href":"https:\/\/serveiseducatius.xtec.cat\/garrotxa\/wp-json\/wp\/v2\/media?parent=6271"}],"wp:term":[{"taxonomy":"category","embeddable":true,"href":"https:\/\/serveiseducatius.xtec.cat\/garrotxa\/wp-json\/wp\/v2\/categories?post=6271"},{"taxonomy":"post_tag","embeddable":true,"href":"https:\/\/serveiseducatius.xtec.cat\/garrotxa\/wp-json\/wp\/v2\/tags?post=6271"}],"curies":[{"name":"wp","href":"https:\/\/api.w.org\/{rel}","templated":true}]}}