{"id":6189,"date":"2025-07-09T14:33:02","date_gmt":"2025-07-09T12:33:02","guid":{"rendered":"https:\/\/serveiseducatius.xtec.cat\/garrotxa\/?p=6189"},"modified":"2025-07-09T14:33:02","modified_gmt":"2025-07-09T12:33:02","slug":"actualitzacio-de-la-guia-les-tecnologies-digitals-a-la-infancia-ladolescencia-i-la-joventut","status":"publish","type":"post","link":"https:\/\/serveiseducatius.xtec.cat\/garrotxa\/general\/actualitzacio-de-la-guia-les-tecnologies-digitals-a-la-infancia-ladolescencia-i-la-joventut\/","title":{"rendered":"Actualitzaci\u00f3 de la guia Les tecnologies digitals a la inf\u00e0ncia, l&#8217;adolesc\u00e8ncia i la joventut"},"content":{"rendered":"<p>Actualitzaci\u00f3 del document\u00a0<a href=\"https:\/\/drive.google.com\/file\/d\/12poHSZv59KyOm4WOE8unXd8xWYT4s8Q8\/view?usp=sharing\" target=\"_blank\" rel=\"noopener\">Les tecnologies digitals a la inf\u00e0ncia, l\u2019adolesc\u00e8ncia i la joventut<\/a>. Vol ser una eina d\u2019acompanyament a les fam\u00edlies, als docents, als educadors, i als mateixos infants, adolescents i joves en el dif\u00edcil cam\u00ed de la conviv\u00e8ncia i la relaci\u00f3 amb els altres mitjan\u00e7ant aquests nous dispositius que anomenem tecnologies de la informaci\u00f3 i la comunicaci\u00f3 (tecnologies digitals).<\/p>\n<p style=\"text-align: center;\"><a href=\"https:\/\/drive.google.com\/file\/d\/12poHSZv59KyOm4WOE8unXd8xWYT4s8Q8\/view?usp=drive_link\" target=\"_blank\" rel=\"noopener\"><img loading=\"lazy\" decoding=\"async\" class=\"alignnone wp-image-6190 size-full\" src=\"https:\/\/serveiseducatius.xtec.cat\/garrotxa\/wp-content\/uploads\/usu774\/2025\/07\/Captura_GuiaGeneTecnologiesDigitals.png\" alt=\"\" width=\"567\" height=\"803\" srcset=\"https:\/\/serveiseducatius.xtec.cat\/garrotxa\/wp-content\/uploads\/usu774\/2025\/07\/Captura_GuiaGeneTecnologiesDigitals.png 567w, https:\/\/serveiseducatius.xtec.cat\/garrotxa\/wp-content\/uploads\/usu774\/2025\/07\/Captura_GuiaGeneTecnologiesDigitals-212x300.png 212w\" sizes=\"auto, (max-width: 567px) 100vw, 567px\" \/><\/a><\/p>\n<p>&nbsp;<\/p>\n","protected":false},"excerpt":{"rendered":"<p>Actualitzaci\u00f3 del document\u00a0Les tecnologies digitals a la inf\u00e0ncia, l\u2019adolesc\u00e8ncia i la joventut. Vol ser una eina d\u2019acompanyament a les fam\u00edlies, als docents, als educadors, i als mateixos infants, adolescents i joves en el dif\u00edcil cam\u00ed de la conviv\u00e8ncia i la relaci\u00f3 amb els altres mitjan\u00e7ant aquests nous dispositius que anomenem tecnologies de la informaci\u00f3 i [&hellip;]<\/p>\n","protected":false},"author":1,"featured_media":6190,"comment_status":"closed","ping_status":"open","sticky":false,"template":"","format":"standard","meta":{"_bbp_topic_count":0,"_bbp_reply_count":0,"_bbp_total_topic_count":0,"_bbp_total_reply_count":0,"_bbp_voice_count":0,"_bbp_anonymous_reply_count":0,"_bbp_topic_count_hidden":0,"_bbp_reply_count_hidden":0,"_bbp_forum_subforum_count":0,"site-sidebar-layout":"default","site-content-layout":"","ast-site-content-layout":"","site-content-style":"default","site-sidebar-style":"default","ast-global-header-display":"","ast-banner-title-visibility":"","ast-main-header-display":"","ast-hfb-above-header-display":"","ast-hfb-below-header-display":"","ast-hfb-mobile-header-display":"","site-post-title":"","ast-breadcrumbs-content":"","ast-featured-img":"","footer-sml-layout":"","theme-transparent-header-meta":"","adv-header-id-meta":"","stick-header-meta":"","header-above-stick-meta":"","header-main-stick-meta":"","header-below-stick-meta":"","astra-migrate-meta-layouts":"default","ast-page-background-enabled":"default","ast-page-background-meta":{"desktop":{"background-color":"var(--ast-global-color-5)","background-image":"","background-repeat":"repeat","background-position":"center center","background-size":"auto","background-attachment":"scroll","background-type":"","background-media":"","overlay-type":"","overlay-color":"","overlay-opacity":"","overlay-gradient":""},"tablet":{"background-color":"","background-image":"","background-repeat":"repeat","background-position":"center center","background-size":"auto","background-attachment":"scroll","background-type":"","background-media":"","overlay-type":"","overlay-color":"","overlay-opacity":"","overlay-gradient":""},"mobile":{"background-color":"","background-image":"","background-repeat":"repeat","background-position":"center center","background-size":"auto","background-attachment":"scroll","background-type":"","background-media":"","overlay-type":"","overlay-color":"","overlay-opacity":"","overlay-gradient":""}},"ast-content-background-meta":{"desktop":{"background-color":"var(--ast-global-color-4)","background-image":"","background-repeat":"repeat","background-position":"center center","background-size":"auto","background-attachment":"scroll","background-type":"","background-media":"","overlay-type":"","overlay-color":"","overlay-opacity":"","overlay-gradient":""},"tablet":{"background-color":"var(--ast-global-color-4)","background-image":"","background-repeat":"repeat","background-position":"center center","background-size":"auto","background-attachment":"scroll","background-type":"","background-media":"","overlay-type":"","overlay-color":"","overlay-opacity":"","overlay-gradient":""},"mobile":{"background-color":"var(--ast-global-color-4)","background-image":"","background-repeat":"repeat","background-position":"center center","background-size":"auto","background-attachment":"scroll","background-type":"","background-media":"","overlay-type":"","overlay-color":"","overlay-opacity":"","overlay-gradient":""}},"footnotes":""},"categories":[1],"tags":[],"class_list":["post-6189","post","type-post","status-publish","format-standard","has-post-thumbnail","hentry","category-general"],"post_mailing_queue_ids":[],"_links":{"self":[{"href":"https:\/\/serveiseducatius.xtec.cat\/garrotxa\/wp-json\/wp\/v2\/posts\/6189","targetHints":{"allow":["GET"]}}],"collection":[{"href":"https:\/\/serveiseducatius.xtec.cat\/garrotxa\/wp-json\/wp\/v2\/posts"}],"about":[{"href":"https:\/\/serveiseducatius.xtec.cat\/garrotxa\/wp-json\/wp\/v2\/types\/post"}],"author":[{"embeddable":true,"href":"https:\/\/serveiseducatius.xtec.cat\/garrotxa\/wp-json\/wp\/v2\/users\/1"}],"replies":[{"embeddable":true,"href":"https:\/\/serveiseducatius.xtec.cat\/garrotxa\/wp-json\/wp\/v2\/comments?post=6189"}],"version-history":[{"count":1,"href":"https:\/\/serveiseducatius.xtec.cat\/garrotxa\/wp-json\/wp\/v2\/posts\/6189\/revisions"}],"predecessor-version":[{"id":6191,"href":"https:\/\/serveiseducatius.xtec.cat\/garrotxa\/wp-json\/wp\/v2\/posts\/6189\/revisions\/6191"}],"wp:featuredmedia":[{"embeddable":true,"href":"https:\/\/serveiseducatius.xtec.cat\/garrotxa\/wp-json\/wp\/v2\/media\/6190"}],"wp:attachment":[{"href":"https:\/\/serveiseducatius.xtec.cat\/garrotxa\/wp-json\/wp\/v2\/media?parent=6189"}],"wp:term":[{"taxonomy":"category","embeddable":true,"href":"https:\/\/serveiseducatius.xtec.cat\/garrotxa\/wp-json\/wp\/v2\/categories?post=6189"},{"taxonomy":"post_tag","embeddable":true,"href":"https:\/\/serveiseducatius.xtec.cat\/garrotxa\/wp-json\/wp\/v2\/tags?post=6189"}],"curies":[{"name":"wp","href":"https:\/\/api.w.org\/{rel}","templated":true}]}}