{"id":6147,"date":"2025-06-23T09:25:28","date_gmt":"2025-06-23T07:25:28","guid":{"rendered":"https:\/\/serveiseducatius.xtec.cat\/garrotxa\/?p=6147"},"modified":"2025-06-23T09:25:44","modified_gmt":"2025-06-23T07:25:44","slug":"experiencies-artistiques-de-ciutadania-critica-reimaginar-la-democracia-des-de-les-aules","status":"publish","type":"post","link":"https:\/\/serveiseducatius.xtec.cat\/garrotxa\/general\/experiencies-artistiques-de-ciutadania-critica-reimaginar-la-democracia-des-de-les-aules\/","title":{"rendered":"Experi\u00e8ncies art\u00edstiques de ciutadania cr\u00edtica. Reimaginar la democr\u00e0cia des de les aules"},"content":{"rendered":"<p style=\"text-align: justify;\">El Grup de Recerca Esbrina \u2014 Subjectivitats, visualitats i entorns educatius contemporanis (2021SGR00686), conjuntament amb el Programa de Doctorat en Arts i Educaci\u00f3 de la Universitat de Barcelona, organitzen les Jornades\u00a0<strong>\u201cExperi\u00e8ncies art\u00edstiques de ciutadania cr\u00edtica. Reimaginar la democr\u00e0cia des de les aules\u201d,<\/strong>\u00a0que tindran lloc els dies\u00a0<strong>8 i 9 de juliol de 2025\u00a0<\/strong>en el Centre de Recursos Pedag\u00f2gics Espec\u00edfics de Suport a la Innovaci\u00f3 i Recerca Educativa (CESIRE \u2013 Av. Drassanes, 10. Barcelona).<\/p>\n<p>Les jornades s\u2019emmarquen en el projecte\u00a0<a href=\"http:\/\/criticalchangelab.eu\/\">Critical ChangeLab<\/a>\u00a0(GA 101094217) del programa Horitz\u00f3 Europa de la Comissi\u00f3 Europea, l\u2019objectiu del qual \u00e9s reimaginar la relaci\u00f3 entre joventut i democr\u00e0cia, i on convidem a investigadors, educadors, professionals i responsables pol\u00edtics a contribuir a un intercanvi sobre el replantejament de les pr\u00e0ctiques democr\u00e0tiques en l\u2019educaci\u00f3.<\/p>\n<p style=\"text-align: justify;\">En un context de profundes transformacions socials, pol\u00edtiques i ecol\u00f2giques, es fa urgent repensar la democr\u00e0cia m\u00e9s enll\u00e0 de les seves formes institucionals i promoure la seva pr\u00e0ctica quotidiana en els espais educatius. Des d\u2019aquesta perspectiva, l\u2019art i les pr\u00e0ctiques creatives emergeixen com a potents eines per a fomentar una ciutadania cr\u00edtica, activa i imaginativa.<\/p>\n<p>L\u2019objectiu principal d\u2019aquestes jornades \u00e9s reunir investigadores, docents, artistes, estudiants i altres persones interessades a explorar com les pr\u00e0ctiques art\u00edstiques poden obrir espais per repensar, imaginar i exercir la democr\u00e0cia des de les aules.<\/p>\n<p>En concret, ens interessa posar en di\u00e0leg comunicacions i experi\u00e8ncies que abordin els seg\u00fcents temes:<\/p>\n<ul class=\"wp-block-list\">\n<li>Potencialitats i l\u00edmits de la promoci\u00f3 de la democr\u00e0cia cr\u00edtica en l\u2019\u00e0mbit educatiu a trav\u00e9s de metodologies art\u00edstiques.<\/li>\n<li>Estrat\u00e8gies educatives i creatives per fomentar la imaginaci\u00f3 pol\u00edtica i l\u2019ag\u00e8ncia transformadora en estudiants.<\/li>\n<li>Experi\u00e8ncies de participaci\u00f3 estudiantil, cocreaci\u00f3 i acci\u00f3 col\u00b7lectiva en centres educatius.<\/li>\n<li>Reflexions metodol\u00f2giques sobre el treball amb l\u2019art per pensar la ciutadania cr\u00edtica en contextos educatius.<\/li>\n<\/ul>\n<p><a href=\"https:\/\/esbrina.eu\/2025\/05\/27\/experiencies-artistiques-de-ciutadania-critica-reimaginar-la-democracia-des-de-les-aules\/\" target=\"_blank\" rel=\"noopener\">M\u00c9S INFORMACI\u00d3<\/a><\/p>\n<p style=\"text-align: center;\"><a href=\"https:\/\/serveiseducatius.xtec.cat\/garrotxa\/wp-content\/uploads\/usu774\/2025\/06\/esbrina.png\"><img loading=\"lazy\" decoding=\"async\" class=\"alignnone size-full wp-image-6148\" src=\"https:\/\/serveiseducatius.xtec.cat\/garrotxa\/wp-content\/uploads\/usu774\/2025\/06\/esbrina.png\" alt=\"\" width=\"439\" height=\"115\" srcset=\"https:\/\/serveiseducatius.xtec.cat\/garrotxa\/wp-content\/uploads\/usu774\/2025\/06\/esbrina.png 439w, https:\/\/serveiseducatius.xtec.cat\/garrotxa\/wp-content\/uploads\/usu774\/2025\/06\/esbrina-300x79.png 300w\" sizes=\"auto, (max-width: 439px) 100vw, 439px\" \/><\/a><\/p>\n","protected":false},"excerpt":{"rendered":"<p>El Grup de Recerca Esbrina \u2014 Subjectivitats, visualitats i entorns educatius contemporanis (2021SGR00686), conjuntament amb el Programa de Doctorat en Arts i Educaci\u00f3 de la Universitat de Barcelona, organitzen les Jornades\u00a0\u201cExperi\u00e8ncies art\u00edstiques de ciutadania cr\u00edtica. Reimaginar la democr\u00e0cia des de les aules\u201d,\u00a0que tindran lloc els dies\u00a08 i 9 de juliol de 2025\u00a0en el Centre de [&hellip;]<\/p>\n","protected":false},"author":1,"featured_media":6148,"comment_status":"closed","ping_status":"open","sticky":false,"template":"","format":"standard","meta":{"_bbp_topic_count":0,"_bbp_reply_count":0,"_bbp_total_topic_count":0,"_bbp_total_reply_count":0,"_bbp_voice_count":0,"_bbp_anonymous_reply_count":0,"_bbp_topic_count_hidden":0,"_bbp_reply_count_hidden":0,"_bbp_forum_subforum_count":0,"site-sidebar-layout":"default","site-content-layout":"","ast-site-content-layout":"","site-content-style":"default","site-sidebar-style":"default","ast-global-header-display":"","ast-banner-title-visibility":"","ast-main-header-display":"","ast-hfb-above-header-display":"","ast-hfb-below-header-display":"","ast-hfb-mobile-header-display":"","site-post-title":"","ast-breadcrumbs-content":"","ast-featured-img":"","footer-sml-layout":"","theme-transparent-header-meta":"","adv-header-id-meta":"","stick-header-meta":"","header-above-stick-meta":"","header-main-stick-meta":"","header-below-stick-meta":"","astra-migrate-meta-layouts":"default","ast-page-background-enabled":"default","ast-page-background-meta":{"desktop":{"background-color":"var(--ast-global-color-5)","background-image":"","background-repeat":"repeat","background-position":"center center","background-size":"auto","background-attachment":"scroll","background-type":"","background-media":"","overlay-type":"","overlay-color":"","overlay-opacity":"","overlay-gradient":""},"tablet":{"background-color":"","background-image":"","background-repeat":"repeat","background-position":"center center","background-size":"auto","background-attachment":"scroll","background-type":"","background-media":"","overlay-type":"","overlay-color":"","overlay-opacity":"","overlay-gradient":""},"mobile":{"background-color":"","background-image":"","background-repeat":"repeat","background-position":"center center","background-size":"auto","background-attachment":"scroll","background-type":"","background-media":"","overlay-type":"","overlay-color":"","overlay-opacity":"","overlay-gradient":""}},"ast-content-background-meta":{"desktop":{"background-color":"var(--ast-global-color-4)","background-image":"","background-repeat":"repeat","background-position":"center center","background-size":"auto","background-attachment":"scroll","background-type":"","background-media":"","overlay-type":"","overlay-color":"","overlay-opacity":"","overlay-gradient":""},"tablet":{"background-color":"var(--ast-global-color-4)","background-image":"","background-repeat":"repeat","background-position":"center center","background-size":"auto","background-attachment":"scroll","background-type":"","background-media":"","overlay-type":"","overlay-color":"","overlay-opacity":"","overlay-gradient":""},"mobile":{"background-color":"var(--ast-global-color-4)","background-image":"","background-repeat":"repeat","background-position":"center center","background-size":"auto","background-attachment":"scroll","background-type":"","background-media":"","overlay-type":"","overlay-color":"","overlay-opacity":"","overlay-gradient":""}},"footnotes":""},"categories":[1],"tags":[],"class_list":["post-6147","post","type-post","status-publish","format-standard","has-post-thumbnail","hentry","category-general"],"post_mailing_queue_ids":[],"_links":{"self":[{"href":"https:\/\/serveiseducatius.xtec.cat\/garrotxa\/wp-json\/wp\/v2\/posts\/6147","targetHints":{"allow":["GET"]}}],"collection":[{"href":"https:\/\/serveiseducatius.xtec.cat\/garrotxa\/wp-json\/wp\/v2\/posts"}],"about":[{"href":"https:\/\/serveiseducatius.xtec.cat\/garrotxa\/wp-json\/wp\/v2\/types\/post"}],"author":[{"embeddable":true,"href":"https:\/\/serveiseducatius.xtec.cat\/garrotxa\/wp-json\/wp\/v2\/users\/1"}],"replies":[{"embeddable":true,"href":"https:\/\/serveiseducatius.xtec.cat\/garrotxa\/wp-json\/wp\/v2\/comments?post=6147"}],"version-history":[{"count":2,"href":"https:\/\/serveiseducatius.xtec.cat\/garrotxa\/wp-json\/wp\/v2\/posts\/6147\/revisions"}],"predecessor-version":[{"id":6150,"href":"https:\/\/serveiseducatius.xtec.cat\/garrotxa\/wp-json\/wp\/v2\/posts\/6147\/revisions\/6150"}],"wp:featuredmedia":[{"embeddable":true,"href":"https:\/\/serveiseducatius.xtec.cat\/garrotxa\/wp-json\/wp\/v2\/media\/6148"}],"wp:attachment":[{"href":"https:\/\/serveiseducatius.xtec.cat\/garrotxa\/wp-json\/wp\/v2\/media?parent=6147"}],"wp:term":[{"taxonomy":"category","embeddable":true,"href":"https:\/\/serveiseducatius.xtec.cat\/garrotxa\/wp-json\/wp\/v2\/categories?post=6147"},{"taxonomy":"post_tag","embeddable":true,"href":"https:\/\/serveiseducatius.xtec.cat\/garrotxa\/wp-json\/wp\/v2\/tags?post=6147"}],"curies":[{"name":"wp","href":"https:\/\/api.w.org\/{rel}","templated":true}]}}