{"id":6066,"date":"2025-05-15T17:36:18","date_gmt":"2025-05-15T15:36:18","guid":{"rendered":"https:\/\/serveiseducatius.xtec.cat\/garrotxa\/?p=6066"},"modified":"2025-05-15T17:36:18","modified_gmt":"2025-05-15T15:36:18","slug":"final-territorial-de-les-comarques-de-girona-del-certamen-de-lectura-en-veu-alta-2025","status":"publish","type":"post","link":"https:\/\/serveiseducatius.xtec.cat\/garrotxa\/general\/final-territorial-de-les-comarques-de-girona-del-certamen-de-lectura-en-veu-alta-2025\/","title":{"rendered":"Final territorial de les comarques de Girona del Certamen de Lectura en Veu Alta 2025"},"content":{"rendered":"<p style=\"text-align: justify;\">Dimecres <strong>14 de maig<\/strong> de 10 a 12 hores al teatre municipal de Palafrugell va tenir lloc la <strong>final territorial<\/strong>\u00a0de Girona del\u00a0<strong>XXI Certamen de Lectura en Veu Alta <\/strong>que organitza el Departament d&#8217;Educaci\u00f3, conjuntament amb el grup Enciclop\u00e8dia Catalana. En aquesta final hi participava l\u2019alumnat dels 5 centres seleccionats de la <a href=\"https:\/\/serveiseducatius.xtec.cat\/garrotxa\/general\/semifinal-de-la-garrotxa-del-xxi-certamen-de-lectura-en-veu-alta\/\" target=\"_blank\" rel=\"noopener\">semifinal comarcal de la Garrotxa<\/a>, que va tenir lloc durant el dimarts 4 de mar\u00e7 al Teatre Principal d&#8217;Olot.<\/p>\n<p style=\"text-align: justify;\">Podeu veure l\u2019acte seguint aquest <a href=\"https:\/\/www.youtube.com\/watch?v=agJe63BUfwI\" target=\"_blank\" rel=\"noopener\">enlla\u00e7. <\/a>Els\u00a0seg\u00fcents participants del certamen territorial participaran en la<em> Festa de la lectura\u00a0<\/em>que se celebrar\u00e0 a Barcelona, on es far\u00e0 el lliurament de guardons als seleccionats i seleccionades territorials i es dur\u00e0 a terme una mostra de lectura no competitiva.<\/p>\n<ul>\n<li>Grumets vermells (Cicle Mitj\u00e0): C\u00e8lia Anglada de l&#8217;escola La B\u00f2bila de Les Preses (La Garrotxa)<\/li>\n<li>Grumets verds (Cicle Superior): Ol\u00edvia Quir\u00f3s de l&#8217;escola Jacint Verdaguer de Sils (La Selva I)<\/li>\n<li>Timoners (Aula d&#8217;Acollida): Ver\u00f2nica Reyes de l&#8217;institut Illa de Rodes de Roses (Alt Empord\u00e0)<\/li>\n<li>Corsaris (1r i 2n d&#8217;ESO): Keyro S\u00e1nchez de l&#8217;IE Greda d&#8217;Olot (La Garrotxa)<\/li>\n<li>Tropa de Corsaris (3r i 4t d&#8217;ESO): Nil Rodr\u00edguez, Pep Fari\u00f1a i David Ruiz de l&#8217;escola la Salle de Figueras (Alt Empord\u00e0)<\/li>\n<\/ul>\n<p>Des del Servei Educatiu de la Garrotxa volem donar l&#8217;enhorabona a tots els finalistes!<\/p>\n<p><a href=\"https:\/\/serveiseducatius.xtec.cat\/garrotxa\/wp-content\/uploads\/usu774\/2025\/05\/clva-Palafrugell-scaled.jpg\"><img loading=\"lazy\" decoding=\"async\" class=\"alignnone size-large wp-image-6067\" src=\"https:\/\/serveiseducatius.xtec.cat\/garrotxa\/wp-content\/uploads\/usu774\/2025\/05\/clva-Palafrugell-1024x768.jpg\" alt=\"\" width=\"1024\" height=\"768\" srcset=\"https:\/\/serveiseducatius.xtec.cat\/garrotxa\/wp-content\/uploads\/usu774\/2025\/05\/clva-Palafrugell-1024x768.jpg 1024w, https:\/\/serveiseducatius.xtec.cat\/garrotxa\/wp-content\/uploads\/usu774\/2025\/05\/clva-Palafrugell-300x225.jpg 300w, https:\/\/serveiseducatius.xtec.cat\/garrotxa\/wp-content\/uploads\/usu774\/2025\/05\/clva-Palafrugell-768x576.jpg 768w, https:\/\/serveiseducatius.xtec.cat\/garrotxa\/wp-content\/uploads\/usu774\/2025\/05\/clva-Palafrugell-1536x1152.jpg 1536w, https:\/\/serveiseducatius.xtec.cat\/garrotxa\/wp-content\/uploads\/usu774\/2025\/05\/clva-Palafrugell-2048x1536.jpg 2048w, https:\/\/serveiseducatius.xtec.cat\/garrotxa\/wp-content\/uploads\/usu774\/2025\/05\/clva-Palafrugell-200x150.jpg 200w\" sizes=\"auto, (max-width: 1024px) 100vw, 1024px\" \/><\/a><\/p>\n","protected":false},"excerpt":{"rendered":"<p>Dimecres 14 de maig de 10 a 12 hores al teatre municipal de Palafrugell va tenir lloc la final territorial\u00a0de Girona del\u00a0XXI Certamen de Lectura en Veu Alta que organitza el Departament d&#8217;Educaci\u00f3, conjuntament amb el grup Enciclop\u00e8dia Catalana. En aquesta final hi participava l\u2019alumnat dels 5 centres seleccionats de la semifinal comarcal de la [&hellip;]<\/p>\n","protected":false},"author":1,"featured_media":6067,"comment_status":"closed","ping_status":"closed","sticky":false,"template":"","format":"standard","meta":{"_bbp_topic_count":0,"_bbp_reply_count":0,"_bbp_total_topic_count":0,"_bbp_total_reply_count":0,"_bbp_voice_count":0,"_bbp_anonymous_reply_count":0,"_bbp_topic_count_hidden":0,"_bbp_reply_count_hidden":0,"_bbp_forum_subforum_count":0,"site-sidebar-layout":"default","site-content-layout":"","ast-site-content-layout":"","site-content-style":"default","site-sidebar-style":"default","ast-global-header-display":"","ast-banner-title-visibility":"","ast-main-header-display":"","ast-hfb-above-header-display":"","ast-hfb-below-header-display":"","ast-hfb-mobile-header-display":"","site-post-title":"","ast-breadcrumbs-content":"","ast-featured-img":"","footer-sml-layout":"","theme-transparent-header-meta":"","adv-header-id-meta":"","stick-header-meta":"","header-above-stick-meta":"","header-main-stick-meta":"","header-below-stick-meta":"","astra-migrate-meta-layouts":"default","ast-page-background-enabled":"default","ast-page-background-meta":{"desktop":{"background-color":"var(--ast-global-color-5)","background-image":"","background-repeat":"repeat","background-position":"center center","background-size":"auto","background-attachment":"scroll","background-type":"","background-media":"","overlay-type":"","overlay-color":"","overlay-opacity":"","overlay-gradient":""},"tablet":{"background-color":"","background-image":"","background-repeat":"repeat","background-position":"center center","background-size":"auto","background-attachment":"scroll","background-type":"","background-media":"","overlay-type":"","overlay-color":"","overlay-opacity":"","overlay-gradient":""},"mobile":{"background-color":"","background-image":"","background-repeat":"repeat","background-position":"center center","background-size":"auto","background-attachment":"scroll","background-type":"","background-media":"","overlay-type":"","overlay-color":"","overlay-opacity":"","overlay-gradient":""}},"ast-content-background-meta":{"desktop":{"background-color":"var(--ast-global-color-4)","background-image":"","background-repeat":"repeat","background-position":"center center","background-size":"auto","background-attachment":"scroll","background-type":"","background-media":"","overlay-type":"","overlay-color":"","overlay-opacity":"","overlay-gradient":""},"tablet":{"background-color":"var(--ast-global-color-4)","background-image":"","background-repeat":"repeat","background-position":"center center","background-size":"auto","background-attachment":"scroll","background-type":"","background-media":"","overlay-type":"","overlay-color":"","overlay-opacity":"","overlay-gradient":""},"mobile":{"background-color":"var(--ast-global-color-4)","background-image":"","background-repeat":"repeat","background-position":"center center","background-size":"auto","background-attachment":"scroll","background-type":"","background-media":"","overlay-type":"","overlay-color":"","overlay-opacity":"","overlay-gradient":""}},"footnotes":""},"categories":[1],"tags":[],"class_list":["post-6066","post","type-post","status-publish","format-standard","has-post-thumbnail","hentry","category-general"],"post_mailing_queue_ids":[],"_links":{"self":[{"href":"https:\/\/serveiseducatius.xtec.cat\/garrotxa\/wp-json\/wp\/v2\/posts\/6066","targetHints":{"allow":["GET"]}}],"collection":[{"href":"https:\/\/serveiseducatius.xtec.cat\/garrotxa\/wp-json\/wp\/v2\/posts"}],"about":[{"href":"https:\/\/serveiseducatius.xtec.cat\/garrotxa\/wp-json\/wp\/v2\/types\/post"}],"author":[{"embeddable":true,"href":"https:\/\/serveiseducatius.xtec.cat\/garrotxa\/wp-json\/wp\/v2\/users\/1"}],"replies":[{"embeddable":true,"href":"https:\/\/serveiseducatius.xtec.cat\/garrotxa\/wp-json\/wp\/v2\/comments?post=6066"}],"version-history":[{"count":1,"href":"https:\/\/serveiseducatius.xtec.cat\/garrotxa\/wp-json\/wp\/v2\/posts\/6066\/revisions"}],"predecessor-version":[{"id":6068,"href":"https:\/\/serveiseducatius.xtec.cat\/garrotxa\/wp-json\/wp\/v2\/posts\/6066\/revisions\/6068"}],"wp:featuredmedia":[{"embeddable":true,"href":"https:\/\/serveiseducatius.xtec.cat\/garrotxa\/wp-json\/wp\/v2\/media\/6067"}],"wp:attachment":[{"href":"https:\/\/serveiseducatius.xtec.cat\/garrotxa\/wp-json\/wp\/v2\/media?parent=6066"}],"wp:term":[{"taxonomy":"category","embeddable":true,"href":"https:\/\/serveiseducatius.xtec.cat\/garrotxa\/wp-json\/wp\/v2\/categories?post=6066"},{"taxonomy":"post_tag","embeddable":true,"href":"https:\/\/serveiseducatius.xtec.cat\/garrotxa\/wp-json\/wp\/v2\/tags?post=6066"}],"curies":[{"name":"wp","href":"https:\/\/api.w.org\/{rel}","templated":true}]}}