{"id":5984,"date":"2025-05-14T12:27:35","date_gmt":"2025-05-14T10:27:35","guid":{"rendered":"https:\/\/serveiseducatius.xtec.cat\/garrotxa\/?p=5984"},"modified":"2025-06-04T12:05:04","modified_gmt":"2025-06-04T10:05:04","slug":"27a-escola-destiu-de-la-garrotxa-espais-que-eduquen","status":"publish","type":"post","link":"https:\/\/serveiseducatius.xtec.cat\/garrotxa\/general\/27a-escola-destiu-de-la-garrotxa-espais-que-eduquen\/","title":{"rendered":"27a Escola d&#8217;estiu de la Garrotxa: espais que eduquen"},"content":{"rendered":"<div dir=\"auto\">\n<p><span style=\"font-weight: 400;\">El <\/span><b>dimecres 2 de juliol <\/b><span style=\"font-weight: 400;\">es portar\u00e0 a terme la <\/span><a href=\"https:\/\/serveiseducatius.xtec.cat\/garrotxa\/general\/27a-escola-destiu-de-la-garrotxa-espais-que-eduquen\/\"><b><i>XXVII Escola d&#8217;Estiu de la Garrotxa: ESPAIS QUE EDUQUEN<\/i><\/b><\/a><span style=\"font-weight: 400;\">.<\/span><\/p>\n<p><span style=\"font-weight: 400;\">Pr\u00f2ximament, tindreu el <\/span><b>programa<\/b><span style=\"font-weight: 400;\">, l&#8217;<\/span><b>enlla\u00e7 d&#8217;inscripci\u00f3<\/b><span style=\"font-weight: 400;\"> i un <\/span><a href=\"https:\/\/docs.google.com\/forms\/d\/e\/1FAIpQLSetJRd-tMGjfliv3tjuSFrlKodWmvV0cMHimN0EKx1m4m0t7w\/viewform?usp=header\"><b>formulari<\/b><\/a><b> per recollir les propostes <\/b><span style=\"font-weight: 400;\">dels centres o docents que vulguin compartir la seva <\/span><b>experi\u00e8ncia <\/b><span style=\"font-weight: 400;\">durant la franja matinal (les agruparem per etapes educatives).<\/span><\/p>\n<p><span style=\"font-weight: 400;\">Enguany, tal com indica el t\u00edtol &#8220;<\/span><i><span style=\"font-weight: 400;\">Espais que eduquen<\/span><\/i><span style=\"font-weight: 400;\">&#8220;,\u00a0 busquem iniciatives, projectes, situacions d&#8217;aprenentatge o activitats que tinguin lloc o interpel\u00b7lin a algun espai m\u00e9s enll\u00e0 de les aules.<\/span><\/p>\n<p><span style=\"font-weight: 400;\">De moment, <\/span><b>reserveu-vos la data!\u00a0<\/b><\/p>\n<p><span style=\"font-weight: 400;\">La present edici\u00f3 de l&#8217;Escola d&#8217;Estiu tamb\u00e9 tindr\u00e0 tres franges:<\/span><\/p>\n<ul>\n<li><span style=\"font-weight: 400;\">\u00a0<\/span><b>Mat\u00ed<\/b><span style=\"font-weight: 400;\">: espai d&#8217;experi\u00e8ncies compartides: espai <\/span><a href=\"https:\/\/noima.cat\/\"><span style=\"font-weight: 400;\">NOIMA<\/span><\/a><span style=\"font-weight: 400;\"> (Escola de Noves Oportunitats de la Garrotxa).<\/span><\/li>\n<li style=\"font-weight: 400;\" aria-level=\"1\"><b>Tarda<\/b><span style=\"font-weight: 400;\">: visita i taller a diferents espais que eduquen de la ciutat d&#8217;Olot (diferents opcions a visitar en funci\u00f3 de l&#8217;itinerari escollit).<\/span><\/li>\n<li style=\"font-weight: 400;\" aria-level=\"1\"><b>Vespre<\/b><span style=\"font-weight: 400;\">: sopar pedag\u00f2gic amenitzat amb m\u00fasica: claustre de l&#8217;<\/span><a href=\"https:\/\/escolartolot.cat\/\"><span style=\"font-weight: 400;\">Escola d&#8217;Art d&#8217;Olot<\/span><\/a><span style=\"font-weight: 400;\">.<\/span><\/li>\n<\/ul>\n<p><b>Us hi esperem!<\/b><\/p>\n<\/div>\n<p><img loading=\"lazy\" decoding=\"async\" class=\"aligncenter size-full wp-image-5985\" src=\"https:\/\/serveiseducatius.xtec.cat\/garrotxa\/wp-content\/uploads\/usu774\/2025\/03\/Cartell-Escola-dEstiu-2025.jpg\" alt=\"\" width=\"599\" height=\"842\" srcset=\"https:\/\/serveiseducatius.xtec.cat\/garrotxa\/wp-content\/uploads\/usu774\/2025\/03\/Cartell-Escola-dEstiu-2025.jpg 599w, https:\/\/serveiseducatius.xtec.cat\/garrotxa\/wp-content\/uploads\/usu774\/2025\/03\/Cartell-Escola-dEstiu-2025-213x300.jpg 213w\" sizes=\"auto, (max-width: 599px) 100vw, 599px\" \/><\/p>\n","protected":false},"excerpt":{"rendered":"<p>El dimecres 2 de juliol es portar\u00e0 a terme la XXVII Escola d&#8217;Estiu de la Garrotxa: ESPAIS QUE EDUQUEN. Pr\u00f2ximament, tindreu el programa, l&#8217;enlla\u00e7 d&#8217;inscripci\u00f3 i un formulari per recollir les propostes dels centres o docents que vulguin compartir la seva experi\u00e8ncia durant la franja matinal (les agruparem per etapes educatives). Enguany, tal com indica [&hellip;]<\/p>\n","protected":false},"author":1,"featured_media":5985,"comment_status":"closed","ping_status":"closed","sticky":false,"template":"","format":"standard","meta":{"_bbp_topic_count":0,"_bbp_reply_count":0,"_bbp_total_topic_count":0,"_bbp_total_reply_count":0,"_bbp_voice_count":0,"_bbp_anonymous_reply_count":0,"_bbp_topic_count_hidden":0,"_bbp_reply_count_hidden":0,"_bbp_forum_subforum_count":0,"site-sidebar-layout":"default","site-content-layout":"","ast-site-content-layout":"","site-content-style":"default","site-sidebar-style":"default","ast-global-header-display":"","ast-banner-title-visibility":"","ast-main-header-display":"","ast-hfb-above-header-display":"","ast-hfb-below-header-display":"","ast-hfb-mobile-header-display":"","site-post-title":"","ast-breadcrumbs-content":"","ast-featured-img":"","footer-sml-layout":"","theme-transparent-header-meta":"","adv-header-id-meta":"","stick-header-meta":"","header-above-stick-meta":"","header-main-stick-meta":"","header-below-stick-meta":"","astra-migrate-meta-layouts":"default","ast-page-background-enabled":"default","ast-page-background-meta":{"desktop":{"background-color":"var(--ast-global-color-5)","background-image":"","background-repeat":"repeat","background-position":"center center","background-size":"auto","background-attachment":"scroll","background-type":"","background-media":"","overlay-type":"","overlay-color":"","overlay-opacity":"","overlay-gradient":""},"tablet":{"background-color":"","background-image":"","background-repeat":"repeat","background-position":"center center","background-size":"auto","background-attachment":"scroll","background-type":"","background-media":"","overlay-type":"","overlay-color":"","overlay-opacity":"","overlay-gradient":""},"mobile":{"background-color":"","background-image":"","background-repeat":"repeat","background-position":"center center","background-size":"auto","background-attachment":"scroll","background-type":"","background-media":"","overlay-type":"","overlay-color":"","overlay-opacity":"","overlay-gradient":""}},"ast-content-background-meta":{"desktop":{"background-color":"var(--ast-global-color-4)","background-image":"","background-repeat":"repeat","background-position":"center center","background-size":"auto","background-attachment":"scroll","background-type":"","background-media":"","overlay-type":"","overlay-color":"","overlay-opacity":"","overlay-gradient":""},"tablet":{"background-color":"var(--ast-global-color-4)","background-image":"","background-repeat":"repeat","background-position":"center center","background-size":"auto","background-attachment":"scroll","background-type":"","background-media":"","overlay-type":"","overlay-color":"","overlay-opacity":"","overlay-gradient":""},"mobile":{"background-color":"var(--ast-global-color-4)","background-image":"","background-repeat":"repeat","background-position":"center center","background-size":"auto","background-attachment":"scroll","background-type":"","background-media":"","overlay-type":"","overlay-color":"","overlay-opacity":"","overlay-gradient":""}},"footnotes":""},"categories":[1],"tags":[],"class_list":["post-5984","post","type-post","status-publish","format-standard","has-post-thumbnail","hentry","category-general"],"post_mailing_queue_ids":[],"_links":{"self":[{"href":"https:\/\/serveiseducatius.xtec.cat\/garrotxa\/wp-json\/wp\/v2\/posts\/5984","targetHints":{"allow":["GET"]}}],"collection":[{"href":"https:\/\/serveiseducatius.xtec.cat\/garrotxa\/wp-json\/wp\/v2\/posts"}],"about":[{"href":"https:\/\/serveiseducatius.xtec.cat\/garrotxa\/wp-json\/wp\/v2\/types\/post"}],"author":[{"embeddable":true,"href":"https:\/\/serveiseducatius.xtec.cat\/garrotxa\/wp-json\/wp\/v2\/users\/1"}],"replies":[{"embeddable":true,"href":"https:\/\/serveiseducatius.xtec.cat\/garrotxa\/wp-json\/wp\/v2\/comments?post=5984"}],"version-history":[{"count":6,"href":"https:\/\/serveiseducatius.xtec.cat\/garrotxa\/wp-json\/wp\/v2\/posts\/5984\/revisions"}],"predecessor-version":[{"id":6108,"href":"https:\/\/serveiseducatius.xtec.cat\/garrotxa\/wp-json\/wp\/v2\/posts\/5984\/revisions\/6108"}],"wp:featuredmedia":[{"embeddable":true,"href":"https:\/\/serveiseducatius.xtec.cat\/garrotxa\/wp-json\/wp\/v2\/media\/5985"}],"wp:attachment":[{"href":"https:\/\/serveiseducatius.xtec.cat\/garrotxa\/wp-json\/wp\/v2\/media?parent=5984"}],"wp:term":[{"taxonomy":"category","embeddable":true,"href":"https:\/\/serveiseducatius.xtec.cat\/garrotxa\/wp-json\/wp\/v2\/categories?post=5984"},{"taxonomy":"post_tag","embeddable":true,"href":"https:\/\/serveiseducatius.xtec.cat\/garrotxa\/wp-json\/wp\/v2\/tags?post=5984"}],"curies":[{"name":"wp","href":"https:\/\/api.w.org\/{rel}","templated":true}]}}