{"id":5847,"date":"2025-03-18T11:00:02","date_gmt":"2025-03-18T10:00:02","guid":{"rendered":"https:\/\/serveiseducatius.xtec.cat\/garrotxa\/?p=5847"},"modified":"2025-03-18T13:05:36","modified_gmt":"2025-03-18T12:05:36","slug":"24-03-presentacio-la-bici-de-la-lola-comunicacio-i-prevencio-de-les-violencies-sexuals-a-la-infancia","status":"publish","type":"post","link":"https:\/\/serveiseducatius.xtec.cat\/garrotxa\/general\/24-03-presentacio-la-bici-de-la-lola-comunicacio-i-prevencio-de-les-violencies-sexuals-a-la-infancia\/","title":{"rendered":"24\/03 Presentaci\u00f3: La bici de la Lola. Comunicaci\u00f3 i prevenci\u00f3 de les viol\u00e8ncies sexuals a la inf\u00e0ncia."},"content":{"rendered":"<p style=\"text-align: justify;\">El pr\u00f2xim dilluns<strong> 24 de mar\u00e7<\/strong> de <strong>17:00 a 18:30 hores<\/strong> es presentar\u00e0 el projecte <em><strong>La bici de la Lola <\/strong><\/em>a la <strong>Sala la Fageda<\/strong> del <strong>Servei Educatiu de la Garrotxa.\u00a0<\/strong>La presentaci\u00f3 anir\u00e0 a c\u00e0rrec de les autores, l&#8217;Alba Barb\u00e9 i la Laia Pibernat en format confer\u00e8ncia i amb la intervenci\u00f3 art\u00edstica i en directe de la il\u00b7lustradora Judit Piella. La proposta t\u00e9 com a objectiu presentar recursos per facilitar la identificaci\u00f3, detecci\u00f3 i comunicaci\u00f3 de les viol\u00e8ncies sexuals a la inf\u00e0ncia.<\/p>\n<p>Per gestionar l\u2019aforament de la sessi\u00f3\u00a0<strong>cal inscriure\u2019s pr\u00e8viament.<\/strong><\/p>\n<ul style=\"list-style-type: circle;\">\n<li><strong>INSCRIPCI\u00d3 PERSONAL DOCENT<\/strong>: <a href=\"https:\/\/aplicacions.gestioeducativa.gencat.cat\/ords\/pls\/soloas\/pk_for_mod_ins.p_for_detall_activitat?p_header=Llista%20d%27activitats^pk_for_mod_ins.p_for_cons_activitats?p_crp=504%26p_crp_txt=La%2520Garrotxa.%2520Olot%26p_totes=N%26p_inici=11%26p_excloure_crp_rec=T&amp;p_codi=5041291504&amp;p_curs=2024-2025&amp;p_excloure_crp_rec=T\" target=\"_blank\" rel=\"noopener\">Comunicaci\u00f3 i prevenci\u00f3 de les viol\u00e8ncies sexuals en la inf\u00e0ncia a trav\u00e9s de l&#8217;\u00e0lbum il\u00b7lustrat <em><strong>La bici de la Lola<\/strong><\/em>.<\/a><\/li>\n<li><strong>INSCRIPCI\u00d3 PERSONAL NO DOCENT:<\/strong> <a href=\"https:\/\/docs.google.com\/forms\/d\/1bHoFwKX3394de2AnNSnFfkFgXpo4KNqxrz14_97tNto\/preview\" target=\"_blank\" rel=\"noopener\">formulari de sol\u00b7licitud d&#8217;inscripci\u00f3<\/a><\/li>\n<\/ul>\n<p><a href=\"https:\/\/la-bici-de-la-lola.mailchimpsites.com\/\" target=\"_blank\" rel=\"noopener\">M\u00e9s informaci\u00f3 del projecte<\/a><\/p>\n<p><a href=\"https:\/\/drive.google.com\/file\/d\/1c4ErdeigccjGryxp9XmFdL5jr0tPlkdM\/view?usp=drive_link\" target=\"_blank\" rel=\"noopener\">Guia de suport a la lectura<\/a><\/p>\n<p><img loading=\"lazy\" decoding=\"async\" class=\"aligncenter size-large wp-image-5848\" src=\"https:\/\/serveiseducatius.xtec.cat\/garrotxa\/wp-content\/uploads\/usu774\/2025\/01\/La-bici-de-la-Lola-1024x278.png\" alt=\"\" width=\"1024\" height=\"278\" srcset=\"https:\/\/serveiseducatius.xtec.cat\/garrotxa\/wp-content\/uploads\/usu774\/2025\/01\/La-bici-de-la-Lola-1024x278.png 1024w, https:\/\/serveiseducatius.xtec.cat\/garrotxa\/wp-content\/uploads\/usu774\/2025\/01\/La-bici-de-la-Lola-300x81.png 300w, https:\/\/serveiseducatius.xtec.cat\/garrotxa\/wp-content\/uploads\/usu774\/2025\/01\/La-bici-de-la-Lola-768x208.png 768w, https:\/\/serveiseducatius.xtec.cat\/garrotxa\/wp-content\/uploads\/usu774\/2025\/01\/La-bici-de-la-Lola-1536x417.png 1536w, https:\/\/serveiseducatius.xtec.cat\/garrotxa\/wp-content\/uploads\/usu774\/2025\/01\/La-bici-de-la-Lola.png 1920w\" sizes=\"auto, (max-width: 1024px) 100vw, 1024px\" \/><\/p>\n","protected":false},"excerpt":{"rendered":"<p>El pr\u00f2xim dilluns 24 de mar\u00e7 de 17:00 a 18:30 hores es presentar\u00e0 el projecte La bici de la Lola a la Sala la Fageda del Servei Educatiu de la Garrotxa.\u00a0La presentaci\u00f3 anir\u00e0 a c\u00e0rrec de les autores, l&#8217;Alba Barb\u00e9 i la Laia Pibernat en format confer\u00e8ncia i amb la intervenci\u00f3 art\u00edstica i en directe [&hellip;]<\/p>\n","protected":false},"author":1,"featured_media":5848,"comment_status":"closed","ping_status":"closed","sticky":false,"template":"","format":"standard","meta":{"_bbp_topic_count":0,"_bbp_reply_count":0,"_bbp_total_topic_count":0,"_bbp_total_reply_count":0,"_bbp_voice_count":0,"_bbp_anonymous_reply_count":0,"_bbp_topic_count_hidden":0,"_bbp_reply_count_hidden":0,"_bbp_forum_subforum_count":0,"site-sidebar-layout":"default","site-content-layout":"","ast-site-content-layout":"","site-content-style":"default","site-sidebar-style":"default","ast-global-header-display":"","ast-banner-title-visibility":"","ast-main-header-display":"","ast-hfb-above-header-display":"","ast-hfb-below-header-display":"","ast-hfb-mobile-header-display":"","site-post-title":"","ast-breadcrumbs-content":"","ast-featured-img":"","footer-sml-layout":"","theme-transparent-header-meta":"","adv-header-id-meta":"","stick-header-meta":"","header-above-stick-meta":"","header-main-stick-meta":"","header-below-stick-meta":"","astra-migrate-meta-layouts":"default","ast-page-background-enabled":"default","ast-page-background-meta":{"desktop":{"background-color":"var(--ast-global-color-5)","background-image":"","background-repeat":"repeat","background-position":"center center","background-size":"auto","background-attachment":"scroll","background-type":"","background-media":"","overlay-type":"","overlay-color":"","overlay-opacity":"","overlay-gradient":""},"tablet":{"background-color":"","background-image":"","background-repeat":"repeat","background-position":"center center","background-size":"auto","background-attachment":"scroll","background-type":"","background-media":"","overlay-type":"","overlay-color":"","overlay-opacity":"","overlay-gradient":""},"mobile":{"background-color":"","background-image":"","background-repeat":"repeat","background-position":"center center","background-size":"auto","background-attachment":"scroll","background-type":"","background-media":"","overlay-type":"","overlay-color":"","overlay-opacity":"","overlay-gradient":""}},"ast-content-background-meta":{"desktop":{"background-color":"var(--ast-global-color-4)","background-image":"","background-repeat":"repeat","background-position":"center center","background-size":"auto","background-attachment":"scroll","background-type":"","background-media":"","overlay-type":"","overlay-color":"","overlay-opacity":"","overlay-gradient":""},"tablet":{"background-color":"var(--ast-global-color-4)","background-image":"","background-repeat":"repeat","background-position":"center center","background-size":"auto","background-attachment":"scroll","background-type":"","background-media":"","overlay-type":"","overlay-color":"","overlay-opacity":"","overlay-gradient":""},"mobile":{"background-color":"var(--ast-global-color-4)","background-image":"","background-repeat":"repeat","background-position":"center center","background-size":"auto","background-attachment":"scroll","background-type":"","background-media":"","overlay-type":"","overlay-color":"","overlay-opacity":"","overlay-gradient":""}},"footnotes":""},"categories":[1],"tags":[],"class_list":["post-5847","post","type-post","status-publish","format-standard","has-post-thumbnail","hentry","category-general"],"post_mailing_queue_ids":[],"_links":{"self":[{"href":"https:\/\/serveiseducatius.xtec.cat\/garrotxa\/wp-json\/wp\/v2\/posts\/5847","targetHints":{"allow":["GET"]}}],"collection":[{"href":"https:\/\/serveiseducatius.xtec.cat\/garrotxa\/wp-json\/wp\/v2\/posts"}],"about":[{"href":"https:\/\/serveiseducatius.xtec.cat\/garrotxa\/wp-json\/wp\/v2\/types\/post"}],"author":[{"embeddable":true,"href":"https:\/\/serveiseducatius.xtec.cat\/garrotxa\/wp-json\/wp\/v2\/users\/1"}],"replies":[{"embeddable":true,"href":"https:\/\/serveiseducatius.xtec.cat\/garrotxa\/wp-json\/wp\/v2\/comments?post=5847"}],"version-history":[{"count":4,"href":"https:\/\/serveiseducatius.xtec.cat\/garrotxa\/wp-json\/wp\/v2\/posts\/5847\/revisions"}],"predecessor-version":[{"id":5888,"href":"https:\/\/serveiseducatius.xtec.cat\/garrotxa\/wp-json\/wp\/v2\/posts\/5847\/revisions\/5888"}],"wp:featuredmedia":[{"embeddable":true,"href":"https:\/\/serveiseducatius.xtec.cat\/garrotxa\/wp-json\/wp\/v2\/media\/5848"}],"wp:attachment":[{"href":"https:\/\/serveiseducatius.xtec.cat\/garrotxa\/wp-json\/wp\/v2\/media?parent=5847"}],"wp:term":[{"taxonomy":"category","embeddable":true,"href":"https:\/\/serveiseducatius.xtec.cat\/garrotxa\/wp-json\/wp\/v2\/categories?post=5847"},{"taxonomy":"post_tag","embeddable":true,"href":"https:\/\/serveiseducatius.xtec.cat\/garrotxa\/wp-json\/wp\/v2\/tags?post=5847"}],"curies":[{"name":"wp","href":"https:\/\/api.w.org\/{rel}","templated":true}]}}