{"id":5810,"date":"2025-01-09T11:16:06","date_gmt":"2025-01-09T10:16:06","guid":{"rendered":"https:\/\/serveiseducatius.xtec.cat\/garrotxa\/?p=5810"},"modified":"2025-01-09T11:16:30","modified_gmt":"2025-01-09T10:16:30","slug":"explora-la-meteorologia-hivernal","status":"publish","type":"post","link":"https:\/\/serveiseducatius.xtec.cat\/garrotxa\/general\/explora-la-meteorologia-hivernal\/","title":{"rendered":"EXPLORA la meteorologia hivernal"},"content":{"rendered":"<div class=\"row\">\n<p><img loading=\"lazy\" decoding=\"async\" class=\"aligncenter size-full wp-image-5811\" src=\"https:\/\/serveiseducatius.xtec.cat\/garrotxa\/wp-content\/uploads\/usu774\/2025\/01\/Explora-la-meteorologia-hivernal.jpg\" alt=\"\" width=\"793\" height=\"594\" srcset=\"https:\/\/serveiseducatius.xtec.cat\/garrotxa\/wp-content\/uploads\/usu774\/2025\/01\/Explora-la-meteorologia-hivernal.jpg 793w, https:\/\/serveiseducatius.xtec.cat\/garrotxa\/wp-content\/uploads\/usu774\/2025\/01\/Explora-la-meteorologia-hivernal-300x225.jpg 300w, https:\/\/serveiseducatius.xtec.cat\/garrotxa\/wp-content\/uploads\/usu774\/2025\/01\/Explora-la-meteorologia-hivernal-768x575.jpg 768w, https:\/\/serveiseducatius.xtec.cat\/garrotxa\/wp-content\/uploads\/usu774\/2025\/01\/Explora-la-meteorologia-hivernal-200x150.jpg 200w\" sizes=\"auto, (max-width: 793px) 100vw, 793px\" \/><\/p>\n<p>&nbsp;<\/p>\n<p class=\"col-md-6\" style=\"text-align: left;\">\n<\/div>\n<p>&nbsp;<\/p>\n<p style=\"text-align: justify;\"><span style=\"font-family: inherit; font-size: 1em;\">L&#8217;hivern \u00e9s un per\u00edode amb una meteorologia particular i, a vegades, molt severa. En aquest curs es tractaran els diferents fen\u00f2mens meteorol\u00f2gics que caracteritzen aquesta estaci\u00f3 i com es mesuren i controlen. Des de la formaci\u00f3 de la neu i el gel, que no s\u00f3n m\u00e9s que una manifestaci\u00f3 de l&#8217;aigua, i el seu posterior aprofitament en el desgla\u00e7, fins a l&#8217;estudi de les condicions necess\u00e0ries perqu\u00e8 es produeixin allaus i les mesures per evitar aquest risc, aix\u00ed com els protocols d&#8217;actuaci\u00f3 en cas que es produeixin.<\/span><\/p>\n<p style=\"text-align: justify;\">L&#8217; activitat consistir\u00e0 en 20 hores presencials de classes te\u00f2riques, de visites i tallers experimentals i 10 h d&#8217;aprenentatge aut\u00f2nom, que es realitzaran a trav\u00e9s d&#8217;activitats mitjan\u00e7ant el campus Atenea de la UPC.<\/p>\n<p style=\"text-align: justify;\">L&#8217;activitat\u00a0gaudeix de reconeixement de cr\u00e8dits ECTS i est\u00e0 inclosa dins del Pla de formaci\u00f3 permanent del professorat de Secund\u00e0ria del Departament d&#8217;Ensenyament de la Generalitat de Catalunya.<\/p>\n<p><strong>Dates:<\/strong><strong>\u00a0<\/strong><br \/>\nDissabtes 1 i 15 de febrer de 2025<br \/>\n<strong>Horari:<\/strong><br \/>\nde 9:00 a 14.00 h i de 15.30 a 19.30 h<br \/>\n<strong>Lloc de realitzaci\u00f3:<\/strong>\u00a0Pavell\u00f3 de Su\u00e8cia de Berga<\/p>\n<p><strong>Visites:<\/strong>\u00a0Estaci\u00f3 meteorol\u00f2gica al Bergued\u00e0\u00a0\/ Mostra d\u2019equips de salvament<\/p>\n<p><strong>Tallers:<\/strong>\u00a0Equips simples de presa de dades meteorol\u00f2giques &#8211; Simulaci\u00f3 de neu sint\u00e8tica &#8211; Experiments amb fred<\/p>\n<p><strong>Professorat:<\/strong><\/p>\n<p>Aleix Serra i Pere Esteban, Servei Meteorol\u00f2gic de Catalunya<\/p>\n<p>Jordi Maz\u00f3n, Departament de F\u00edsica &#8211; UPC<\/p>\n<p>Pere Oller, Geoneu Risk<\/p>\n<p>Oriol Tint\u00f3, Barcelona Supercomputing Center (BSC)<\/p>\n<p>Dolors Grau i Imma Torra,\u00a0 Departament d\u2019Enginyeria Minera, Industrial i TIC &#8211; UPC<\/p>\n<p>Albert Soler, Grup d\u2019Actuacions Especials &#8211; Bombers de la Generalitat<\/p>\n<p><strong>INSCRIPCIONS<\/strong><br \/>\nLa modalitat d&#8217;inscripci\u00f3 al curs dep\u00e8n del col\u00b7lectiu al qual pertanyeu:<\/p>\n<p><strong>1) Professorat de Secund\u00e0ria i Prim\u00e0ria via XTEC:\u00a0<\/strong><strong>del 18 de desembre de 2024 al 19 de gener de 2025<\/strong><br \/>\nFormulari d&#8217;Inscripci\u00f3 per a professorat via XTEC:<a href=\"https:\/\/aplicacions.gestioeducativa.gencat.cat\/ords\/pls\/soloas\/pk_for_mod_ins.p_for_detall_activitat?p_codi=9000240014&amp;p_curs=2024-2025&amp;p_es_inscr=S\"><strong>\u00a0AQU\u00cd<\/strong><\/a><\/p>\n<p><strong>2a) Professorat de Secund\u00e0ria i Prim\u00e0ria via EXPLORATORI: del 20 al 27 de gener de 2025<br \/>\n2b) Estudiants universitaris, UPC Alumni, Altres interessats: del 18 de desembre de 2024 al 27 de gener de 2025<br \/>\n<\/strong><\/p>\n<p><strong><a href=\"https:\/\/forms.gle\/RhxPwsX3qwTF55Sz5\">Inscripcions AQU\u00cd<\/a><\/strong><br \/>\n<strong><br \/>\nPlaces limitades, per ordre d&#8217;inscripci\u00f3.<\/strong><\/p>\n","protected":false},"excerpt":{"rendered":"<p>&nbsp; &nbsp; L&#8217;hivern \u00e9s un per\u00edode amb una meteorologia particular i, a vegades, molt severa. En aquest curs es tractaran els diferents fen\u00f2mens meteorol\u00f2gics que caracteritzen aquesta estaci\u00f3 i com es mesuren i controlen. Des de la formaci\u00f3 de la neu i el gel, que no s\u00f3n m\u00e9s que una manifestaci\u00f3 de l&#8217;aigua, i el [&hellip;]<\/p>\n","protected":false},"author":1,"featured_media":5811,"comment_status":"closed","ping_status":"closed","sticky":false,"template":"","format":"standard","meta":{"_bbp_topic_count":0,"_bbp_reply_count":0,"_bbp_total_topic_count":0,"_bbp_total_reply_count":0,"_bbp_voice_count":0,"_bbp_anonymous_reply_count":0,"_bbp_topic_count_hidden":0,"_bbp_reply_count_hidden":0,"_bbp_forum_subforum_count":0,"site-sidebar-layout":"default","site-content-layout":"","ast-site-content-layout":"","site-content-style":"default","site-sidebar-style":"default","ast-global-header-display":"","ast-banner-title-visibility":"","ast-main-header-display":"","ast-hfb-above-header-display":"","ast-hfb-below-header-display":"","ast-hfb-mobile-header-display":"","site-post-title":"","ast-breadcrumbs-content":"","ast-featured-img":"","footer-sml-layout":"","theme-transparent-header-meta":"","adv-header-id-meta":"","stick-header-meta":"","header-above-stick-meta":"","header-main-stick-meta":"","header-below-stick-meta":"","astra-migrate-meta-layouts":"default","ast-page-background-enabled":"default","ast-page-background-meta":{"desktop":{"background-color":"var(--ast-global-color-5)","background-image":"","background-repeat":"repeat","background-position":"center center","background-size":"auto","background-attachment":"scroll","background-type":"","background-media":"","overlay-type":"","overlay-color":"","overlay-opacity":"","overlay-gradient":""},"tablet":{"background-color":"","background-image":"","background-repeat":"repeat","background-position":"center center","background-size":"auto","background-attachment":"scroll","background-type":"","background-media":"","overlay-type":"","overlay-color":"","overlay-opacity":"","overlay-gradient":""},"mobile":{"background-color":"","background-image":"","background-repeat":"repeat","background-position":"center center","background-size":"auto","background-attachment":"scroll","background-type":"","background-media":"","overlay-type":"","overlay-color":"","overlay-opacity":"","overlay-gradient":""}},"ast-content-background-meta":{"desktop":{"background-color":"var(--ast-global-color-4)","background-image":"","background-repeat":"repeat","background-position":"center center","background-size":"auto","background-attachment":"scroll","background-type":"","background-media":"","overlay-type":"","overlay-color":"","overlay-opacity":"","overlay-gradient":""},"tablet":{"background-color":"var(--ast-global-color-4)","background-image":"","background-repeat":"repeat","background-position":"center center","background-size":"auto","background-attachment":"scroll","background-type":"","background-media":"","overlay-type":"","overlay-color":"","overlay-opacity":"","overlay-gradient":""},"mobile":{"background-color":"var(--ast-global-color-4)","background-image":"","background-repeat":"repeat","background-position":"center center","background-size":"auto","background-attachment":"scroll","background-type":"","background-media":"","overlay-type":"","overlay-color":"","overlay-opacity":"","overlay-gradient":""}},"footnotes":""},"categories":[1],"tags":[],"class_list":["post-5810","post","type-post","status-publish","format-standard","has-post-thumbnail","hentry","category-general"],"post_mailing_queue_ids":[],"_links":{"self":[{"href":"https:\/\/serveiseducatius.xtec.cat\/garrotxa\/wp-json\/wp\/v2\/posts\/5810","targetHints":{"allow":["GET"]}}],"collection":[{"href":"https:\/\/serveiseducatius.xtec.cat\/garrotxa\/wp-json\/wp\/v2\/posts"}],"about":[{"href":"https:\/\/serveiseducatius.xtec.cat\/garrotxa\/wp-json\/wp\/v2\/types\/post"}],"author":[{"embeddable":true,"href":"https:\/\/serveiseducatius.xtec.cat\/garrotxa\/wp-json\/wp\/v2\/users\/1"}],"replies":[{"embeddable":true,"href":"https:\/\/serveiseducatius.xtec.cat\/garrotxa\/wp-json\/wp\/v2\/comments?post=5810"}],"version-history":[{"count":2,"href":"https:\/\/serveiseducatius.xtec.cat\/garrotxa\/wp-json\/wp\/v2\/posts\/5810\/revisions"}],"predecessor-version":[{"id":5813,"href":"https:\/\/serveiseducatius.xtec.cat\/garrotxa\/wp-json\/wp\/v2\/posts\/5810\/revisions\/5813"}],"wp:featuredmedia":[{"embeddable":true,"href":"https:\/\/serveiseducatius.xtec.cat\/garrotxa\/wp-json\/wp\/v2\/media\/5811"}],"wp:attachment":[{"href":"https:\/\/serveiseducatius.xtec.cat\/garrotxa\/wp-json\/wp\/v2\/media?parent=5810"}],"wp:term":[{"taxonomy":"category","embeddable":true,"href":"https:\/\/serveiseducatius.xtec.cat\/garrotxa\/wp-json\/wp\/v2\/categories?post=5810"},{"taxonomy":"post_tag","embeddable":true,"href":"https:\/\/serveiseducatius.xtec.cat\/garrotxa\/wp-json\/wp\/v2\/tags?post=5810"}],"curies":[{"name":"wp","href":"https:\/\/api.w.org\/{rel}","templated":true}]}}