{"id":5769,"date":"2024-12-05T14:17:47","date_gmt":"2024-12-05T13:17:47","guid":{"rendered":"https:\/\/serveiseducatius.xtec.cat\/garrotxa\/?p=5769"},"modified":"2024-12-05T17:25:17","modified_gmt":"2024-12-05T16:25:17","slug":"presentacio-dels-treballs-i-projectes-guanyadors-salvador-reixach-2024","status":"publish","type":"post","link":"https:\/\/serveiseducatius.xtec.cat\/garrotxa\/general\/presentacio-dels-treballs-i-projectes-guanyadors-salvador-reixach-2024\/","title":{"rendered":"Presentaci\u00f3 dels treballs i projectes guanyadors Salvador Reixach 2024"},"content":{"rendered":"<p style=\"text-align: justify;\">El pr\u00f2xim divendres 13 de desembre a les 7 de la tarda a l&#8217;Espai Cr\u00e0ter d&#8217;Olot i dins el cicle, &#8220;Reptes del segle XXI&#8221;,\u00a0 farem la presentaci\u00f3 dels 11 treballs i projectes guanyadors dels premis Salvador Reixach 2024, a c\u00e0rrec dels seus propis autors\/es. En concret, s&#8217;exposaran els seg\u00fcents treballs i projectes:<strong>\u00a0 \u00a0 \u00a0 \u00a0 \u00a0 \u00a0 \u00a0 \u00a0 \u00a0 \u00a0 \u00a0 \u00a0 \u00a0 \u00a0 \u00a0 \u00a0 \u00a0 \u00a0 \u00a0 \u00a0 \u00a0 \u00a0 \u00a0 \u00a0 \u00a0 \u00a0 \u00a0 \u00a0 \u00a0 \u00a0 \u00a0 \u00a0 \u00a0 \u00a0 \u00a0 \u00a0 \u00a0 \u00a0<\/strong><\/p>\n<p style=\"text-align: left;\"><strong>-BATXILLERAT-<\/strong><\/p>\n<p style=\"text-align: justify;\"><u>MODALITAT 2a REP\u00daBLICA, GUERRA CIVIL I FRANQUISME<\/u><\/p>\n<p style=\"text-align: justify;\">Millor treball:\u00a0<strong>\u00a0 Les dones de Lloret de Mar durant el franquisme\u00a0<\/strong><\/p>\n<p style=\"text-align: justify;\">Autora<strong>: Luc\u00eda Mart\u00ednez Garc\u00eda<\/strong><\/p>\n<p>&nbsp;<\/p>\n<p><u>MODALITAT CI\u00c8NCIES SOCIALS<\/u><\/p>\n<p>Millor treball:\u00a0<strong>\u00a0Entre el martell i l\u2019enclusa. Evoluci\u00f3 de l\u2019ofici de ferrer a trav\u00e9s de l\u2019estudi de la fam\u00edlia Portella de Banyoles<\/strong><\/p>\n<p>Autora:<strong>\u00a0Paula Portella Colomer<\/strong><\/p>\n<p>&nbsp;<\/p>\n<p><u style=\"font-family: inherit; font-size: 1em;\">MODALITAT D&#8217;ARTS I DISSENY<\/u><\/p>\n<div>Millor treball<strong>:\u00a0 La fotografia anal\u00f2gica. Els secrets que guarden les sals de plata<\/strong><\/div>\n<div>Autora<strong>: Laura Feixas Rami\u00f3<\/strong><\/div>\n<p>&nbsp;<\/p>\n<p><u>MODALITAT D&#8217;HUMANITATS<\/u><\/p>\n<p>Millor treball<strong>:\u00a0 Descosint \u00a0Frankenstein\u00a0<\/strong><\/p>\n<div>Autora<strong>: Tura Masias Vidal<\/strong><\/div>\n<p>&nbsp;<\/p>\n<p><strong>-CICLES FORMATIUS-<\/strong><\/p>\n<p><u>MODALITAT D&#8217;ARTS, COMUNICACI\u00d3 I MODA<\/u><\/p>\n<p>Millors projectes (ex aequo) per: <strong>OBSERVATION GAME, Where is the anchor\u2026?<\/strong><\/p>\n<p>Autora:<strong>\u00a0\u00a0Laura Lin Iglesias Justicia<\/strong><\/p>\n<p><strong>FESTIVAL TEMPORADA ALTA<\/strong><\/p>\n<p>Autora:<strong>\u00a0Irene Casals Porteria<\/strong><\/p>\n<p>&nbsp;<\/p>\n<div><u>MODALITAT D&#8217;EMPRENEDORIA SOCIAL I D&#8217;EMPRESA<\/u><\/div>\n<div><\/div>\n<p>Millor projecte:<strong> JAQ EGGS SL, producci\u00f3 d\u2019ous de gallina SPF<\/strong><\/p>\n<p>Autors:<strong>\u00a0 Quim Riera Busquets, Arnau Casadevall Mejias i Jordi Giralt Lorente<\/strong><strong>\u00a0<\/strong><\/p>\n<p>&nbsp;<\/p>\n<p><u>MODALITAT D&#8217;AN\u00c0LISI I GESTI\u00d3<\/u><\/p>\n<p>Millor projecte:<strong>\u00a0DAS BISCUITS SL<\/strong><\/p>\n<p>Autores:\u00a0<strong>\u00a0Soraya Izmar Chemlali,\u00a0Astrid Salgado Padilla, Dilpreet Kaur Kumar<\/strong><strong>\u00a0<\/strong><\/p>\n<p>&nbsp;<\/p>\n<p><u>MILLOR TREBALL COMARCAL\u00a0<\/u><\/p>\n<p>Millor treball:\u00a0<strong>Accident o sabotatge? El descarrilament del tren d\u2019Olot l\u2019any 1946 \u00a0\u00a0<\/strong><\/p>\n<p>Autor:<strong>\u00a0Aniol Sucarrats Costa<\/strong><\/p>\n<p>&nbsp;<\/p>\n<p><u>MILLOR TREBALL BIOGR\u00c0FIC<\/u><\/p>\n<p>Millor treball: <strong>L\u2019AVI QUIM, una joventut robada<\/strong><\/p>\n<p>Autora:\u00a0<strong>N\u00faria Planells Dom\u00e8nech<\/strong><\/p>\n<p>&nbsp;<\/p>\n<p><u>MILLOR TREBALL TEM\u00c0TICA EDUCATIVA<\/u><\/p>\n<p>Millor treball: \u00a0<strong>El ball d\u2019aprendre: L\u2019aprenentatge a trav\u00e9s de la dansa\u00a0<\/strong><\/p>\n<p>Autora:<strong>\u00a0Jana Calafell P\u00e9rez<\/strong><img loading=\"lazy\" decoding=\"async\" class=\"aligncenter size-large wp-image-5770\" src=\"https:\/\/serveiseducatius.xtec.cat\/garrotxa\/wp-content\/uploads\/usu774\/2024\/12\/premis-salvador-reixat-2024-1024x574.jpg\" alt=\"\" width=\"1024\" height=\"574\" srcset=\"https:\/\/serveiseducatius.xtec.cat\/garrotxa\/wp-content\/uploads\/usu774\/2024\/12\/premis-salvador-reixat-2024-1024x574.jpg 1024w, https:\/\/serveiseducatius.xtec.cat\/garrotxa\/wp-content\/uploads\/usu774\/2024\/12\/premis-salvador-reixat-2024-300x168.jpg 300w, https:\/\/serveiseducatius.xtec.cat\/garrotxa\/wp-content\/uploads\/usu774\/2024\/12\/premis-salvador-reixat-2024-768x431.jpg 768w, https:\/\/serveiseducatius.xtec.cat\/garrotxa\/wp-content\/uploads\/usu774\/2024\/12\/premis-salvador-reixat-2024-1536x862.jpg 1536w, https:\/\/serveiseducatius.xtec.cat\/garrotxa\/wp-content\/uploads\/usu774\/2024\/12\/premis-salvador-reixat-2024.jpg 1920w\" sizes=\"auto, (max-width: 1024px) 100vw, 1024px\" \/><\/p>\n","protected":false},"excerpt":{"rendered":"<p>El pr\u00f2xim divendres 13 de desembre a les 7 de la tarda a l&#8217;Espai Cr\u00e0ter d&#8217;Olot i dins el cicle, &#8220;Reptes del segle XXI&#8221;,\u00a0 farem la presentaci\u00f3 dels 11 treballs i projectes guanyadors dels premis Salvador Reixach 2024, a c\u00e0rrec dels seus propis autors\/es. En concret, s&#8217;exposaran els seg\u00fcents treballs i projectes:\u00a0 \u00a0 \u00a0 \u00a0 [&hellip;]<\/p>\n","protected":false},"author":1,"featured_media":5770,"comment_status":"closed","ping_status":"closed","sticky":false,"template":"","format":"standard","meta":{"_bbp_topic_count":0,"_bbp_reply_count":0,"_bbp_total_topic_count":0,"_bbp_total_reply_count":0,"_bbp_voice_count":0,"_bbp_anonymous_reply_count":0,"_bbp_topic_count_hidden":0,"_bbp_reply_count_hidden":0,"_bbp_forum_subforum_count":0,"site-sidebar-layout":"default","site-content-layout":"","ast-site-content-layout":"","site-content-style":"default","site-sidebar-style":"default","ast-global-header-display":"","ast-banner-title-visibility":"","ast-main-header-display":"","ast-hfb-above-header-display":"","ast-hfb-below-header-display":"","ast-hfb-mobile-header-display":"","site-post-title":"","ast-breadcrumbs-content":"","ast-featured-img":"","footer-sml-layout":"","theme-transparent-header-meta":"","adv-header-id-meta":"","stick-header-meta":"","header-above-stick-meta":"","header-main-stick-meta":"","header-below-stick-meta":"","astra-migrate-meta-layouts":"default","ast-page-background-enabled":"default","ast-page-background-meta":{"desktop":{"background-color":"var(--ast-global-color-5)","background-image":"","background-repeat":"repeat","background-position":"center center","background-size":"auto","background-attachment":"scroll","background-type":"","background-media":"","overlay-type":"","overlay-color":"","overlay-opacity":"","overlay-gradient":""},"tablet":{"background-color":"","background-image":"","background-repeat":"repeat","background-position":"center center","background-size":"auto","background-attachment":"scroll","background-type":"","background-media":"","overlay-type":"","overlay-color":"","overlay-opacity":"","overlay-gradient":""},"mobile":{"background-color":"","background-image":"","background-repeat":"repeat","background-position":"center center","background-size":"auto","background-attachment":"scroll","background-type":"","background-media":"","overlay-type":"","overlay-color":"","overlay-opacity":"","overlay-gradient":""}},"ast-content-background-meta":{"desktop":{"background-color":"var(--ast-global-color-4)","background-image":"","background-repeat":"repeat","background-position":"center center","background-size":"auto","background-attachment":"scroll","background-type":"","background-media":"","overlay-type":"","overlay-color":"","overlay-opacity":"","overlay-gradient":""},"tablet":{"background-color":"var(--ast-global-color-4)","background-image":"","background-repeat":"repeat","background-position":"center center","background-size":"auto","background-attachment":"scroll","background-type":"","background-media":"","overlay-type":"","overlay-color":"","overlay-opacity":"","overlay-gradient":""},"mobile":{"background-color":"var(--ast-global-color-4)","background-image":"","background-repeat":"repeat","background-position":"center center","background-size":"auto","background-attachment":"scroll","background-type":"","background-media":"","overlay-type":"","overlay-color":"","overlay-opacity":"","overlay-gradient":""}},"footnotes":""},"categories":[1],"tags":[],"class_list":["post-5769","post","type-post","status-publish","format-standard","has-post-thumbnail","hentry","category-general"],"post_mailing_queue_ids":[],"_links":{"self":[{"href":"https:\/\/serveiseducatius.xtec.cat\/garrotxa\/wp-json\/wp\/v2\/posts\/5769","targetHints":{"allow":["GET"]}}],"collection":[{"href":"https:\/\/serveiseducatius.xtec.cat\/garrotxa\/wp-json\/wp\/v2\/posts"}],"about":[{"href":"https:\/\/serveiseducatius.xtec.cat\/garrotxa\/wp-json\/wp\/v2\/types\/post"}],"author":[{"embeddable":true,"href":"https:\/\/serveiseducatius.xtec.cat\/garrotxa\/wp-json\/wp\/v2\/users\/1"}],"replies":[{"embeddable":true,"href":"https:\/\/serveiseducatius.xtec.cat\/garrotxa\/wp-json\/wp\/v2\/comments?post=5769"}],"version-history":[{"count":5,"href":"https:\/\/serveiseducatius.xtec.cat\/garrotxa\/wp-json\/wp\/v2\/posts\/5769\/revisions"}],"predecessor-version":[{"id":5781,"href":"https:\/\/serveiseducatius.xtec.cat\/garrotxa\/wp-json\/wp\/v2\/posts\/5769\/revisions\/5781"}],"wp:featuredmedia":[{"embeddable":true,"href":"https:\/\/serveiseducatius.xtec.cat\/garrotxa\/wp-json\/wp\/v2\/media\/5770"}],"wp:attachment":[{"href":"https:\/\/serveiseducatius.xtec.cat\/garrotxa\/wp-json\/wp\/v2\/media?parent=5769"}],"wp:term":[{"taxonomy":"category","embeddable":true,"href":"https:\/\/serveiseducatius.xtec.cat\/garrotxa\/wp-json\/wp\/v2\/categories?post=5769"},{"taxonomy":"post_tag","embeddable":true,"href":"https:\/\/serveiseducatius.xtec.cat\/garrotxa\/wp-json\/wp\/v2\/tags?post=5769"}],"curies":[{"name":"wp","href":"https:\/\/api.w.org\/{rel}","templated":true}]}}