{"id":5744,"date":"2024-12-05T10:46:26","date_gmt":"2024-12-05T09:46:26","guid":{"rendered":"https:\/\/serveiseducatius.xtec.cat\/garrotxa\/?p=5744"},"modified":"2024-12-05T10:46:26","modified_gmt":"2024-12-05T09:46:26","slug":"xxx-concurs-el-gust-per-la-lectura","status":"publish","type":"post","link":"https:\/\/serveiseducatius.xtec.cat\/garrotxa\/general\/xxx-concurs-el-gust-per-la-lectura\/","title":{"rendered":"XXX Concurs El gust per la lectura"},"content":{"rendered":"<p style=\"text-align: justify;\">El Servei de Suports i Recursos Ling\u00fc\u00edstics convoca el <strong>XXX Concurs <em>El Gust per la Lectura<\/em><\/strong>, basat en una s\u00e8rie de propostes d\u2019obres a les quals s\u2019associen <strong><a href=\"https:\/\/xtec.gencat.cat\/ca\/projectes\/lectura\/gustperlalectura\/materialdidactic\/\">materials did\u00e0ctics<\/a><\/strong>, que trobareu a la<strong> <a href=\"https:\/\/xtec.gencat.cat\/ca\/projectes\/lectura\/gustperlalectura\/materialdidactic\/curs-actual\/\">p\u00e0gina web<\/a> <\/strong>del Programa \u00abEl Gust per la Lectura\u00bb. El programa El Gust per la Lectura t\u00e9 per objectiu la formaci\u00f3 de bons lectors i lectores. Es tracta que, al llarg de la seva formaci\u00f3 educativa, els nostres alumnes esdevinguin lectors competents, cr\u00edtics i capa\u00e7os de gaudir del plaer de la lectura.\u00a0 El programa\u00a0 ofereix material did\u00e0ctic al professorat, i estrat\u00e8gies i recursos per a la dinamitzaci\u00f3 de la lectura, de manera que s\u2019afavoreixi el desenvolupament de les compet\u00e8ncies liter\u00e0ria i social i ciutadana. La dinamitzaci\u00f3 de la lectura es porta a terme relacionant les obres liter\u00e0ries amb altres tipus de discursos, de formats art\u00edstics i d\u2019activitats, amb la intenci\u00f3 que el fet lector, a m\u00e9s de proporcionar sensibilitat est\u00e8tica i contribuir al creixement personal, esdevingui element potenciador del treball compartit i la construcci\u00f3 de la ciutadania. Es\u00a0preveuen dues fases: una d\u2019inscripci\u00f3 al concurs i una altra de lliurament dels treballs. S\u2019haur\u00e0 d\u2019emplenar una part del formulari en l\u00ednia en cadascuna d\u2019aquestes fases.<\/p>\n<p><img loading=\"lazy\" decoding=\"async\" class=\"aligncenter size-full wp-image-5746\" src=\"https:\/\/serveiseducatius.xtec.cat\/garrotxa\/wp-content\/uploads\/usu774\/2024\/12\/El-gust-per-la-lectura.png\" alt=\"\" width=\"699\" height=\"375\" srcset=\"https:\/\/serveiseducatius.xtec.cat\/garrotxa\/wp-content\/uploads\/usu774\/2024\/12\/El-gust-per-la-lectura.png 699w, https:\/\/serveiseducatius.xtec.cat\/garrotxa\/wp-content\/uploads\/usu774\/2024\/12\/El-gust-per-la-lectura-300x161.png 300w\" sizes=\"auto, (max-width: 699px) 100vw, 699px\" \/><\/p>\n<p style=\"text-align: justify;\"><strong>1. Fase d\u2019inscripci\u00f3<\/strong><\/p>\n<p style=\"text-align: justify;\">Per participar en el concurs, els docents hauran de formalitzar la inscripci\u00f3 accedint al\u00a0<strong><a title=\"formulari\" href=\"https:\/\/aplicacions.gestioeducativa.gencat.cat\/pls\/apex\/f?p=2010008:101:11258661828573:::::\" target=\"_blank\" rel=\"noopener\">formulari<\/a>\u00a0<\/strong>mitjan\u00e7ant el portal de centres del Departament d\u2019Educaci\u00f3 Formaci\u00f3 Professional, on tamb\u00e9 trobaran un tutorial per guiar el proc\u00e9s. El per\u00edode \u00e9s\u00a0<span class=\"ui-provider ed baw bax bay baz bba bbb bbc bbd bbe bbf bbg bbh bbi bbj bbk bbl bbm bbn bbo bbp bbq bbr bbs bbt bbu bbv bbw bbx bby bbz bca bcb bcc bcd\" dir=\"ltr\"><strong>de<\/strong><\/span><strong><span dir=\"ltr\">l\u00a0<\/span><span dir=\"ltr\">18 de novembre de 2024 al 23 de gener de 2025. <\/span><\/strong>Es far\u00e0 una inscripci\u00f3 per a cada grup classe que hi participi, amb independ\u00e8ncia de la modalitat del treball (de grup o individual). Cal fer constar el nombre d\u2019alumnes del grup classe.<\/p>\n<p style=\"text-align: justify;\"><strong>2. Fase de lliurament dels treballs<\/strong><\/p>\n<p style=\"text-align: justify;\"><strong>Per lliurar els treballs caldr\u00e0 que els centres els publiquin al seu web<\/strong>\u00a0i que omplin la segona part del formulari en l\u00ednia, adjuntant, per a cadascun, la\u00a0<a title=\"fitxa descriptiva\" href=\"https:\/\/xtec.gencat.cat\/web\/.content\/centres\/alscentres\/premis\/concurs-el-gust-per-la-lectura\/documents\/Fitxa_justif_activitat.pdf\" target=\"_blank\" rel=\"noopener\" data-saferedirecturl=\"https:\/\/www.google.com\/url?q=https:\/\/drive.google.com\/file\/d\/1r9zQCaz6sZL3EZyWz2MuGlda_8i6T5fw\/view?usp%3Dsharing&amp;source=gmail&amp;ust=1634368007555000&amp;usg=AFQjCNHbyBn77qq8ntBcyLRB1PSGUJRJBw\"><strong>fitxa descriptiva<\/strong><\/a><strong>\u00a0en format PDF<\/strong>.<\/p>\n","protected":false},"excerpt":{"rendered":"<p>El Servei de Suports i Recursos Ling\u00fc\u00edstics convoca el XXX Concurs El Gust per la Lectura, basat en una s\u00e8rie de propostes d\u2019obres a les quals s\u2019associen materials did\u00e0ctics, que trobareu a la p\u00e0gina web del Programa \u00abEl Gust per la Lectura\u00bb. El programa El Gust per la Lectura t\u00e9 per objectiu la formaci\u00f3 de [&hellip;]<\/p>\n","protected":false},"author":1,"featured_media":5745,"comment_status":"closed","ping_status":"closed","sticky":false,"template":"","format":"standard","meta":{"_bbp_topic_count":0,"_bbp_reply_count":0,"_bbp_total_topic_count":0,"_bbp_total_reply_count":0,"_bbp_voice_count":0,"_bbp_anonymous_reply_count":0,"_bbp_topic_count_hidden":0,"_bbp_reply_count_hidden":0,"_bbp_forum_subforum_count":0,"site-sidebar-layout":"default","site-content-layout":"","ast-site-content-layout":"","site-content-style":"default","site-sidebar-style":"default","ast-global-header-display":"","ast-banner-title-visibility":"","ast-main-header-display":"","ast-hfb-above-header-display":"","ast-hfb-below-header-display":"","ast-hfb-mobile-header-display":"","site-post-title":"","ast-breadcrumbs-content":"","ast-featured-img":"","footer-sml-layout":"","theme-transparent-header-meta":"","adv-header-id-meta":"","stick-header-meta":"","header-above-stick-meta":"","header-main-stick-meta":"","header-below-stick-meta":"","astra-migrate-meta-layouts":"default","ast-page-background-enabled":"default","ast-page-background-meta":{"desktop":{"background-color":"var(--ast-global-color-5)","background-image":"","background-repeat":"repeat","background-position":"center center","background-size":"auto","background-attachment":"scroll","background-type":"","background-media":"","overlay-type":"","overlay-color":"","overlay-opacity":"","overlay-gradient":""},"tablet":{"background-color":"","background-image":"","background-repeat":"repeat","background-position":"center center","background-size":"auto","background-attachment":"scroll","background-type":"","background-media":"","overlay-type":"","overlay-color":"","overlay-opacity":"","overlay-gradient":""},"mobile":{"background-color":"","background-image":"","background-repeat":"repeat","background-position":"center center","background-size":"auto","background-attachment":"scroll","background-type":"","background-media":"","overlay-type":"","overlay-color":"","overlay-opacity":"","overlay-gradient":""}},"ast-content-background-meta":{"desktop":{"background-color":"var(--ast-global-color-4)","background-image":"","background-repeat":"repeat","background-position":"center center","background-size":"auto","background-attachment":"scroll","background-type":"","background-media":"","overlay-type":"","overlay-color":"","overlay-opacity":"","overlay-gradient":""},"tablet":{"background-color":"var(--ast-global-color-4)","background-image":"","background-repeat":"repeat","background-position":"center center","background-size":"auto","background-attachment":"scroll","background-type":"","background-media":"","overlay-type":"","overlay-color":"","overlay-opacity":"","overlay-gradient":""},"mobile":{"background-color":"var(--ast-global-color-4)","background-image":"","background-repeat":"repeat","background-position":"center center","background-size":"auto","background-attachment":"scroll","background-type":"","background-media":"","overlay-type":"","overlay-color":"","overlay-opacity":"","overlay-gradient":""}},"footnotes":""},"categories":[1],"tags":[],"class_list":["post-5744","post","type-post","status-publish","format-standard","has-post-thumbnail","hentry","category-general"],"post_mailing_queue_ids":[],"_links":{"self":[{"href":"https:\/\/serveiseducatius.xtec.cat\/garrotxa\/wp-json\/wp\/v2\/posts\/5744","targetHints":{"allow":["GET"]}}],"collection":[{"href":"https:\/\/serveiseducatius.xtec.cat\/garrotxa\/wp-json\/wp\/v2\/posts"}],"about":[{"href":"https:\/\/serveiseducatius.xtec.cat\/garrotxa\/wp-json\/wp\/v2\/types\/post"}],"author":[{"embeddable":true,"href":"https:\/\/serveiseducatius.xtec.cat\/garrotxa\/wp-json\/wp\/v2\/users\/1"}],"replies":[{"embeddable":true,"href":"https:\/\/serveiseducatius.xtec.cat\/garrotxa\/wp-json\/wp\/v2\/comments?post=5744"}],"version-history":[{"count":1,"href":"https:\/\/serveiseducatius.xtec.cat\/garrotxa\/wp-json\/wp\/v2\/posts\/5744\/revisions"}],"predecessor-version":[{"id":5747,"href":"https:\/\/serveiseducatius.xtec.cat\/garrotxa\/wp-json\/wp\/v2\/posts\/5744\/revisions\/5747"}],"wp:featuredmedia":[{"embeddable":true,"href":"https:\/\/serveiseducatius.xtec.cat\/garrotxa\/wp-json\/wp\/v2\/media\/5745"}],"wp:attachment":[{"href":"https:\/\/serveiseducatius.xtec.cat\/garrotxa\/wp-json\/wp\/v2\/media?parent=5744"}],"wp:term":[{"taxonomy":"category","embeddable":true,"href":"https:\/\/serveiseducatius.xtec.cat\/garrotxa\/wp-json\/wp\/v2\/categories?post=5744"},{"taxonomy":"post_tag","embeddable":true,"href":"https:\/\/serveiseducatius.xtec.cat\/garrotxa\/wp-json\/wp\/v2\/tags?post=5744"}],"curies":[{"name":"wp","href":"https:\/\/api.w.org\/{rel}","templated":true}]}}