{"id":5706,"date":"2024-11-19T14:32:08","date_gmt":"2024-11-19T13:32:08","guid":{"rendered":"https:\/\/serveiseducatius.xtec.cat\/garrotxa\/?p=5706"},"modified":"2025-11-26T13:19:02","modified_gmt":"2025-11-26T12:19:02","slug":"3a-jornada-deducacio-i-literatura-infantil-i-juvenil-a-la-garrotxa","status":"publish","type":"post","link":"https:\/\/serveiseducatius.xtec.cat\/garrotxa\/general\/3a-jornada-deducacio-i-literatura-infantil-i-juvenil-a-la-garrotxa\/","title":{"rendered":"3a Jornada d&#8217;Educaci\u00f3 i Literatura Infantil i Juvenil a la Garrotxa"},"content":{"rendered":"<p style=\"text-align: justify;\">La tarda del dijous 14 de novembre va tenir lloc la <strong>III Jornada d\u2019Educaci\u00f3 i Literatura infantil i juvenil a la Garrotxa<\/strong>, organitzada per la Comissi\u00f3 de Biblioteca del Pla Educatiu d\u2019Entorn on participen l\u2019\u00c0rea de Cultura i Educaci\u00f3 de l\u2019Ajuntament d\u2019Olot, la biblioteca Mari\u00e0 Vayreda d\u2019Olot i el Servei Educatiu de la Garrotxa. La jornada d&#8217;aquest any s&#8217;ha centrat en la literatura i l&#8217;oralitat amb l&#8217;objectiu de donar eines i recursos al professorat per acostar la literatura oral als centres educatius. \u00c9s per aix\u00f2 que s&#8217;han portat a terme 2 tallers simultanis de dues hores per als diferents nivells educatius.<\/p>\n<p><img loading=\"lazy\" decoding=\"async\" class=\"aligncenter wp-image-5710 size-large\" src=\"https:\/\/serveiseducatius.xtec.cat\/garrotxa\/wp-content\/uploads\/usu774\/2024\/11\/PIC-INF-2-771x1024.jpg\" alt=\"\" width=\"771\" height=\"1024\" srcset=\"https:\/\/serveiseducatius.xtec.cat\/garrotxa\/wp-content\/uploads\/usu774\/2024\/11\/PIC-INF-2-771x1024.jpg 771w, https:\/\/serveiseducatius.xtec.cat\/garrotxa\/wp-content\/uploads\/usu774\/2024\/11\/PIC-INF-2-226x300.jpg 226w, https:\/\/serveiseducatius.xtec.cat\/garrotxa\/wp-content\/uploads\/usu774\/2024\/11\/PIC-INF-2-768x1021.jpg 768w, https:\/\/serveiseducatius.xtec.cat\/garrotxa\/wp-content\/uploads\/usu774\/2024\/11\/PIC-INF-2-1156x1536.jpg 1156w, https:\/\/serveiseducatius.xtec.cat\/garrotxa\/wp-content\/uploads\/usu774\/2024\/11\/PIC-INF-2.jpg 1204w\" sizes=\"auto, (max-width: 771px) 100vw, 771px\" \/><\/p>\n<p style=\"text-align: justify;\">A d&#8217;educaci\u00f3 infantil, <a href=\"https:\/\/urecerca.uvic.cat\/CawDOS\/jsf\/seleccionActividades\/seleccionActividades.jsf?id=22aed1e98b6c8cfb&amp;idioma=ca&amp;tipo=activ&amp;elmeucv=N\"><strong>Maica Bernal<\/strong>, <\/a>ha presentat el taller <em>La petita Biblioteca. L&#8217;experi\u00e8ncia liter\u00e0ria amb el moble-taller, <\/em>en aquest cas, creat per l&#8217;alumnat de NOIMA. Maica Bernal ha presentat propostes concretes que tenien en compte diferents recursos, materials i g\u00e8neres per a la transmissi\u00f3 oral. A Secund\u00e0ria, <a href=\"https:\/\/joseppedrals.com\/\"><strong>Josep Pedrals<\/strong><\/a>, amb el taller de poesia ha presentat diferents eines per transmetre a l&#8217;alumnat el plaer que comporta la interpretaci\u00f3 d&#8217;un poema.<\/p>\n<p><img loading=\"lazy\" decoding=\"async\" class=\"aligncenter wp-image-5709 size-large\" src=\"https:\/\/serveiseducatius.xtec.cat\/garrotxa\/wp-content\/uploads\/usu774\/2024\/11\/PIC-SEC-1-771x1024.jpg\" alt=\"\" width=\"771\" height=\"1024\" srcset=\"https:\/\/serveiseducatius.xtec.cat\/garrotxa\/wp-content\/uploads\/usu774\/2024\/11\/PIC-SEC-1-771x1024.jpg 771w, https:\/\/serveiseducatius.xtec.cat\/garrotxa\/wp-content\/uploads\/usu774\/2024\/11\/PIC-SEC-1-226x300.jpg 226w, https:\/\/serveiseducatius.xtec.cat\/garrotxa\/wp-content\/uploads\/usu774\/2024\/11\/PIC-SEC-1-768x1021.jpg 768w, https:\/\/serveiseducatius.xtec.cat\/garrotxa\/wp-content\/uploads\/usu774\/2024\/11\/PIC-SEC-1-1156x1536.jpg 1156w, https:\/\/serveiseducatius.xtec.cat\/garrotxa\/wp-content\/uploads\/usu774\/2024\/11\/PIC-SEC-1.jpg 1204w\" sizes=\"auto, (max-width: 771px) 100vw, 771px\" \/><\/p>\n<p style=\"text-align: justify;\">La jornada ha acabat amb una xerrada-taller obert a les fam\u00edlies, a c\u00e0rrec de <strong><a href=\"https:\/\/www.mariusserra.cat\/\">M\u00e0rius Serra<\/a><\/strong> <em>Paraules per a aules<\/em> amb diverses estrat\u00e8gies per fomentar la lectura a partir de la fascinaci\u00f3 per la paraula des de totes les perspectives. La gran majoria dels 80 participants eren docents de dins i fora de la comarca, per\u00f2 tamb\u00e9 hi han participat bibliotecaris, llibreters, t\u00e8cnics d&#8217;educaci\u00f3 i agents culturals.<\/p>\n<p><img loading=\"lazy\" decoding=\"async\" class=\"aligncenter size-large wp-image-5707\" src=\"https:\/\/serveiseducatius.xtec.cat\/garrotxa\/wp-content\/uploads\/usu774\/2024\/11\/profile-pic-jornada-1024x576.jpg\" alt=\"\" width=\"1024\" height=\"576\" srcset=\"https:\/\/serveiseducatius.xtec.cat\/garrotxa\/wp-content\/uploads\/usu774\/2024\/11\/profile-pic-jornada-1024x576.jpg 1024w, https:\/\/serveiseducatius.xtec.cat\/garrotxa\/wp-content\/uploads\/usu774\/2024\/11\/profile-pic-jornada-300x169.jpg 300w, https:\/\/serveiseducatius.xtec.cat\/garrotxa\/wp-content\/uploads\/usu774\/2024\/11\/profile-pic-jornada-768x432.jpg 768w, https:\/\/serveiseducatius.xtec.cat\/garrotxa\/wp-content\/uploads\/usu774\/2024\/11\/profile-pic-jornada-1536x864.jpg 1536w, https:\/\/serveiseducatius.xtec.cat\/garrotxa\/wp-content\/uploads\/usu774\/2024\/11\/profile-pic-jornada.jpg 2016w\" sizes=\"auto, (max-width: 1024px) 100vw, 1024px\" \/><\/p>\n<p>Agra\u00efm l&#8217;assist\u00e8ncia a tots els ponents i a les persones assistents!<\/p>\n<p><a href=\"https:\/\/drive.google.com\/drive\/folders\/1vtVIHYPTg_Zt7MvQNrxYjoiU6zW9U3jv?usp=sharing\">FOTOS DE LA JORNADA<\/a><\/p>\n","protected":false},"excerpt":{"rendered":"<p>La tarda del dijous 14 de novembre va tenir lloc la III Jornada d\u2019Educaci\u00f3 i Literatura infantil i juvenil a la Garrotxa, organitzada per la Comissi\u00f3 de Biblioteca del Pla Educatiu d\u2019Entorn on participen l\u2019\u00c0rea de Cultura i Educaci\u00f3 de l\u2019Ajuntament d\u2019Olot, la biblioteca Mari\u00e0 Vayreda d\u2019Olot i el Servei Educatiu de la Garrotxa. La [&hellip;]<\/p>\n","protected":false},"author":1,"featured_media":5713,"comment_status":"closed","ping_status":"closed","sticky":false,"template":"","format":"standard","meta":{"_bbp_topic_count":0,"_bbp_reply_count":0,"_bbp_total_topic_count":0,"_bbp_total_reply_count":0,"_bbp_voice_count":0,"_bbp_anonymous_reply_count":0,"_bbp_topic_count_hidden":0,"_bbp_reply_count_hidden":0,"_bbp_forum_subforum_count":0,"site-sidebar-layout":"default","site-content-layout":"","ast-site-content-layout":"","site-content-style":"default","site-sidebar-style":"default","ast-global-header-display":"","ast-banner-title-visibility":"","ast-main-header-display":"","ast-hfb-above-header-display":"","ast-hfb-below-header-display":"","ast-hfb-mobile-header-display":"","site-post-title":"","ast-breadcrumbs-content":"","ast-featured-img":"","footer-sml-layout":"","theme-transparent-header-meta":"","adv-header-id-meta":"","stick-header-meta":"","header-above-stick-meta":"","header-main-stick-meta":"","header-below-stick-meta":"","astra-migrate-meta-layouts":"default","ast-page-background-enabled":"default","ast-page-background-meta":{"desktop":{"background-color":"var(--ast-global-color-5)","background-image":"","background-repeat":"repeat","background-position":"center center","background-size":"auto","background-attachment":"scroll","background-type":"","background-media":"","overlay-type":"","overlay-color":"","overlay-opacity":"","overlay-gradient":""},"tablet":{"background-color":"","background-image":"","background-repeat":"repeat","background-position":"center center","background-size":"auto","background-attachment":"scroll","background-type":"","background-media":"","overlay-type":"","overlay-color":"","overlay-opacity":"","overlay-gradient":""},"mobile":{"background-color":"","background-image":"","background-repeat":"repeat","background-position":"center center","background-size":"auto","background-attachment":"scroll","background-type":"","background-media":"","overlay-type":"","overlay-color":"","overlay-opacity":"","overlay-gradient":""}},"ast-content-background-meta":{"desktop":{"background-color":"var(--ast-global-color-4)","background-image":"","background-repeat":"repeat","background-position":"center center","background-size":"auto","background-attachment":"scroll","background-type":"","background-media":"","overlay-type":"","overlay-color":"","overlay-opacity":"","overlay-gradient":""},"tablet":{"background-color":"var(--ast-global-color-4)","background-image":"","background-repeat":"repeat","background-position":"center center","background-size":"auto","background-attachment":"scroll","background-type":"","background-media":"","overlay-type":"","overlay-color":"","overlay-opacity":"","overlay-gradient":""},"mobile":{"background-color":"var(--ast-global-color-4)","background-image":"","background-repeat":"repeat","background-position":"center center","background-size":"auto","background-attachment":"scroll","background-type":"","background-media":"","overlay-type":"","overlay-color":"","overlay-opacity":"","overlay-gradient":""}},"footnotes":""},"categories":[1],"tags":[],"class_list":["post-5706","post","type-post","status-publish","format-standard","has-post-thumbnail","hentry","category-general"],"post_mailing_queue_ids":[],"_links":{"self":[{"href":"https:\/\/serveiseducatius.xtec.cat\/garrotxa\/wp-json\/wp\/v2\/posts\/5706","targetHints":{"allow":["GET"]}}],"collection":[{"href":"https:\/\/serveiseducatius.xtec.cat\/garrotxa\/wp-json\/wp\/v2\/posts"}],"about":[{"href":"https:\/\/serveiseducatius.xtec.cat\/garrotxa\/wp-json\/wp\/v2\/types\/post"}],"author":[{"embeddable":true,"href":"https:\/\/serveiseducatius.xtec.cat\/garrotxa\/wp-json\/wp\/v2\/users\/1"}],"replies":[{"embeddable":true,"href":"https:\/\/serveiseducatius.xtec.cat\/garrotxa\/wp-json\/wp\/v2\/comments?post=5706"}],"version-history":[{"count":5,"href":"https:\/\/serveiseducatius.xtec.cat\/garrotxa\/wp-json\/wp\/v2\/posts\/5706\/revisions"}],"predecessor-version":[{"id":6535,"href":"https:\/\/serveiseducatius.xtec.cat\/garrotxa\/wp-json\/wp\/v2\/posts\/5706\/revisions\/6535"}],"wp:featuredmedia":[{"embeddable":true,"href":"https:\/\/serveiseducatius.xtec.cat\/garrotxa\/wp-json\/wp\/v2\/media\/5713"}],"wp:attachment":[{"href":"https:\/\/serveiseducatius.xtec.cat\/garrotxa\/wp-json\/wp\/v2\/media?parent=5706"}],"wp:term":[{"taxonomy":"category","embeddable":true,"href":"https:\/\/serveiseducatius.xtec.cat\/garrotxa\/wp-json\/wp\/v2\/categories?post=5706"},{"taxonomy":"post_tag","embeddable":true,"href":"https:\/\/serveiseducatius.xtec.cat\/garrotxa\/wp-json\/wp\/v2\/tags?post=5706"}],"curies":[{"name":"wp","href":"https:\/\/api.w.org\/{rel}","templated":true}]}}