{"id":5696,"date":"2024-11-15T12:06:01","date_gmt":"2024-11-15T11:06:01","guid":{"rendered":"https:\/\/serveiseducatius.xtec.cat\/garrotxa\/?p=5696"},"modified":"2024-11-15T12:35:14","modified_gmt":"2024-11-15T11:35:14","slug":"crea-per-la-marato-24","status":"publish","type":"post","link":"https:\/\/serveiseducatius.xtec.cat\/garrotxa\/general\/crea-per-la-marato-24\/","title":{"rendered":"Crea per La Marat\u00f3 24"},"content":{"rendered":"<p style=\"text-align: justify;\">Aquest any, la 33a edici\u00f3 de La\u00a0Marat\u00f3\u00a0de TV3, estar\u00e0 dedicada a les malalties respirat\u00f2ries\u00a0<strong>A PLE PULM\u00d3. <\/strong>Les sessions de divulgaci\u00f3 estan adre\u00e7ades, principalment, a centres educatius de secund\u00e0ria, batxillerat, cicles formatius, i a altres entitats socials, educatives i culturals de tot Catalunya i s\u00f3n en horari de 8.00h a 20.00h. Totes les sessions segueixen un programa elaborat per la Fundaci\u00f3, i es desenvolupen amb el suport de material audiovisual creat expressament. Aix\u00ed doncs, un any m\u00e9s, iniciem la campanya de difusi\u00f3 i sensibilitzaci\u00f3 de La\u00a0Marat\u00f3, informant-vos que ja<strong>\u00a0<\/strong>podeu demanar les sessions pel vostre centre, al nostre web. Tamb\u00e9 us fem arribar\u00a0<strong>el p\u00f2ster, el d\u00edptic i les bases del concurs Crea per La Marat\u00f3,\u00a0<\/strong>aix\u00ed com\u00a0<a href=\"https:\/\/www.3cat.cat\/tv3\/marato\/sessions-divulgatives\/2024\/2870\/\" target=\"_blank\" rel=\"noopener\" data-saferedirecturl=\"https:\/\/www.google.com\/url?q=https:\/\/www.3cat.cat\/tv3\/marato\/sessions-divulgatives\/2024\/2870\/&amp;source=gmail&amp;ust=1731748418940000&amp;usg=AOvVaw34U83CLJ7_5CxqXHEvNUnk\">l\u2019enlla\u00e7<\/a>\u00a0on hi podreu trobar el material audiovisual que es reprodueix a les sessions divulgatives.<\/p>\n<p><img loading=\"lazy\" decoding=\"async\" class=\"aligncenter size-full wp-image-5697\" src=\"https:\/\/serveiseducatius.xtec.cat\/garrotxa\/wp-content\/uploads\/usu774\/2024\/11\/marato-24.png\" alt=\"\" width=\"604\" height=\"129\" srcset=\"https:\/\/serveiseducatius.xtec.cat\/garrotxa\/wp-content\/uploads\/usu774\/2024\/11\/marato-24.png 604w, https:\/\/serveiseducatius.xtec.cat\/garrotxa\/wp-content\/uploads\/usu774\/2024\/11\/marato-24-300x64.png 300w\" sizes=\"auto, (max-width: 604px) 100vw, 604px\" \/><\/p>\n<p>P\u00f2ster:\u00a0<a href=\"https:\/\/statics.3cat.cat\/multimedia\/pdf\/1\/9\/1730887697091.pdf\" data-saferedirecturl=\"https:\/\/www.google.com\/url?q=https:\/\/statics.3cat.cat\/multimedia\/pdf\/1\/9\/1730887697091.pdf&amp;source=gmail&amp;ust=1731748418940000&amp;usg=AOvVaw1VJ988zFYnqXXXzrMSbCOC\">https:\/\/statics.3cat.cat\/multimedia\/pdf\/1\/9\/1730887697091.pdf<\/a><\/p>\n<p>D\u00edptic:\u00a0\u00a0<a href=\"https:\/\/statics.3cat.cat\/multimedia\/pdf\/7\/6\/1730887713967.pdf\" data-saferedirecturl=\"https:\/\/www.google.com\/url?q=https:\/\/statics.3cat.cat\/multimedia\/pdf\/7\/6\/1730887713967.pdf&amp;source=gmail&amp;ust=1731748418940000&amp;usg=AOvVaw3xiPOZEE8h7wHUDiAE4mQK\">https:\/\/statics.3cat.cat\/multimedia\/pdf\/7\/6\/1730887713967.pdf<\/a><\/p>\n","protected":false},"excerpt":{"rendered":"<p>Aquest any, la 33a edici\u00f3 de La\u00a0Marat\u00f3\u00a0de TV3, estar\u00e0 dedicada a les malalties respirat\u00f2ries\u00a0A PLE PULM\u00d3. Les sessions de divulgaci\u00f3 estan adre\u00e7ades, principalment, a centres educatius de secund\u00e0ria, batxillerat, cicles formatius, i a altres entitats socials, educatives i culturals de tot Catalunya i s\u00f3n en horari de 8.00h a 20.00h. Totes les sessions segueixen un [&hellip;]<\/p>\n","protected":false},"author":1,"featured_media":5697,"comment_status":"closed","ping_status":"closed","sticky":false,"template":"","format":"standard","meta":{"_bbp_topic_count":0,"_bbp_reply_count":0,"_bbp_total_topic_count":0,"_bbp_total_reply_count":0,"_bbp_voice_count":0,"_bbp_anonymous_reply_count":0,"_bbp_topic_count_hidden":0,"_bbp_reply_count_hidden":0,"_bbp_forum_subforum_count":0,"site-sidebar-layout":"default","site-content-layout":"","ast-site-content-layout":"","site-content-style":"default","site-sidebar-style":"default","ast-global-header-display":"","ast-banner-title-visibility":"","ast-main-header-display":"","ast-hfb-above-header-display":"","ast-hfb-below-header-display":"","ast-hfb-mobile-header-display":"","site-post-title":"","ast-breadcrumbs-content":"","ast-featured-img":"","footer-sml-layout":"","theme-transparent-header-meta":"","adv-header-id-meta":"","stick-header-meta":"","header-above-stick-meta":"","header-main-stick-meta":"","header-below-stick-meta":"","astra-migrate-meta-layouts":"default","ast-page-background-enabled":"default","ast-page-background-meta":{"desktop":{"background-color":"var(--ast-global-color-5)","background-image":"","background-repeat":"repeat","background-position":"center center","background-size":"auto","background-attachment":"scroll","background-type":"","background-media":"","overlay-type":"","overlay-color":"","overlay-opacity":"","overlay-gradient":""},"tablet":{"background-color":"","background-image":"","background-repeat":"repeat","background-position":"center center","background-size":"auto","background-attachment":"scroll","background-type":"","background-media":"","overlay-type":"","overlay-color":"","overlay-opacity":"","overlay-gradient":""},"mobile":{"background-color":"","background-image":"","background-repeat":"repeat","background-position":"center center","background-size":"auto","background-attachment":"scroll","background-type":"","background-media":"","overlay-type":"","overlay-color":"","overlay-opacity":"","overlay-gradient":""}},"ast-content-background-meta":{"desktop":{"background-color":"var(--ast-global-color-4)","background-image":"","background-repeat":"repeat","background-position":"center center","background-size":"auto","background-attachment":"scroll","background-type":"","background-media":"","overlay-type":"","overlay-color":"","overlay-opacity":"","overlay-gradient":""},"tablet":{"background-color":"var(--ast-global-color-4)","background-image":"","background-repeat":"repeat","background-position":"center center","background-size":"auto","background-attachment":"scroll","background-type":"","background-media":"","overlay-type":"","overlay-color":"","overlay-opacity":"","overlay-gradient":""},"mobile":{"background-color":"var(--ast-global-color-4)","background-image":"","background-repeat":"repeat","background-position":"center center","background-size":"auto","background-attachment":"scroll","background-type":"","background-media":"","overlay-type":"","overlay-color":"","overlay-opacity":"","overlay-gradient":""}},"footnotes":""},"categories":[1],"tags":[],"class_list":["post-5696","post","type-post","status-publish","format-standard","has-post-thumbnail","hentry","category-general"],"post_mailing_queue_ids":[],"_links":{"self":[{"href":"https:\/\/serveiseducatius.xtec.cat\/garrotxa\/wp-json\/wp\/v2\/posts\/5696","targetHints":{"allow":["GET"]}}],"collection":[{"href":"https:\/\/serveiseducatius.xtec.cat\/garrotxa\/wp-json\/wp\/v2\/posts"}],"about":[{"href":"https:\/\/serveiseducatius.xtec.cat\/garrotxa\/wp-json\/wp\/v2\/types\/post"}],"author":[{"embeddable":true,"href":"https:\/\/serveiseducatius.xtec.cat\/garrotxa\/wp-json\/wp\/v2\/users\/1"}],"replies":[{"embeddable":true,"href":"https:\/\/serveiseducatius.xtec.cat\/garrotxa\/wp-json\/wp\/v2\/comments?post=5696"}],"version-history":[{"count":2,"href":"https:\/\/serveiseducatius.xtec.cat\/garrotxa\/wp-json\/wp\/v2\/posts\/5696\/revisions"}],"predecessor-version":[{"id":5699,"href":"https:\/\/serveiseducatius.xtec.cat\/garrotxa\/wp-json\/wp\/v2\/posts\/5696\/revisions\/5699"}],"wp:featuredmedia":[{"embeddable":true,"href":"https:\/\/serveiseducatius.xtec.cat\/garrotxa\/wp-json\/wp\/v2\/media\/5697"}],"wp:attachment":[{"href":"https:\/\/serveiseducatius.xtec.cat\/garrotxa\/wp-json\/wp\/v2\/media?parent=5696"}],"wp:term":[{"taxonomy":"category","embeddable":true,"href":"https:\/\/serveiseducatius.xtec.cat\/garrotxa\/wp-json\/wp\/v2\/categories?post=5696"},{"taxonomy":"post_tag","embeddable":true,"href":"https:\/\/serveiseducatius.xtec.cat\/garrotxa\/wp-json\/wp\/v2\/tags?post=5696"}],"curies":[{"name":"wp","href":"https:\/\/api.w.org\/{rel}","templated":true}]}}